{"id":602147,"date":"2026-07-25T19:20:15","date_gmt":"2026-07-25T19:20:15","guid":{"rendered":"https:\/\/www.europesays.com\/it\/602147\/"},"modified":"2026-07-25T19:20:15","modified_gmt":"2026-07-25T19:20:15","slug":"lo-spettro-di-baroni-abate-prova-a-scacciarlo-il-ritorno-del-castello","status":"publish","type":"post","link":"https:\/\/www.europesays.com\/it\/602147\/","title":{"rendered":"Lo spettro di Baroni, Abate prova a scacciarlo: il ritorno del castello"},"content":{"rendered":"<p>\n<a href=\"https:\/\/www.toronews.net\/calcio-mercato\/ufficiale-gabriele-ricci-torna-al-genoa-e-stato-per-un-anno-granata\/\" rel=\"nofollow noopener\" target=\"_blank\">Non volendo citare nuovamente Renato Zero<\/a>, possiamo comunque dire che <strong>i tifosi del Toro avevano cercato di dimenticare questa disposizione difensiva<\/strong>. E non perch\u00e9 sia poco efficace, anzi. Il <strong>castello<\/strong> \u00e8 una delle tecniche pi\u00f9 utilizzate nel calcio, moderno e non, in situazioni di difesa da calci piazzati. I ricordi dei granata, per\u00f2, non sono positivi. 29 settembre 2025, minuto 72: <strong>Mateo Pellegrino salta di testa su un calcio d&#8217;angolo e, a marcare, Nikola Vlasic<\/strong>. La differenza di 14 centimetri tra i due non permette al croato di impedire la rete del definitivo 2-1 per i Crociati.\n<\/p>\n<p>            Abate riprova il castello: ma la modalit\u00e0 \u00e8 ben distina&#8230;Ecco quindi che si rifanno vivi i ricordi negativi dei granata quando Abate d\u00e0 l&#8217;indicazione: <strong>&#8220;Ora proviamo il castello&#8221;.<\/strong> Le differenze tra le due tecniche difensive, per\u00f2, sono sostanziali. <strong>Intanto il contesto<\/strong>: l&#8217;episodio negativo che ricordano i tifosi granata \u00e8 legato a un calcio d&#8217;angolo. L&#8217;indicazione di Abate, invece, arriva proprio dopo aver preparato le disposizioni su calcio d&#8217;angolo, concentrandosi sulle <strong>punizioni da 18 e 30 metri<\/strong>. <strong>Quindi la disposizione<\/strong>: osservando la suddetta situazione contro il Parma, si pu\u00f2 notare come Baroni richiedesse una concentrazione quasi totale in area di rigore, con una disposizione classica: 3-4-2. Abate, fatte le dovute distinzioni a livello contestuale, ha disposto i suoi con due elementi fuori in copertura, e gli altri disposti, a partire dalla linea di porta e ad avanzare, con un <strong>4-3-1<\/strong>.<\/p>\n<p>        <img src=\"https:\/\/www.europesays.com\/it\/wp-content\/uploads\/2026\/07\/GettyImages-2287573361_risultato-2383e6a07953-1200x800.jpg\"   width=\"2560\" height=\"1707\" alt=\"Torino FC Training Camp\" title=\"Torino FC Training Camp\" loading=\"eager\" fetchpriority=\"high\" decoding=\"sync\" class=\"w-full h-auto aspect-3\/2 object-cover object-top rounded-lg\"\/><\/p>\n<p>            Le indicazioni: cosa richiede il nuovo castelloL&#8217;obiettivo del castello \u00e8 quello di <strong>ingabbiare i giocatori avversari ed essere reattivi anticipando il crosso dalla trequarti<\/strong>. Non a caso, sono arrivate frequentemente le indicazioni di Raimondi: &#8220;Non muovete il castello, non apritelo&#8221;. La richiesta del collaboratore tecnico di Abate, al di l\u00e0 della disposizione da tenere, era legata anche al tempismo, come evidenziato gi\u00e0 negli esercizi situazionali: <strong>&#8220;Teniamo la linea fino all&#8217;ultimo<\/strong>, non prima, non muoviamoci prima. Quando c&#8217;\u00e8 il movimento del piede ci muoviamo, non prima&#8221;. La composizione del castello era con <strong>una prima linea a quattro<\/strong>, composta dal terzetto difensivo pi\u00f9 il quinto opposto alla provenienza della punizione, <strong>una seconda linea a tre<\/strong>, composta dai due centrocampisti e il trequartista pi\u00f9 stazzato (Casadei) e <strong>l&#8217;attaccante a guidare la marcatura in area<\/strong>. <strong>Fuori in marcatura l&#8217;altro quinto e l&#8217;altro trequartista<\/strong>.<\/p>\n<p>\nL&#8217;obiettivo di Abate era quello di costruire una <strong>marcatura molto aggressiva, basata sull&#8217;attacco repentino del pallone<\/strong> e del movimento avversario. Non a caso, un tema molto toccato dal tecnico \u00e8 stato quello mentale: &#8220;Dentro qui c&#8217;\u00e8 da fare la guerra, <strong>far west<\/strong>&#8220;. E un apprezzamento a un singolo: &#8220;Ci vuole l&#8217;atteggiamento di Sandro&#8221;, <strong>Abate ha apprezzato la grinta e la cattiveria di Kulenovic<\/strong>, <a style=\"color: #800000;\" href=\"https:\/\/www.toronews.net\/toro\/approfondimenti\/abate-tiene-fuori-simeone-prende-piede-lipotesi-kulenovic\/\" rel=\"nofollow noopener\" target=\"_blank\">candidato per una maglia dal 1&#8242; contro il Cittadella<\/a>. La nota, forse, dolente dello schema \u00e8 la palla spizzata sul primo palo. Abate ha pi\u00f9 volte richiamato Casadei, posto in quella posizione, ricordandogli di essere nella zona pi\u00f9 pericolosa. Cos\u00ec anche le attenzioni di Paleari: &#8220;Lo sappiamo eh, <strong>la spizzata sul primo palo \u00e8 un problema del castello<\/strong>. \u00c8 chiaro, lo sappiamo&#8221;. Ora c&#8217;\u00e8 curiosit\u00e0 nel vedere questa situazione applicata in partita.<\/p>\n","protected":false},"excerpt":{"rendered":"Non volendo citare nuovamente Renato Zero, possiamo comunque dire che i tifosi del Toro avevano cercato di dimenticare&hellip;\n","protected":false},"author":3,"featured_media":602148,"comment_status":"","ping_status":"","sticky":false,"template":"","format":"standard","meta":{"footnotes":"","_share_on_mastodon":"0"},"categories":[1452],"tags":[63862,331959,331960,331961,331962,3186,841,6097,721,33853,7590,20202,47429,12128,6258,1740,5197,31150,7595,1537,90,89,4781,331956,91970,2783,809,31158,172375,25336,2176,20525,786,1739,331957,331958,245,244,38831,3375,6035,51890,29740],"class_list":["post-602147","post","type-post","status-publish","format-standard","has-post-thumbnail","category-calcio","tag-abate","tag-abate-apprezzato","tag-abate-apprezzato-grinta","tag-abate-arriva","tag-abate-arriva-preparato","tag-angolo","tag-area","tag-baroni","tag-calcio","tag-calcio-angolo","tag-casadei","tag-castello","tag-composta","tag-difensiva","tag-disposizione","tag-football","tag-granata","tag-indicazione","tag-indicazioni","tag-it","tag-italia","tag-italy","tag-linea","tag-linea-composta","tag-marcatura","tag-movimento","tag-obiettivo","tag-palo","tag-punizioni","tag-quinto","tag-ricordi","tag-sappiamo","tag-situazione","tag-soccer","tag-spizzata","tag-spizzata-palo","tag-sport","tag-sports","tag-tecniche","tag-tecnico","tag-tifosi","tag-trequarti","tag-trequartista"],"share_on_mastodon":{"url":"","error":"Validation failed: Text character limit of 500 exceeded"},"_links":{"self":[{"href":"https:\/\/www.europesays.com\/it\/wp-json\/wp\/v2\/posts\/602147","targetHints":{"allow":["GET"]}}],"collection":[{"href":"https:\/\/www.europesays.com\/it\/wp-json\/wp\/v2\/posts"}],"about":[{"href":"https:\/\/www.europesays.com\/it\/wp-json\/wp\/v2\/types\/post"}],"author":[{"embeddable":true,"href":"https:\/\/www.europesays.com\/it\/wp-json\/wp\/v2\/users\/3"}],"replies":[{"embeddable":true,"href":"https:\/\/www.europesays.com\/it\/wp-json\/wp\/v2\/comments?post=602147"}],"version-history":[{"count":0,"href":"https:\/\/www.europesays.com\/it\/wp-json\/wp\/v2\/posts\/602147\/revisions"}],"wp:featuredmedia":[{"embeddable":true,"href":"https:\/\/www.europesays.com\/it\/wp-json\/wp\/v2\/media\/602148"}],"wp:attachment":[{"href":"https:\/\/www.europesays.com\/it\/wp-json\/wp\/v2\/media?parent=602147"}],"wp:term":[{"taxonomy":"category","embeddable":true,"href":"https:\/\/www.europesays.com\/it\/wp-json\/wp\/v2\/categories?post=602147"},{"taxonomy":"post_tag","embeddable":true,"href":"https:\/\/www.europesays.com\/it\/wp-json\/wp\/v2\/tags?post=602147"}],"curies":[{"name":"wp","href":"https:\/\/api.w.org\/{rel}","templated":true}]}}