{"id":602153,"date":"2026-07-25T19:24:15","date_gmt":"2026-07-25T19:24:15","guid":{"rendered":"https:\/\/www.europesays.com\/it\/602153\/"},"modified":"2026-07-25T19:24:15","modified_gmt":"2026-07-25T19:24:15","slug":"la-prima-serata-resta-un-rito-e-lavoriamo-per-anticiparla-anche-se-oggi-ce-raiplay-maria-pia-ammirati-parla-della-nuova-stagione-tv","status":"publish","type":"post","link":"https:\/\/www.europesays.com\/it\/602153\/","title":{"rendered":"\u00abLa prima serata resta un rito e lavoriamo per anticiparla anche se oggi c\u2019\u00e8 RaiPlay\u00bb, Maria Pia Ammirati parla della nuova stagione tv"},"content":{"rendered":"<p>\n                            Il punto serale sulle notizie del giorno<br \/>\n                            <b>Iscriviti<\/b> e ricevi le notizie via email\n                        <\/p>\n<p>Le storie cambiano forma, gli schermi si moltiplicano, ma la fiction continua a essere uno dei pilastri del racconto televisivo italiano. A margine dell\u2019ultima giornata del <a href=\"https:\/\/www.ilmessaggero.it\/t\/marateale\" rel=\"nofollow noopener\" target=\"_blank\">Marateale<\/a>, la direttrice di <a href=\"https:\/\/www.ilmessaggero.it\/t\/rai-fiction\" rel=\"nofollow noopener\" target=\"_blank\">Rai Fiction<\/a> <a href=\"https:\/\/www.ilmessaggero.it\/t\/maria-pia-ammirati\" rel=\"nofollow noopener\" target=\"_blank\">Maria Pia Ammirati<\/a> traccia la rotta della nuova stagione, tra tradizione, innovazione e una serialit\u00e0 sempre pi\u00f9 pensata per vivere su piattaforme diverse.<br \/>&#13;<br \/>\n<strong>La Rai continua a puntare molto sulla prima serata, ma oggi il pubblico guarda sempre pi\u00f9 contenuti in streaming. Come convivono queste due anime?<\/strong><br \/>&#13;<br \/>\n\u00abLa prima serata di <a href=\"https:\/\/www.ilmessaggero.it\/t\/rai1\" rel=\"nofollow noopener\" target=\"_blank\">Rai1<\/a> mantiene una sua ritualit\u00e0, \u00e8 ancora un rito collettivo. Ma oggi la Rai \u00e8 una multipiattaforma: la distribuzione dei contenuti passa sia dalla televisione lineare sia da quella non lineare. La serialit\u00e0, che \u00e8 il nostro contenuto principe, \u00e8 anche il genere pi\u00f9 visto su <a href=\"https:\/\/www.ilmessaggero.it\/t\/raiplay\" rel=\"nofollow noopener\" target=\"_blank\">RaiPlay<\/a>. Il pubblico ci segue attraverso le smart tv, i dispositivi mobili o il web, quindi oggi ci sono molti modi per fruire delle nostre fiction. Il rito della prima serata resta importante, soprattutto in occasione di grandi eventi come <a href=\"https:\/\/www.ilmessaggero.it\/t\/sanremo\" rel=\"nofollow noopener\" target=\"_blank\">Sanremo<\/a> o, per quanto ci riguarda, come \u00e8 accaduto con &#8220;<a href=\"https:\/\/www.ilmessaggero.it\/t\/sandokan\" rel=\"nofollow noopener\" target=\"_blank\">Sandokan<\/a>&#8220;, ma i nostri contenuti sono disponibili su pi\u00f9 piattaforme\u00bb.<br \/>&#13;<br \/>\n<strong>Negli ultimi anni il tema dell\u2019orario di inizio delle fiction \u00e8 diventato ricorrente. Molti spettatori, ma anche diversi protagonisti delle vostre serie, chiedono una prima serata che inizi e finisca prima. \u00c8 un\u2019esigenza che condividete? C\u2019\u00e8 la volont\u00e0 di intervenire in questa direzione?<\/strong><br \/>&#13;<br \/>\n\u00abAssolutamente s\u00ec. Noi abbiamo un patto di ferro con il pubblico che segue e ama la nostra serialit\u00e0. Le esigenze dei telespettatori vengono sempre ascoltate e quella dell\u2019orario \u00e8 una priorit\u00e0 per l\u2019azienda. Come ha gi\u00e0 detto anche il nostro amministratore delegato durante la presentazione dei palinsesti, stiamo facendo tutti gli sforzi possibili per far partire prima la prima serata\u00bb.<br \/>&#13;<br \/>\n<strong>C\u2019\u00e8 un titolo della nuova stagione su cui punta maggiormente?<\/strong><br \/>&#13;<br \/>\n\u00abNon posso litigare con i miei talent, con i registi o con i produttori indipendenti. Sarebbe come chiedere a una madre quale figlio preferisce. Posso per\u00f2 dire che la composizione del palinsesto autunnale \u00e8 molto solida. Ci sono ritorni importanti come &#8220;<a href=\"https:\/\/www.ilmessaggero.it\/t\/doc\" rel=\"nofollow noopener\" target=\"_blank\">Doc<\/a>&#8220;, &#8220;<a href=\"https:\/\/www.ilmessaggero.it\/t\/teresa-battaglia\" rel=\"nofollow noopener\" target=\"_blank\">Teresa Battaglia<\/a>&#8221; e &#8220;<a href=\"https:\/\/www.ilmessaggero.it\/t\/libera\" rel=\"nofollow noopener\" target=\"_blank\">Libera<\/a>&#8220;, ma anche tante novit\u00e0: <a href=\"https:\/\/www.ilmessaggero.it\/t\/pilar-fogliati\" rel=\"nofollow noopener\" target=\"_blank\">Pilar Fogliati<\/a> con &#8220;Una piccola formalit\u00e0&#8221;, l\u2019adattamento dei libri di Andrea Vitali &#8220;Una finestra vista\u00a0lago&#8221;, &#8220;Farouk&#8221;, ispirato al caso di cronaca del piccolo Farouk Kassam, la storia del pugile <a href=\"https:\/\/www.ilmessaggero.it\/t\/patrizio-oliva\" rel=\"nofollow noopener\" target=\"_blank\">Patrizio Oliva<\/a>, e quello che considero forse l\u2019evento dell\u2019anno &#8220;La famiglia Panini&#8221;, diretto dalla giovane regista Letizia Lamartire. \u00c8 un\u2019offerta molto varia, capace di soddisfare gusti diversi\u00bb.<br \/>&#13;<br \/>\n<strong>Qual \u00e8 il segreto di una fiction di successo?<\/strong><br \/>&#13;<br \/>\n\u00abUna serie funziona quando si crea un\u2019alchimia. Tutto parte da un\u2019ottima scrittura, con sceneggiatori esperti ma anche giovanissimi che esordiscono con noi. Poi servono registi di talento, molti dei quali sono all\u2019esordio e molte sono donne, oltre ad attori che spesso abbiamo contribuito a far conoscere al grande pubblico. Il segreto \u00e8 saper riconoscere il talento fin dall\u2019inizio, a partire dalla scrittura in poi\u00bb.<br \/>&#13;<br \/>\n<strong>Le \u00e8 mai capitato di guardare una serie di un\u2019altra piattaforma e pensare: \u201cQuesta avrei voluto produrla io\u201d?<\/strong><br \/>&#13;<br \/>\n\u00abDirei di s\u00ec, qualche titolo sicuramente. <\/p>\n<p>Ma la concorrenza \u00e8 il sale del mercato: \u00e8 uno stimolo in un sistema libero, creativo e aperto. \u00c8 giusto riconoscere quando ci sono prodotti molto belli e pensare che sarebbe stato bello realizzarli\u00bb.                <\/p>\n<p>&#13;<br \/>\n                            \u00a9 RIPRODUZIONE RISERVATA&#13;<\/p>\n<p>&#13;<\/p>\n","protected":false},"excerpt":{"rendered":"Il punto serale sulle notizie del giorno Iscriviti e ricevi le notizie via email Le storie cambiano forma,&hellip;\n","protected":false},"author":3,"featured_media":602154,"comment_status":"","ping_status":"","sticky":false,"template":"","format":"standard","meta":{"footnotes":"","_share_on_mastodon":"0"},"categories":[1444],"tags":[6756,203,204,1537,90,89,331964,253],"class_list":["post-602153","post","type-post","status-publish","format-standard","has-post-thumbnail","category-tv","tag-prima-serata","tag-entertainment","tag-intrattenimento","tag-it","tag-italia","tag-italy","tag-maria-pia-ammirati","tag-tv"],"share_on_mastodon":{"url":"https:\/\/pubeurope.com\/@it\/116982256076795043","error":""},"_links":{"self":[{"href":"https:\/\/www.europesays.com\/it\/wp-json\/wp\/v2\/posts\/602153","targetHints":{"allow":["GET"]}}],"collection":[{"href":"https:\/\/www.europesays.com\/it\/wp-json\/wp\/v2\/posts"}],"about":[{"href":"https:\/\/www.europesays.com\/it\/wp-json\/wp\/v2\/types\/post"}],"author":[{"embeddable":true,"href":"https:\/\/www.europesays.com\/it\/wp-json\/wp\/v2\/users\/3"}],"replies":[{"embeddable":true,"href":"https:\/\/www.europesays.com\/it\/wp-json\/wp\/v2\/comments?post=602153"}],"version-history":[{"count":0,"href":"https:\/\/www.europesays.com\/it\/wp-json\/wp\/v2\/posts\/602153\/revisions"}],"wp:featuredmedia":[{"embeddable":true,"href":"https:\/\/www.europesays.com\/it\/wp-json\/wp\/v2\/media\/602154"}],"wp:attachment":[{"href":"https:\/\/www.europesays.com\/it\/wp-json\/wp\/v2\/media?parent=602153"}],"wp:term":[{"taxonomy":"category","embeddable":true,"href":"https:\/\/www.europesays.com\/it\/wp-json\/wp\/v2\/categories?post=602153"},{"taxonomy":"post_tag","embeddable":true,"href":"https:\/\/www.europesays.com\/it\/wp-json\/wp\/v2\/tags?post=602153"}],"curies":[{"name":"wp","href":"https:\/\/api.w.org\/{rel}","templated":true}]}}