{"id":602288,"date":"2026-07-25T21:40:16","date_gmt":"2026-07-25T21:40:16","guid":{"rendered":"https:\/\/www.europesays.com\/it\/602288\/"},"modified":"2026-07-25T21:40:16","modified_gmt":"2026-07-25T21:40:16","slug":"buone-notizie-per-fedez-il-rapper-torna-a-casa-dimesso-dallospedale-humanitas-dopo-il-ricovero","status":"publish","type":"post","link":"https:\/\/www.europesays.com\/it\/602288\/","title":{"rendered":"Buone notizie per Fedez, il rapper torna a casa: dimesso dall&#8217;ospedale Humanitas dopo il ricovero"},"content":{"rendered":"<p>Il momento di forte preoccupazione per le condizioni di salute del celebre rapper milanese Fedez si \u00e8 finalmente concluso con il ritorno alla \u2018normalit\u00e0\u2019 e il rientro nella propria abitazione, dopo giorni di apprensione per il nuovo ricovero. O almeno questo \u00e8 ci\u00f2 che riporta l&#8217;agenzia di stampa Adnkronos, facendo tirare un sospiro di sollievo ai numerosi fan ancora in apprensione.<\/p>\n<p>Come sta Fedez, gli ultimi aggiornamenti<\/p>\n<p>Le ultime notizie arrivate hanno confermato il miglioramento del quadro clinico e la fine degli accertamenti specialistici resi necessari nei giorni scorsi. Una notizia che rassicura immediatamente i fan (e i familiari ovviamente), particolarmente in ansia dopo l&#8217;ennesimo ricovero.<\/p>\n<p>Adesso Fedez \u00e8 tornato a casa. Il 36enne (diventato da pochissimo pap\u00e0 per la terza volta) \u00e8 stato dimesso ieri sera dall&#8217;ospedale Humanitas di Rozzano, nell&#8217;hinterland milanese, dove era stato ricoverato in Gastroenterologia dopo un episodio di sanguinamento che, secondo l&#8217;ANSA, sarebbe da ricondurre alla riapertura di<strong> <\/strong>una vecchia ulcera, complicazione legata all\u2019assunzione di farmaci antinfiammatori (abbiamo intervistato il Dott. Mammone che ci ha spiegato <a href=\"https:\/\/www.today.it\/gossip\/vip\/fedez-antidolorifici-rischi-stomaco.html\" target=\"_blank\" rel=\"nofollow noopener\">quali rischi si corrono facendo un uso spropositato di questi farmaci<\/a>).<\/p>\n<p><a href=\"https:\/\/www.today.it\/gossip\/vip\/fedez-antidolorifici-rischi-stomaco.html\" target=\"_blank\" rel=\"nofollow noopener\">Il lato oscuro degli antidolorifici, cosa insegna il caso Fedez? \u201cAumentano i rischi di erosioni e sanguinamenti. Meglio prendere il paracetamolo&#8221;: il parere del gastroenterologo<\/a>Gli antefatti<\/p>\n<p>Nella serata di luned\u00ec 20 luglio, Fedez era arrivato in ambulanza al Pronto soccorso del Fatebenefratelli di Milano, l&#8217;ospedale dove nel 2023 era stato operato d&#8217;urgenza per il sanguinamento di alcune ulcere.\u00a0<\/p>\n<p>Gli era stata salvata la vita, come lui stesso raccont\u00f2 uscendo dalla struttura e ringraziando medici e infermieri. Dopo un giorno di ricovero in Chirurgia, marted\u00ec 21 luglio sera l&#8217;artista ha lasciato il Fatebenefratelli per trasferirsi all&#8217;Humanitas. Ieri sera le dimissioni.\u00a0<\/p>\n<p>Si precisa che n\u00e8 il rapper n\u00e8 il suo staff n\u00e8 tanto meno i suoi familiari pi\u00f9 stretti hanno mai commentato questo ultimo episodio. Si resta, dunque, in attesa di eventuali sviluppi. L&#8217;auspicio, va da s\u00e9, \u00e8 che il cantante possa presto riprendersi e godersi anche la sua (nuova) famiglia che si \u00e8 allargata con la <a href=\"https:\/\/www.today.it\/gossip\/vip\/fedez-nato-terzo-figlio-edoardo-lupo.html\" target=\"_blank\" rel=\"nofollow noopener\">nascita del piccolo Edoardo Lupo<\/a>.\u00a0<\/p>\n<p><a href=\"https:\/\/www.today.it\/gossip\/vip\/fedez-come-sta-dimissioni-ospedale.html\" target=\"_blank\" rel=\"nofollow noopener\">Fedez in ospedale, gli ultimi aggiornamenti: &#8220;Esami con esito rassicurante&#8221;. Dimissioni sempre pi\u00f9 vicine<\/a>\u00a0 <\/p>\n","protected":false},"excerpt":{"rendered":"Il momento di forte preoccupazione per le condizioni di salute del celebre rapper milanese Fedez si \u00e8 finalmente&hellip;\n","protected":false},"author":3,"featured_media":602289,"comment_status":"","ping_status":"","sticky":false,"template":"","format":"standard","meta":{"footnotes":"","_share_on_mastodon":"0"},"categories":[1443],"tags":[332032,203,466,332025,332028,332026,332031,332030,204,1537,90,89,1538,1539,332029,332027,332033],"class_list":["post-602288","post","type-post","status-publish","format-standard","has-post-thumbnail","category-musica","tag-condizioni-fedez","tag-entertainment","tag-fedez","tag-fedez-dimesso-ospedale","tag-fedez-gastroenterologia","tag-fedez-ricoverato-humanitas","tag-fedez-ricovero-milano","tag-fedez-tornato-a-casa","tag-intrattenimento","tag-it","tag-italia","tag-italy","tag-music","tag-musica","tag-rapper-fedez-notizie","tag-salute-fedez-oggi","tag-ultime-notizie-fedez"],"share_on_mastodon":{"url":"https:\/\/pubeurope.com\/@it\/116982790623779776","error":""},"_links":{"self":[{"href":"https:\/\/www.europesays.com\/it\/wp-json\/wp\/v2\/posts\/602288","targetHints":{"allow":["GET"]}}],"collection":[{"href":"https:\/\/www.europesays.com\/it\/wp-json\/wp\/v2\/posts"}],"about":[{"href":"https:\/\/www.europesays.com\/it\/wp-json\/wp\/v2\/types\/post"}],"author":[{"embeddable":true,"href":"https:\/\/www.europesays.com\/it\/wp-json\/wp\/v2\/users\/3"}],"replies":[{"embeddable":true,"href":"https:\/\/www.europesays.com\/it\/wp-json\/wp\/v2\/comments?post=602288"}],"version-history":[{"count":0,"href":"https:\/\/www.europesays.com\/it\/wp-json\/wp\/v2\/posts\/602288\/revisions"}],"wp:featuredmedia":[{"embeddable":true,"href":"https:\/\/www.europesays.com\/it\/wp-json\/wp\/v2\/media\/602289"}],"wp:attachment":[{"href":"https:\/\/www.europesays.com\/it\/wp-json\/wp\/v2\/media?parent=602288"}],"wp:term":[{"taxonomy":"category","embeddable":true,"href":"https:\/\/www.europesays.com\/it\/wp-json\/wp\/v2\/categories?post=602288"},{"taxonomy":"post_tag","embeddable":true,"href":"https:\/\/www.europesays.com\/it\/wp-json\/wp\/v2\/tags?post=602288"}],"curies":[{"name":"wp","href":"https:\/\/api.w.org\/{rel}","templated":true}]}}