{"id":602342,"date":"2026-07-25T22:34:35","date_gmt":"2026-07-25T22:34:35","guid":{"rendered":"https:\/\/www.europesays.com\/it\/602342\/"},"modified":"2026-07-25T22:34:35","modified_gmt":"2026-07-25T22:34:35","slug":"i-white-wings-portano-a-villa-imperiale-what-ifnow-and-then-una-storia-alternativa-dedicata-ai-beatles","status":"publish","type":"post","link":"https:\/\/www.europesays.com\/it\/602342\/","title":{"rendered":"I White Wings portano a Villa Imperiale \u201cWhat if\u2026Now and then\u201d, una storia alternativa dedicata ai Beatles"},"content":{"rendered":"<p>&#13;<br \/>\n      &#13;<br \/>\n&#13;<br \/>\n     &#13;<br \/>\n        &#13;<\/p>\n<p>Sabato 25 luglio 2026, alle ore 21:30, a Villa Imperiale va in scena il concerto-spettacolo della band <strong>White Wings<\/strong> \u201cWhat if\u2026Now and then\u201d, una\u00a0storia alternativa, sospesa tra realt\u00e0 e immaginazione. Sul palco\u00a0John Lennon\u00a0e\u00a0Paul McCartney\u00a0si ritrovano idealmente negli anni Novanta e presentano al pubblico le canzoni pi\u00f9 celebri delle rispettive carriere soliste, insieme ai brani che hanno segnato l\u2019epoca dei Beatles.<\/p>\n<p>Il punto di partenza \u00e8 \u201cNow and Then\u201d, la canzone nata da una registrazione di\u00a0John Lennon\u00a0e completata molti anni dopo dagli altri componenti della band.\u00a0Gli White Wings propongono cos\u00ec un percorso attraverso due repertori solisti straordinari e il patrimonio musicale dei Beatles, reinterpretando i brani in una forma scenica originale. L\u2019obiettivo non \u00e8 soltanto riprodurre fedelmente le canzoni, ma immaginare quale atmosfera avrebbe potuto crearsi da un nuovo incontro artistico tra i due autori.<\/p>\n<p>Gli White Wings si sono costituiti nel 2013 come tribute band dedicata a\u00a0Paul McCartney. Dal 2025 il gruppo ha allargato\u00a0il suo repertorio anche\u00a0a John Lennon e\u00a0ai Beatles. La formazione vede\u00a0Mark Aixer\u00a0nel ruolo di\u00a0Paul McCartney, alla voce solista, al basso, al pianoforte e alle chitarre, mentre\u00a0Davide Canazza\u00a0interpreta\u00a0John Lennon, alternandosi tra voce, chitarre e pianoforte. Completano la formazione\u00a0Luciano Rossi, alla chitarra e al basso,\u00a0Roberto Ferrari, alle tastiere, ed\u00a0Enrico Fiorito, alla batteria.<\/p>\n<p>Info e biglietti<\/p>\n<p>La biglietteria a Villa Imperiale apre a partire dalle ore 20:00<br \/>Costo dei biglietti:intero: \u20ac 15,00 &#8211; ridotto: \u20ac 12,00<\/p>\n<p>Prevendite:<br \/>on line <a href=\"https:\/\/www.teatrogarage.it\" rel=\"nofollow noopener\" target=\"_blank\">www.teatrogarage.it<\/a> (alla voce Biglietti online)<br \/>Ufficio Teatro Garage v. Repetto n 18r canc. tel 010 511447 mercoled\u00ec e gioved\u00ec ore 14.00 &#8211; 17.00; venerd\u00ec ore 11.00 -14.00.<\/p>\n<p> &#13;<br \/>\n       &#13;<br \/>\n&#13;<br \/>\n&#13;<br \/>\n  &#13;<br \/>\n  &#13;<br \/>\n&#13;<br \/>\n&#13;<br \/>\n  &#13;<br \/>\n&#13;<br \/>\n        &#13;<br \/>\n        &#13;<br \/>\n               &#13;<br \/>\n      &#13;<br \/>\n      &#13;<br \/>\n      &#13;<br \/>\n&#13;<br \/>\n&#13;<br \/>\n            &#13;<br \/>\n   &#13;<br \/>\n&#13;<br \/>\n &#13;<br \/>\n      &#13;<br \/>\n&#13;<br \/>\n      &#13;<\/p>\n","protected":false},"excerpt":{"rendered":"&#13; &#13; &#13; &#13; &#13; Sabato 25 luglio 2026, alle ore 21:30, a Villa Imperiale va in scena&hellip;\n","protected":false},"author":3,"featured_media":602343,"comment_status":"","ping_status":"","sticky":false,"template":"","format":"standard","meta":{"footnotes":"","_share_on_mastodon":"0"},"categories":[1443],"tags":[18708,1569,203,626,204,1537,90,89,1538,1539,332059,332058,332057],"class_list":["post-602342","post","type-post","status-publish","format-standard","has-post-thumbnail","category-musica","tag-beatles","tag-concerto","tag-entertainment","tag-eventi","tag-intrattenimento","tag-it","tag-italia","tag-italy","tag-music","tag-musica","tag-ridere-dagosto-ma-anche-prima","tag-villa-imperiale","tag-white-wings"],"share_on_mastodon":{"url":"https:\/\/pubeurope.com\/@it\/116983002746452217","error":""},"_links":{"self":[{"href":"https:\/\/www.europesays.com\/it\/wp-json\/wp\/v2\/posts\/602342","targetHints":{"allow":["GET"]}}],"collection":[{"href":"https:\/\/www.europesays.com\/it\/wp-json\/wp\/v2\/posts"}],"about":[{"href":"https:\/\/www.europesays.com\/it\/wp-json\/wp\/v2\/types\/post"}],"author":[{"embeddable":true,"href":"https:\/\/www.europesays.com\/it\/wp-json\/wp\/v2\/users\/3"}],"replies":[{"embeddable":true,"href":"https:\/\/www.europesays.com\/it\/wp-json\/wp\/v2\/comments?post=602342"}],"version-history":[{"count":0,"href":"https:\/\/www.europesays.com\/it\/wp-json\/wp\/v2\/posts\/602342\/revisions"}],"wp:featuredmedia":[{"embeddable":true,"href":"https:\/\/www.europesays.com\/it\/wp-json\/wp\/v2\/media\/602343"}],"wp:attachment":[{"href":"https:\/\/www.europesays.com\/it\/wp-json\/wp\/v2\/media?parent=602342"}],"wp:term":[{"taxonomy":"category","embeddable":true,"href":"https:\/\/www.europesays.com\/it\/wp-json\/wp\/v2\/categories?post=602342"},{"taxonomy":"post_tag","embeddable":true,"href":"https:\/\/www.europesays.com\/it\/wp-json\/wp\/v2\/tags?post=602342"}],"curies":[{"name":"wp","href":"https:\/\/api.w.org\/{rel}","templated":true}]}}