{"id":602591,"date":"2026-07-26T03:26:20","date_gmt":"2026-07-26T03:26:20","guid":{"rendered":"https:\/\/www.europesays.com\/it\/602591\/"},"modified":"2026-07-26T03:26:20","modified_gmt":"2026-07-26T03:26:20","slug":"esclusiva-riccardo-pagano-il-cesena-e-a-un-passo-mancini-brucia-tutti-sul-tempo","status":"publish","type":"post","link":"https:\/\/www.europesays.com\/it\/602591\/","title":{"rendered":"ESCLUSIVA \u2013 Riccardo Pagano, il Cesena \u00e8 a un passo: Mancini brucia tutti sul tempo"},"content":{"rendered":"<p>Il <strong>Cesena<\/strong> \u00e8 vicinissimo a mettere a segno uno dei colpi pi\u00f9 interessanti di questa sessione di mercato. Secondo le ultime indiscrezioni, <strong>Riccardo Pagano<\/strong> \u00e8 ormai a un passo dal vestire la maglia bianconera.<\/p>\n<p>A risultare decisivo sarebbe stato il <strong>lavoro del direttore sportivo Mancini<\/strong>, che con un vero e proprio scatto felino ha saputo anticipare la concorrenza, piazzando l&#8217;affondo nel momento giusto e portando il Cesena nettamente in vantaggio.<\/p>\n<p>E pensare che fino a pochi giorni fa <strong>la squadra pi\u00f9 vicina al talentuoso centrocampista della Roma sembrava essere l&#8217;Empoli<\/strong>, che aveva manifestato un fortissimo interesse per il giocatore. Sul classe 2004, inoltre, si erano mossi con decisione anche S\u00fcdtirol, Padova e altri club, tutti affascinati dalle qualit\u00e0 e dal potenziale del giovane giallorosso.<\/p>\n<p>    <a href=\"https:\/\/www.gazzettaregionale.it\/nazionali\/2026\/07\/17\/news\/esclusiva-pagano-verso-l-addio-alla-roma-artico-fiuta-il-colpo-empoli-in-pole-183685\/?utm_source=VCMS_correlati\" class=\"vc_cont_image\" rel=\"nofollow noopener\" target=\"_blank\"><img decoding=\"async\" class=\"vc_image\" src=\"https:\/\/www.gazzettaregionale.it\/resizer\/150\/-1\/true\/2026_07_17\/Riccardo-Pagano-centrocampista-Roma-1784302195639.jpg--riccardo_pagano_potrebbe_presto_lasciare_la_roma.jpg?1784302195816\"\/><\/a><\/p>\n<p>Quando la corsa sembrava ancora apertissima, per\u00f2, il Cesena ha cambiato marcia. La strategia di Mancini si \u00e8 rivelata vincente: con tempestivit\u00e0 e grande abilit\u00e0 il direttore sportivo bianconero ha bruciato tutti sul tempo, compiendo il sorpasso decisivo.<\/p>\n<p>L&#8217;operazione, inoltre, avrebbe una formula che soddisfa entrambe le societ\u00e0. <strong>La Roma dovrebbe infatti mantenere una percentuale molto importante sulla futura rivendita<\/strong> del calciatore, tutelandosi su un talento nel quale continua a credere fortemente. Il Cesena, invece, si assicurerebbe a titolo definitivo il cartellino di uno dei prospetti pi\u00f9 interessanti espressi dal settore giovanile giallorosso negli ultimi anni, un investimento che testimonia la volont\u00e0 del club romagnolo di costruire il proprio futuro puntando su giovani di grande qualit\u00e0.<\/p>\n<p>Salvo clamorosi colpi di scena, la destinazione di Riccardo Pagano dovrebbe essere proprio Cesena. Un&#8217;operazione che, se confermata nelle prossime ore, rappresenterebbe un <strong>segnale forte delle ambizioni del club romagnolo<\/strong>, capace di battere una concorrenza agguerrita e di regalare a <strong>mister Diamanti<\/strong> un rinforzo di assoluto valore tecnico e prospettico.<\/p>\n<p>La sensazione \u00e8 che la fumata bianca sia ormai davvero vicina e che il Cesena stia per chiudere un colpo destinato a far parlare a lungo gli addetti ai lavori.<\/p>\n","protected":false},"excerpt":{"rendered":"Il Cesena \u00e8 vicinissimo a mettere a segno uno dei colpi pi\u00f9 interessanti di questa sessione di mercato.&hellip;\n","protected":false},"author":3,"featured_media":602592,"comment_status":"","ping_status":"","sticky":false,"template":"","format":"standard","meta":{"footnotes":"","_share_on_mastodon":"0"},"categories":[1452],"tags":[721,9120,5531,1740,1537,90,89,332198,987,1739,245,244],"class_list":["post-602591","post","type-post","status-publish","format-standard","has-post-thumbnail","category-calcio","tag-calcio","tag-cesena","tag-empoli","tag-football","tag-it","tag-italia","tag-italy","tag-riccardo-pagano","tag-roma","tag-soccer","tag-sport","tag-sports"],"share_on_mastodon":{"url":"https:\/\/pubeurope.com\/@it\/116984152175958720","error":""},"_links":{"self":[{"href":"https:\/\/www.europesays.com\/it\/wp-json\/wp\/v2\/posts\/602591","targetHints":{"allow":["GET"]}}],"collection":[{"href":"https:\/\/www.europesays.com\/it\/wp-json\/wp\/v2\/posts"}],"about":[{"href":"https:\/\/www.europesays.com\/it\/wp-json\/wp\/v2\/types\/post"}],"author":[{"embeddable":true,"href":"https:\/\/www.europesays.com\/it\/wp-json\/wp\/v2\/users\/3"}],"replies":[{"embeddable":true,"href":"https:\/\/www.europesays.com\/it\/wp-json\/wp\/v2\/comments?post=602591"}],"version-history":[{"count":0,"href":"https:\/\/www.europesays.com\/it\/wp-json\/wp\/v2\/posts\/602591\/revisions"}],"wp:featuredmedia":[{"embeddable":true,"href":"https:\/\/www.europesays.com\/it\/wp-json\/wp\/v2\/media\/602592"}],"wp:attachment":[{"href":"https:\/\/www.europesays.com\/it\/wp-json\/wp\/v2\/media?parent=602591"}],"wp:term":[{"taxonomy":"category","embeddable":true,"href":"https:\/\/www.europesays.com\/it\/wp-json\/wp\/v2\/categories?post=602591"},{"taxonomy":"post_tag","embeddable":true,"href":"https:\/\/www.europesays.com\/it\/wp-json\/wp\/v2\/tags?post=602591"}],"curies":[{"name":"wp","href":"https:\/\/api.w.org\/{rel}","templated":true}]}}