{"id":602867,"date":"2026-07-26T08:51:18","date_gmt":"2026-07-26T08:51:18","guid":{"rendered":"https:\/\/www.europesays.com\/it\/602867\/"},"modified":"2026-07-26T08:51:18","modified_gmt":"2026-07-26T08:51:18","slug":"il-vescovado-pasquale-e-alessia-coronano-il-loro-sogno-damore-il-si-ad-amalfi","status":"publish","type":"post","link":"https:\/\/www.europesays.com\/it\/602867\/","title":{"rendered":"Il Vescovado &#8211; Pasquale e Alessia coronano il loro sogno d&#8217;amore: il s\u00ec ad Amalfi"},"content":{"rendered":"<p><img decoding=\"async\" class=\"full\" src=\"https:\/\/www.europesays.com\/it\/wp-content\/uploads\/2026\/07\/pasquale-e-alessia-coronano-il-loro-sogno-d-amore-375552.webp\" alt=\"\"\/><\/p>\n<p>Ci sono incontri che nascono per caso, tra una lezione e l&#8217;altra, nei corridoi dell&#8217;universit\u00e0, e finiscono per cambiare un&#8217;intera vita. \u00c8 proprio l\u00ec che \u00e8 iniziata la storia d&#8217;amore di <strong>Pasquale Buonocore<\/strong> e <strong>Alessia De Rosa<\/strong>, culminata ieri con il loro emozionante &#8220;s\u00ec&#8221;.<\/p>\n<p>A officiare il rito \u00e8 stato don Salvatore Lucibello, amico di lunga data dello sposo, che durante l&#8217;omelia ha ricordato con affetto i momenti condivisi con Pasquale fin dall&#8217;infanzia. <\/p>\n<p>Pasquale, originario di Maiori, e Alessia, salernitana, hanno costruito il loro amore passo dopo passo. Dopo i primi anni di fidanzamento, la vita li ha condotti a Firenze, dove entrambi si sono trasferiti per motivi di lavoro, affrontando insieme nuove sfide e la lontananza dalla propria terra. Un percorso che ha rafforzato ulteriormente il loro legame, fino alla scelta di coronare il loro sogno d&#8217;amore in Costiera Amalfitana.<\/p>\n<p>Magnifica nel suo elegante abito bianco, Alessia ha percorso la navata tra gli sguardi commossi di parenti e amici. Ad attenderla, un Pasquale visibilmente emozionato, consapevole che quel momento avrebbe segnato l&#8217;inizio della loro nuova vita insieme.<\/p>\n<p>Grande la gioia dei genitori dello sposo, Carmela e Gerardo, e di quelli della sposa, Mario e Vanda. Accanto a loro anche le sorelle di Pasquale, Margherita e Chiara, e la sorella di Alessia, Annarita, con il marito Carmine e la figlia Serena.<\/p>\n<p>I festeggiamenti sono poi proseguiti a Le Nereidi, dove gli sposi hanno condiviso con parenti e amici una serata all&#8217;insegna della musica, dei brindisi e della voglia di festeggiare.<\/p>\n<p>Alla nuova coppia, gli auguri pi\u00f9 sinceri dalla redazione, affinch\u00e9 la loro vita insieme sia sempre colma di amore, serenit\u00e0 e felicit\u00e0.<\/p>\n<p><b>Se sei arrivato fino a qui<\/b>, significa che apprezzi il nostro impegno nel fornire notizie libere e accessibili a tutti.<\/p>\n<p>Per garantire un ambiente sicuro per i nostri lettori, abbiamo rimosso tutta la pubblicit\u00e0 invasiva, i cookie e i tracciamenti di terze parti.<\/p>\n<p>Tuttavia, per continuare a offrirti un&#8217;informazione di qualit\u00e0, il tuo aiuto \u00e8 fondamentale. Anche un piccolo contributo pu\u00f2 fare la differenza.<\/p>\n<p>Sostieni <b>Il Vescovado!<\/b><\/p>\n<p>Scegli il tuo contributo con <img loading=\"lazy\" decoding=\"async\" src=\"https:\/\/www.europesays.com\/it\/wp-content\/uploads\/2025\/07\/logo-paypal.webp.webp\" width=\"128\" height=\"33\" alt=\"\"\/><\/p>\n","protected":false},"excerpt":{"rendered":"Ci sono incontri che nascono per caso, tra una lezione e l&#8217;altra, nei corridoi dell&#8217;universit\u00e0, e finiscono per&hellip;\n","protected":false},"author":3,"featured_media":602868,"comment_status":"","ping_status":"","sticky":false,"template":"","format":"standard","meta":{"footnotes":"","_share_on_mastodon":"0"},"categories":[1451],"tags":[22444,22453,22456,8818,1621,1620,11693,200855,22454,6288,22457,203,626,22458,7889,204,1537,90,89,22451,22445,13750,15,477,22447,22450,22443,22452,22448,22446,22442,22455,13552,22441],"class_list":["post-602867","post","type-post","status-publish","format-standard","has-post-thumbnail","category-celebrita","tag-amalfi-news","tag-atrani","tag-attualit","tag-campania","tag-celebrita","tag-celebrities","tag-comunicazione","tag-costa-d39amalfi","tag-costa-di-amalfi","tag-costiera-amalfitana","tag-curiosit","tag-entertainment","tag-eventi","tag-il-vescovado","tag-informazione","tag-intrattenimento","tag-it","tag-italia","tag-italy","tag-maiori","tag-maiori-news","tag-minori","tag-notizie","tag-politica","tag-portale-online-della-costa-di-amalfi","tag-positano","tag-positano-news","tag-praiano","tag-provincia-di-salerno","tag-quotidiano-on-line","tag-ravello-news","tag-ricorrenze","tag-scala","tag-vescovado"],"share_on_mastodon":{"url":"","error":"Validation failed: Text character limit of 500 exceeded"},"_links":{"self":[{"href":"https:\/\/www.europesays.com\/it\/wp-json\/wp\/v2\/posts\/602867","targetHints":{"allow":["GET"]}}],"collection":[{"href":"https:\/\/www.europesays.com\/it\/wp-json\/wp\/v2\/posts"}],"about":[{"href":"https:\/\/www.europesays.com\/it\/wp-json\/wp\/v2\/types\/post"}],"author":[{"embeddable":true,"href":"https:\/\/www.europesays.com\/it\/wp-json\/wp\/v2\/users\/3"}],"replies":[{"embeddable":true,"href":"https:\/\/www.europesays.com\/it\/wp-json\/wp\/v2\/comments?post=602867"}],"version-history":[{"count":0,"href":"https:\/\/www.europesays.com\/it\/wp-json\/wp\/v2\/posts\/602867\/revisions"}],"wp:featuredmedia":[{"embeddable":true,"href":"https:\/\/www.europesays.com\/it\/wp-json\/wp\/v2\/media\/602868"}],"wp:attachment":[{"href":"https:\/\/www.europesays.com\/it\/wp-json\/wp\/v2\/media?parent=602867"}],"wp:term":[{"taxonomy":"category","embeddable":true,"href":"https:\/\/www.europesays.com\/it\/wp-json\/wp\/v2\/categories?post=602867"},{"taxonomy":"post_tag","embeddable":true,"href":"https:\/\/www.europesays.com\/it\/wp-json\/wp\/v2\/tags?post=602867"}],"curies":[{"name":"wp","href":"https:\/\/api.w.org\/{rel}","templated":true}]}}