{"id":602960,"date":"2026-07-26T10:04:15","date_gmt":"2026-07-26T10:04:15","guid":{"rendered":"https:\/\/www.europesays.com\/it\/602960\/"},"modified":"2026-07-26T10:04:15","modified_gmt":"2026-07-26T10:04:15","slug":"maratona-no-stop-di-24-ore-di-beach-volley-con-madrina-moki-de-gennaro","status":"publish","type":"post","link":"https:\/\/www.europesays.com\/it\/602960\/","title":{"rendered":"Maratona no stop di 24 ore di beach volley con madrina Moki De Gennaro"},"content":{"rendered":"<p>\n                            Alle ore 12 tutta la cronaca di Napoli<br \/>\n                            <b>Iscriviti<\/b> e ricevi le notizie via email\n                        <\/p>\n<p>Fine settimana all&#8217;insegna dello sport a <strong>Sant&#8217;Agnello<\/strong>. La cittadina cuore della penisola sorrentina ospiter\u00e0 un evento originale e di grande richiamo, non solo per gli appassionati di <strong>pallavolo<\/strong>, ma anche per i curiosi: la <strong>Maratona<\/strong> di 24h di <strong>Beach Volley<\/strong>. Il campo \u00e8 quello allestito presso l&#8217;<strong>Oasi in Citt\u00e0<\/strong>.<\/p>\n<p>Manifestazione che vedr\u00e0\u00a0la partecipazione straordinaria della campionessa olimpionica <strong>Monica Moki De Gennaro<\/strong>, divenuta <strong>cittadina onoraria<\/strong> del Comune di Sant&#8217;Agnello appena un mese fa.<\/p>\n<p>La maratona prender\u00e0 il via oggi, sabato 25 luglio, alle ore 21, per concludersi alla stessa ora di domani, domenica 26 luglio. Si tratter\u00e0 di un intenso no stop, all&#8217;insegna dello <strong>sport<\/strong>, del divertimento e della condivisione, con partite 4 contro 4 e almeno una donna sempre in campo.<\/p>\n<p>Ad aprire la manifestazione sar\u00e0 proprio la madrina dell&#8217;evento Monica De Gennaro che, insieme all&#8217;organizzazione, l&#8217;<strong>Apd\u00a0Carotenuto<\/strong>, dar\u00e0 il via alla maratona con una partita simbolica che vedr\u00e0 in campo il <strong>sindaco Antonino Coppola<\/strong> e la squadra dell&#8217;<strong>amministrazione comunale<\/strong>.<\/p>\n<p>L&#8217;evento, patrocinato dal Comune di Sant&#8217;Agnello nell&#8217;ambito delle tante attivit\u00e0 dedicate allo sport per questa estate, \u00e8 organizzato in collaborazione con diverse associazioni territoriali e offrir\u00e0 a tutti i partecipanti, come iscritti o come spettatori, un&#8217;esperienza eccezionale, nella formula e nella condivisione di emozioni.<\/p>\n<p>\u00c8 possibile assistere gratuitamente alla Maratona di Beach Volley che \u00e8 ad\u00a0ingresso libero.<\/p>\n","protected":false},"excerpt":{"rendered":"Alle ore 12 tutta la cronaca di Napoli Iscriviti e ricevi le notizie via email Fine settimana all&#8217;insegna&hellip;\n","protected":false},"author":3,"featured_media":602961,"comment_status":"","ping_status":"","sticky":false,"template":"","format":"standard","meta":{"footnotes":"","_share_on_mastodon":"0"},"categories":[1474],"tags":[2212,1537,90,89,15344,13311,28947,245,244,1869],"class_list":["post-602960","post","type-post","status-publish","format-standard","has-post-thumbnail","category-volley","tag-beach-volley","tag-it","tag-italia","tag-italy","tag-maratona","tag-monica-de-gennaro","tag-olimpiade","tag-sport","tag-sports","tag-volley"],"share_on_mastodon":{"url":"https:\/\/pubeurope.com\/@it\/116985716126880761","error":""},"_links":{"self":[{"href":"https:\/\/www.europesays.com\/it\/wp-json\/wp\/v2\/posts\/602960","targetHints":{"allow":["GET"]}}],"collection":[{"href":"https:\/\/www.europesays.com\/it\/wp-json\/wp\/v2\/posts"}],"about":[{"href":"https:\/\/www.europesays.com\/it\/wp-json\/wp\/v2\/types\/post"}],"author":[{"embeddable":true,"href":"https:\/\/www.europesays.com\/it\/wp-json\/wp\/v2\/users\/3"}],"replies":[{"embeddable":true,"href":"https:\/\/www.europesays.com\/it\/wp-json\/wp\/v2\/comments?post=602960"}],"version-history":[{"count":0,"href":"https:\/\/www.europesays.com\/it\/wp-json\/wp\/v2\/posts\/602960\/revisions"}],"wp:featuredmedia":[{"embeddable":true,"href":"https:\/\/www.europesays.com\/it\/wp-json\/wp\/v2\/media\/602961"}],"wp:attachment":[{"href":"https:\/\/www.europesays.com\/it\/wp-json\/wp\/v2\/media?parent=602960"}],"wp:term":[{"taxonomy":"category","embeddable":true,"href":"https:\/\/www.europesays.com\/it\/wp-json\/wp\/v2\/categories?post=602960"},{"taxonomy":"post_tag","embeddable":true,"href":"https:\/\/www.europesays.com\/it\/wp-json\/wp\/v2\/tags?post=602960"}],"curies":[{"name":"wp","href":"https:\/\/api.w.org\/{rel}","templated":true}]}}