{"id":603009,"date":"2026-07-26T10:39:11","date_gmt":"2026-07-26T10:39:11","guid":{"rendered":"https:\/\/www.europesays.com\/it\/603009\/"},"modified":"2026-07-26T10:39:11","modified_gmt":"2026-07-26T10:39:11","slug":"filippa-lagerback-e-daniele-bossari-la-figlia-stella-compie-23-anni-tanto-amore-da-mamma-e-papa-le-foto-da-bambina-e-la-dedica-speciale","status":"publish","type":"post","link":"https:\/\/www.europesays.com\/it\/603009\/","title":{"rendered":"Filippa Lagerback e Daniele Bossari, la figlia Stella compie 23 anni: \u00abTanto amore da mamma e pap\u00e0\u00bb. Le foto da bambina e la dedica speciale"},"content":{"rendered":"<p>&#13;<br \/>\n                               &#13;<br \/>\n                                                &#13;<br \/>\n                &#13;<\/p>\n<p>Una foto di loro tre insieme, a corredo di un&#8217;altra immagine che raffigura il disegno di una famiglia realizzato da una bambina. Cos\u00ec <strong><a href=\"https:\/\/www.leggo.it\/t\/filippa-lagerback\" rel=\"nofollow noopener\" target=\"_blank\">Filippa Lagerback<\/a><\/strong> e <strong><a href=\"https:\/\/www.leggo.it\/t\/daniele-bossari\" rel=\"nofollow noopener\" target=\"_blank\">Daniele Bossari<\/a><\/strong>, rispettivamente 52 e 51 anni, hanno deciso di augurare un buon <strong><a href=\"https:\/\/www.leggo.it\/t\/compleanno\" rel=\"nofollow noopener\" target=\"_blank\">compleanno<\/a><\/strong> alla loro figlia <strong><a href=\"https:\/\/www.leggo.it\/t\/stella\" rel=\"nofollow noopener\" target=\"_blank\">Stella<\/a><\/strong>, che ha compiuto 23 anni.\u00a0\u00abLa tua visione \u00e8 stata sempre limpida e chiara, continua cos\u00ec &#8211; si legge sotto al post pubblicato su Instagram &#8211; auguri e tanto amore da mamma e pap\u00e0\u00bb.<\/p>\n<p>&#13;<br \/>\n&#13;<br \/>\n&#13;<br \/>\n&#13;<br \/>\nChi \u00e8 Stella Bossari&#13;<br \/>\n&#13;<\/p>\n<p>Dopo aver conseguito una laurea in Media Design e Arti Multimediali alla Naba, la Nuova Accademia di Belle Arti di Milano, Stella Bossari lavora oggi come assistente alla regia.\u00a0\u00c8 stata fin da subito cresciuta lontana dai riflettori e, ancora adesso, continua a condividere ogni traguardo con i genitori a cui \u00e8 molto legata.\u00a0\u00abPer i 18 anni di mia figlia mi sono fatta io un regalo. <\/p>\n<p>L&#8217;ho rubata al mondo per quattro giorni. Siamo volate in Grecia, a Corf\u00f9, per una vacanza da sogno\u00bb, aveva raccontato il volto di Che tempo che fa. Un gesto che sottolineava il legame profondo con la figlia, da sempre festeggiata con tanto amore.\u00a0                                &#13;<br \/>\n                &#13;<br \/>\n&#13;<br \/>\n                Ultimo aggiornamento: domenica 26 luglio 2026, 11:10&#13;<br \/>\n                <br \/>&#13;<br \/>\n                &#13;<br \/>\n                  &#13;<br \/>\n                    &#13;<br \/>\n                        \u00a9 RIPRODUZIONE RISERVATA&#13;<\/p>\n<p>&#13;<\/p>\n<p>                    &#13;<\/p>\n","protected":false},"excerpt":{"rendered":"&#13; &#13; &#13; &#13; Una foto di loro tre insieme, a corredo di un&#8217;altra immagine che raffigura il&hellip;\n","protected":false},"author":3,"featured_media":603010,"comment_status":"","ping_status":"","sticky":false,"template":"","format":"standard","meta":{"footnotes":"","_share_on_mastodon":"0"},"categories":[1451],"tags":[1621,1620,5163,98972,203,83188,204,1537,90,89,332543],"class_list":["post-603009","post","type-post","status-publish","format-standard","has-post-thumbnail","category-celebrita","tag-celebrita","tag-celebrities","tag-compleanno","tag-daniele-bossari","tag-entertainment","tag-filippa-lagerback","tag-intrattenimento","tag-it","tag-italia","tag-italy","tag-stella-bossari"],"share_on_mastodon":{"url":"https:\/\/pubeurope.com\/@it\/116985854060050591","error":""},"_links":{"self":[{"href":"https:\/\/www.europesays.com\/it\/wp-json\/wp\/v2\/posts\/603009","targetHints":{"allow":["GET"]}}],"collection":[{"href":"https:\/\/www.europesays.com\/it\/wp-json\/wp\/v2\/posts"}],"about":[{"href":"https:\/\/www.europesays.com\/it\/wp-json\/wp\/v2\/types\/post"}],"author":[{"embeddable":true,"href":"https:\/\/www.europesays.com\/it\/wp-json\/wp\/v2\/users\/3"}],"replies":[{"embeddable":true,"href":"https:\/\/www.europesays.com\/it\/wp-json\/wp\/v2\/comments?post=603009"}],"version-history":[{"count":0,"href":"https:\/\/www.europesays.com\/it\/wp-json\/wp\/v2\/posts\/603009\/revisions"}],"wp:featuredmedia":[{"embeddable":true,"href":"https:\/\/www.europesays.com\/it\/wp-json\/wp\/v2\/media\/603010"}],"wp:attachment":[{"href":"https:\/\/www.europesays.com\/it\/wp-json\/wp\/v2\/media?parent=603009"}],"wp:term":[{"taxonomy":"category","embeddable":true,"href":"https:\/\/www.europesays.com\/it\/wp-json\/wp\/v2\/categories?post=603009"},{"taxonomy":"post_tag","embeddable":true,"href":"https:\/\/www.europesays.com\/it\/wp-json\/wp\/v2\/tags?post=603009"}],"curies":[{"name":"wp","href":"https:\/\/api.w.org\/{rel}","templated":true}]}}