{"id":603364,"date":"2026-07-26T15:58:13","date_gmt":"2026-07-26T15:58:13","guid":{"rendered":"https:\/\/www.europesays.com\/it\/603364\/"},"modified":"2026-07-26T15:58:13","modified_gmt":"2026-07-26T15:58:13","slug":"mads-pedersen-vicino-a-conquistare-la-maglia-verde-al-tour-il-danese-puo-completare-il-tris-nei-grandi-giri","status":"publish","type":"post","link":"https:\/\/www.europesays.com\/it\/603364\/","title":{"rendered":"Mads Pedersen vicino a conquistare la maglia verde al Tour. Il danese pu\u00f2 completare il tris nei Grandi Giri"},"content":{"rendered":"<p><strong>Mads Pedersen<\/strong> \u00e8 ormai prossimo a conquistare la <strong>classifica a punti nella centotredicesima edizione del Tour de France 2026.<\/strong> Il danese ha costruito in venti tappe un bottino di 527 punti, conquistando ieri anche lo Sprint Intermedio nel tappone di montagna con arrivo sull\u2019Alpe d\u2019Huez. Al portacolori della Lidl-Trek baster\u00e0 quindi terminare l\u2019ultima tappa di Parigi per ottenere un risultato storico.<\/p>\n<p>Jasper Philipsen, fermo a 445 punti, non riuscir\u00e0 infatti a sopravanzare Pedersen che per\u00f2 deve aspettare la fine della frazione finale per festeggiare. Il danese, con un\u2019unica vittoria nella quarta tappa, \u00e8 quindi vicino a conquistare <strong>la maglia verde per la prima volta in carriera al Tour de France.<\/strong> L\u2019ex campione del mondo potrebbe quindi completare uno splendido tris.<\/p>\n<p>Pedersen infatti \u00e8 pronto a diventare<strong> uno dei sei corridori della storia ad aver conquistato la classifica a punti in tutti e tre i Grandi Giri<\/strong>. Il classe 1995 aveva aperto i giochi alla Vuelta a Espa\u00f1a 2022, prima di indossare la maglia ciclamino nel Giro d\u2019Italia 2025. Un anno dopo il danese \u00e8 pronto a completare alla Grande Boucle il tris <strong>raggiungendo campioni come Eddy Merckx<\/strong>, Djamolidine Abdoujaparov, Laurent Jalabert, Alessandro Petacchi e Mark Cavendish. Un risultato storico che conferma le numerose abilit\u00e0 di Pedersen, sempre pi\u00f9 immagine di versatilit\u00e0 ciclistica.<\/p>\n","protected":false},"excerpt":{"rendered":"Mads Pedersen \u00e8 ormai prossimo a conquistare la classifica a punti nella centotredicesima edizione del Tour de France&hellip;\n","protected":false},"author":3,"featured_media":603365,"comment_status":"","ping_status":"","sticky":false,"template":"","format":"standard","meta":{"footnotes":"","_share_on_mastodon":"0"},"categories":[1456],"tags":[1824,1825,1537,90,89,29893,245,244,26869],"class_list":["post-603364","post","type-post","status-publish","format-standard","has-post-thumbnail","category-ciclismo","tag-ciclismo","tag-cycling","tag-it","tag-italia","tag-italy","tag-mads-pedersen","tag-sport","tag-sports","tag-tour-de-france-2026"],"share_on_mastodon":{"url":"https:\/\/pubeurope.com\/@it\/116987108058714419","error":""},"_links":{"self":[{"href":"https:\/\/www.europesays.com\/it\/wp-json\/wp\/v2\/posts\/603364","targetHints":{"allow":["GET"]}}],"collection":[{"href":"https:\/\/www.europesays.com\/it\/wp-json\/wp\/v2\/posts"}],"about":[{"href":"https:\/\/www.europesays.com\/it\/wp-json\/wp\/v2\/types\/post"}],"author":[{"embeddable":true,"href":"https:\/\/www.europesays.com\/it\/wp-json\/wp\/v2\/users\/3"}],"replies":[{"embeddable":true,"href":"https:\/\/www.europesays.com\/it\/wp-json\/wp\/v2\/comments?post=603364"}],"version-history":[{"count":0,"href":"https:\/\/www.europesays.com\/it\/wp-json\/wp\/v2\/posts\/603364\/revisions"}],"wp:featuredmedia":[{"embeddable":true,"href":"https:\/\/www.europesays.com\/it\/wp-json\/wp\/v2\/media\/603365"}],"wp:attachment":[{"href":"https:\/\/www.europesays.com\/it\/wp-json\/wp\/v2\/media?parent=603364"}],"wp:term":[{"taxonomy":"category","embeddable":true,"href":"https:\/\/www.europesays.com\/it\/wp-json\/wp\/v2\/categories?post=603364"},{"taxonomy":"post_tag","embeddable":true,"href":"https:\/\/www.europesays.com\/it\/wp-json\/wp\/v2\/tags?post=603364"}],"curies":[{"name":"wp","href":"https:\/\/api.w.org\/{rel}","templated":true}]}}