{"id":603486,"date":"2026-07-26T17:36:17","date_gmt":"2026-07-26T17:36:17","guid":{"rendered":"https:\/\/www.europesays.com\/it\/603486\/"},"modified":"2026-07-26T17:36:17","modified_gmt":"2026-07-26T17:36:17","slug":"morte-fakir-a-bologna-il-corteo-assegnata-la-scorta-al-sindaco-lepore-dopo-minacce","status":"publish","type":"post","link":"https:\/\/www.europesays.com\/it\/603486\/","title":{"rendered":"Morte Fakir, a Bologna il corteo. Assegnata la scorta al sindaco Lepore dopo minacce"},"content":{"rendered":"<p>Al Pilastro un corteo per ricordare il 42enne morto domenica scorsa durante un fermo di polizia: dopo gli scontri di luned\u00ec attenzione massima delle forze dell\u2019ordine, ma nessun allarme. Scontro sul video che mostra l\u2019uomo dopo il decesso con una pozza di sangue sotto la testa<\/p>\n<p>&#8220;Attenzione massima&#8221; ma nessun allarme da parte delle forze dell&#8217;ordine per il corteo che ha preso via nel tardo pomeriggio al Pilastro in ricordo di Abderrahim Fakir, il 42enne morto domenica scorsa durante un fermo di polizia. A una settimana dagli scontri tra manifestanti e forze dell&#8217;ordine nel centro di Bologna, secondo quanto si apprende, non ci sono elementi che facciano ritenere concreto un rischio di particolari criticit\u00e0 o disordini. Intanto non si placano le polemiche dopo la diffusione di un nuovo video in cui si vede l\u2019uomo dopo il decesso, supino, con la bocca spalancata e una pozza di sangue sotto la testa. E, secondo quanto riportano alcuni quotidiani, la Prefettura di Bologna ha deciso di assegnare la scorta al sindaco Matteo Lepore in seguito alle minacce comparse sui social nei giorni scorsi in seguito alla morte di Fakir.\u00a0<\/p>\n<p>\t\t \t&#8220;Giustizia per Fakir&#8221;<\/p>\n<p>Si \u00e8 aperto con un minuto di silenzio, durante il quale tutti i presenti si sono inginocchiati con il pugno chiuso verso il cielo, ricordando George Floyd, il corteo in memoria di Abderrahim Fakir al Pilastro. &#8220;Giustizia per Fakir&#8221; \u00e8 il coro che ha accompagnato la partenza della manifestazione, organizzata da Potere al Popolo, Usb, Comitato Popolare Pilastro, collettivo Plat, oltre che dalla comunit\u00e0 marocchina. Il corteo percorre via Italo Svevo e tutte le vie del Pilastro per poi tornare all&#8217;angolo tra via Italo Svevo e via Alfredo Panzini, dove \u00e8 morto Fakir.\u00a0<\/p>\n<p>Le misure di sicurezza per il corteo<\/p>\n<p>Non ci sarebbero segnali di attivit\u00e0 o proteste particolari da parte di antagonisti o attivisti dei centri sociali, molto presenti nel quartiere multietnico e popolare del Pilastro. Per il presidio dell&#8217;ordine pubblico \u00e8 stato comunque schierato un numero congruo di agenti, soprattutto dopo i disordini andati in scena luned\u00ec scorso nel centro di Bologna, dove un gruppo di manifestanti, tra cui antagonisti e appartenenti all&#8217;area dei collettivi e dei centri sociali, ha dato vita a una lunga guerriglia urbana, impegnando le forze dell&#8217;ordine per diverse ore e provocando ingenti danni tra vetrine, arredi urbani e mezzi, oltre al ferimento di 64 agenti. Oggi al Pilastro sono stati impiegati anche la Digos e i reparti mobili e, come di consueto, sono arrivati rinforzi da fuori regione. Dalla questura, tuttavia, precisano che si tratta di una modalit\u00e0 operativa ordinaria e non legata a uno specifico allarme.<\/p>\n<p>\t\t\t<a class=\"c-inline-card j-inline-card c-inline-card--with-image\" href=\"https:\/\/tg24.sky.it\/cronaca\/video\/2026\/07\/26\/fakir-sorella-chiede-non-ci-sia-vendetta-non-ci-sia-caos-1114211\" rel=\"follow nofollow noopener\" data-intcmp=\"skytg24_articolo_approfondimenti_inline\" target=\"_blank\"><\/p>\n<p>\t\t\t         <img decoding=\"async\" crossorigin=\"anonymous\" alt=\"\" src=\"https:\/\/www.europesays.com\/it\/wp-content\/uploads\/2026\/07\/1114211_1785012348706_thumb_494.0000001_1785044614273.jpg\"  loading=\"lazy\"  bad-src=\"https:\/\/www.europesays.com\/it\/wp-content\/uploads\/2026\/07\/1114211_1785012348706_thumb_494.0000001_1785044614273.jpg\"\/><\/p>\n<p>\n\t\t\t         Vedi anche<br \/>\n\t\t\t         Fakir, sorella chiede &#8220;non ci sia vendetta, non ci sia caos&#8221;\n\t\t\t      <\/p>\n<p>\t\t\t<\/a><\/p>\n<p>\t\t \tIl video con la chiazza di sangue<\/p>\n<p>&#8220;Prima di essere sbattuto per terra, il volto e la testa di Fakir erano integri&#8221;, dice il legale dell&#8217;uomo, Fabio Anselmo, spiegando poi che non \u00e8 in grado di interpretare la presenza del sangue &#8220;perch\u00e9 non faccio ricostruzioni medico-legali&#8221;. &#8220;Si \u00e8 ferito alla nuca strisciando per terra&#8221;, replica l&#8217;avvocato dei poliziotti iscritti nel registro 45 bis per la morte del 42enne. A far discutere \u00e8 il video, anche questo registrato dalla finestra di uno degli appartamenti di via Svevo, in cui vengono mostrate le fasi successive alla morte di Fakir. Una agente della scientifica si avvicina al corpo, ancora avvolto nel lenzuolo e con le caviglie legate &#8211; cos\u00ec come era stato durante il fermo &#8211; e lo scopre. Sotto la nuca \u00e8 evidente una pozza di sangue che sembra partire proprio dal cranio. Ipotesi che ha acceso, inevitabilmente, un intenso botta e risposta tra la difesa di Fakir e quella degli agenti di polizia che hanno immobilizzato l&#8217;uomo domenica scorsa. &#8220;Come ci \u00e8 finito tutto quel sangue nei polmoni? L&#8217;ha inalato perch\u00e9 l&#8217;hanno battuto. Non \u00e8 sangue esterno. Cosa c&#8217;entra la cocaina? La cocaina non provoca tutto questo&#8221;, afferma Fabio Anselmo. La chiazza di sangue, replica Gabriele Bordoni, arriva &#8220;dalla nuca&#8221;, che la vittima si ferisce &#8220;strisciando per terra&#8221;, mentre quelli sul volto sono i &#8220;rivoli scivolati in avanti quando era col viso all&#8217;ingi\u00f9&#8221;. &#8220;C&#8217;\u00e8 un&#8217;unica ferita che si provoca Fakir, mentre \u00e8 trattenuto&#8221;, spiega l&#8217;avvocato, ed \u00e8 &#8220;alla nuca&#8221;, quando morde la gamba dell&#8217;agente, &#8220;striscia per terra e si graffia. Poi con lo spray si ritrae velocemente e nel tirarsi indietro va nuovamente a ferirsi la nuca&#8221;. Ricostruzioni che, evidentemente, finiranno al vaglio degli investigatori che stanno cercando di ricostruire con esattezza modalit\u00e0 e tempistiche di quanto accaduto nel pomeriggio di domenica scorsa.<\/p>\n<p>\t\t\t<a class=\"c-inline-card j-inline-card c-inline-card--with-image\" href=\"https:\/\/tg24.sky.it\/cronaca\/2026\/07\/25\/bologna-fakir-lepore-ultime-news\" rel=\"follow nofollow noopener\" data-intcmp=\"skytg24_articolo_approfondimenti_inline\" target=\"_blank\"><\/p>\n<p>\t\t\t         <img decoding=\"async\" crossorigin=\"anonymous\" alt=\"\" src=\"https:\/\/www.europesays.com\/it\/wp-content\/uploads\/2026\/07\/1784535972_10_01_ansa_uomo_morto_bologna_polizia.JPG\"  loading=\"lazy\"  bad-src=\"https:\/\/www.europesays.com\/it\/wp-content\/uploads\/2026\/07\/1784535972_10_01_ansa_uomo_morto_bologna_polizia.JPG\"\/><\/p>\n<p>\n\t\t\t         Leggi anche<br \/>\n\t\t\t         Fakir, in video chiazza sangue. Legale agenti: &#8220;Arriva da ferita nuca&#8221;\n\t\t\t      <\/p>\n<p>\t\t\t<\/a><\/p>\n<p>\t\t \tZuppi: &#8220;Valutare errori \u00e8 nell&#8217;interesse della polizia&#8221;\u00a0<\/p>\n<p>&#8220;Chi deve fronteggiare il complesso tema della sicurezza si trova spesso a farlo in condizioni difficili, imprevedibili, di grande tensione, che richiedono le indispensabili capacit\u00e0 dell&#8217;uso della forza ma anche e soprattutto il controllo di questa. La solidariet\u00e0 verso le forze di polizia \u00e8 piena ed \u00e8 proprio nel loro interesse valutare i fatti e verificare se ci siano stati eventuali errori e responsabilit\u00e0&#8221;, ha detto oggi il cardinale presidente della Cei e arcivescovo di Bologna,\u00a0Matteo Zuppi, in una lunga intervista ad Avvenire parlando del caso Fakir.\u00a0&#8220;A riguardo della vicenda bolognese ho apprezzato l&#8217;impegno del ministro Matteo Piantedosi: &#8216;Non sar\u00e0 un nuovo caso Cucchi&#8217;, ha detto. Un impegno per la verit\u00e0 e la giustizia, per confermare la fiducia nelle istituzioni, antidoto alla rabbia e alla vendetta &#8216;fai da te&#8217; &#8211; ha aggiunto Zuppi &#8211; Come peraltro ha chiesto con coraggio la nipote di Fakir. Chiedere giustizia, ovviamente, non vuol dire condanna &#8211; la presunzione di innocenza c&#8217;\u00e8 fino a prova contraria per tutti &#8211; ma accertamento dei fatti e giudizio equo sulle responsabilit\u00e0. E questo processo richiede tempo e studio&#8221;. Per Zuppi &#8220;affrettare delle conclusioni in un senso o nell&#8217;altro, il processo alle intenzioni, \u00e8 pericoloso per tutti ed enfatizza la gi\u00e0 marcata polarizzazione che invece di aiutare la verit\u00e0 serve solo per affermare la propria. Le violenze sono sempre inaccettabili e da condannare senza nessuna ambiguit\u00e0 o falsa comprensione&#8221;.<\/p>\n<p>\t\t\t<a class=\"c-inline-card j-inline-card c-inline-card--with-image\" href=\"https:\/\/tg24.sky.it\/cronaca\/video\/2026\/07\/26\/bologna-veglia-pilastro-fakir-1114242\" rel=\"follow nofollow noopener\" data-intcmp=\"skytg24_articolo_approfondimenti_inline\" target=\"_blank\"><\/p>\n<p>\t\t\t         <img decoding=\"async\" crossorigin=\"anonymous\" alt=\"\" src=\"https:\/\/www.europesays.com\/it\/wp-content\/uploads\/2026\/07\/1114242_1785053809712_thumb_494.0000001_1785055588965.jpg\"  loading=\"lazy\"  bad-src=\"https:\/\/www.europesays.com\/it\/wp-content\/uploads\/2026\/07\/1114242_1785053809712_thumb_494.0000001_1785055588965.jpg\"\/><\/p>\n<p>\n\t\t\t         Vedi anche<br \/>\n\t\t\t         Bologna, veglia e cena al Pilastro in ricordo di Fakir\n\t\t\t      <\/p>\n<p>\t\t\t<\/a><\/p>\n<p>\t            TAG:<\/p>\n","protected":false},"excerpt":{"rendered":"Al Pilastro un corteo per ricordare il 42enne morto domenica scorsa durante un fermo di polizia: dopo gli&hellip;\n","protected":false},"author":3,"featured_media":603487,"comment_status":"","ping_status":"","sticky":false,"template":"","format":"standard","meta":{"footnotes":"","_share_on_mastodon":"0"},"categories":[79],"tags":[586,13416,14,93,94,369,1537,90,89,7,15,11,84,91,12,85,92],"class_list":["post-603486","post","type-post","status-publish","format-standard","has-post-thumbnail","category-italia","tag-bologna","tag-corteo","tag-cronaca","tag-cronaca-italiana","tag-cronacaitaliana","tag-digitall","tag-it","tag-italia","tag-italy","tag-news","tag-notizie","tag-ultime-notizie","tag-ultime-notizie-e-news-di-oggi","tag-ultime-notizie-italia","tag-ultimenotizie","tag-ultimenotizieenewsdioggi","tag-ultimenotizieitalia"],"share_on_mastodon":{"url":"","error":""},"_links":{"self":[{"href":"https:\/\/www.europesays.com\/it\/wp-json\/wp\/v2\/posts\/603486","targetHints":{"allow":["GET"]}}],"collection":[{"href":"https:\/\/www.europesays.com\/it\/wp-json\/wp\/v2\/posts"}],"about":[{"href":"https:\/\/www.europesays.com\/it\/wp-json\/wp\/v2\/types\/post"}],"author":[{"embeddable":true,"href":"https:\/\/www.europesays.com\/it\/wp-json\/wp\/v2\/users\/3"}],"replies":[{"embeddable":true,"href":"https:\/\/www.europesays.com\/it\/wp-json\/wp\/v2\/comments?post=603486"}],"version-history":[{"count":0,"href":"https:\/\/www.europesays.com\/it\/wp-json\/wp\/v2\/posts\/603486\/revisions"}],"wp:featuredmedia":[{"embeddable":true,"href":"https:\/\/www.europesays.com\/it\/wp-json\/wp\/v2\/media\/603487"}],"wp:attachment":[{"href":"https:\/\/www.europesays.com\/it\/wp-json\/wp\/v2\/media?parent=603486"}],"wp:term":[{"taxonomy":"category","embeddable":true,"href":"https:\/\/www.europesays.com\/it\/wp-json\/wp\/v2\/categories?post=603486"},{"taxonomy":"post_tag","embeddable":true,"href":"https:\/\/www.europesays.com\/it\/wp-json\/wp\/v2\/tags?post=603486"}],"curies":[{"name":"wp","href":"https:\/\/api.w.org\/{rel}","templated":true}]}}