{"id":603808,"date":"2026-07-26T22:35:17","date_gmt":"2026-07-26T22:35:17","guid":{"rendered":"https:\/\/www.europesays.com\/it\/603808\/"},"modified":"2026-07-26T22:35:17","modified_gmt":"2026-07-26T22:35:17","slug":"il-vento-solleva-un-gonfiabile-al-parco-divertimenti-3-bimbi-feriti-a-roccaraso-laquila","status":"publish","type":"post","link":"https:\/\/www.europesays.com\/it\/603808\/","title":{"rendered":"Il vento solleva un gonfiabile al parco divertimenti, 3 bimbi feriti a Roccaraso (L&#8217;Aquila)"},"content":{"rendered":"<p>La pi\u00f9 grave \u00e8 una bambina\u00a0di 10 anni, che ha riportato diversi traumi;\u00a0un bambino di 5 anni si \u00e8 fratturato un gomito e un terzo ha riportato ferite lievi. Chiuso il parco<\/p>\n<p>Momenti di terrore a Roccaraso, in provincia de L&#8217;Aquila, dove tre bambini sono rimasti feriti dopo che una violenta raffica di vento ha sollevato un gonfiabile all&#8217;interno del parco divertimenti in localit\u00e0 Pratone. I piccoli stavano giocando sulla struttura quando questa \u00e8 stata trascinata dal vento. Il personale del 118 \u00e8 intervenuto sul posto e ha trasferito i feriti all&#8217;ospedale di Sulmona. Sono in corso gli accertamenti per ricostruire l&#8217;esatta dinamica dell&#8217;accaduto.<\/p>\n<p>\t\t\tI bambini feriti sul gonfiabile<\/p>\n<p>La situazione pi\u00f9 seria riguarda una bambina di 10 anni, che ha riportato diversi traumi. Secondo le informazioni disponibili, non sarebbe in pericolo di vita. Un bambino di 5 anni ha invece riportato la frattura di un gomito, mentre un terzo minore ha riportato ferite lievi.\u00a0Dopo l&#8217;allarme, il personale del 118 ha prestato le prime cure ai bambini sul luogo dell&#8217;incidente, prima del trasferimento all&#8217;ospedale di Sulmona.<\/p>\n<p>\t\t\tLe indagini sulla dinamica dell&#8217;incidente<\/p>\n<p>Le autorit\u00e0 stanno svolgendo accertamenti per chiarire le cause dell&#8217;episodio. Tra gli aspetti al vaglio figura anche la verifica dell&#8217;eventuale corretto ancoraggio della struttura al terreno.\u00a0In via precauzionale \u00e8 stata disposta l&#8217;immediata chiusura del parco divertimenti.<\/p>\n<p>\t\t\tLa vicinanza dell&#8217;azienda e del sindaco<\/p>\n<p>L&#8217;azienda che gestisce il parco ha espresso vicinanza ai bambini coinvolti e alle loro famiglie, spiegando che sono in corso verifiche insieme alle forze dell&#8217;ordine e ai tecnici per accertare le cause dell&#8217;accaduto.\u00a0Sulla vicenda segue gli sviluppi anche il sindaco di Roccaraso, Francesco Di Donato, che ha rivolto un messaggio di vicinanza ai piccoli feriti e ai loro genitori, ribadendo che la sicurezza delle famiglie rappresenta una priorit\u00e0 per la localit\u00e0 turistica.<\/p>\n<p>\t            TAG:<\/p>\n","protected":false},"excerpt":{"rendered":"La pi\u00f9 grave \u00e8 una bambina\u00a0di 10 anni, che ha riportato diversi traumi;\u00a0un bambino di 5 anni si&hellip;\n","protected":false},"author":3,"featured_media":565655,"comment_status":"","ping_status":"","sticky":false,"template":"","format":"standard","meta":{"footnotes":"","_share_on_mastodon":"0"},"categories":[6],"tags":[14,8,1537,90,89,15749,7,15,82,9,83,10,13,11,80,84,12,81,85],"class_list":["post-603808","post","type-post","status-publish","format-standard","has-post-thumbnail","category-ultime-notizie","tag-cronaca","tag-headlines","tag-it","tag-italia","tag-italy","tag-l","tag-news","tag-notizie","tag-notizie-di-cronaca","tag-notizie-principali","tag-notiziedicronaca","tag-notizieprincipali","tag-titoli","tag-ultime-notizie","tag-ultime-notizie-di-cronaca","tag-ultime-notizie-e-news-di-oggi","tag-ultimenotizie","tag-ultimenotiziedicronaca","tag-ultimenotizieenewsdioggi"],"share_on_mastodon":{"url":"https:\/\/pubeurope.com\/@it\/116988669151626802","error":""},"_links":{"self":[{"href":"https:\/\/www.europesays.com\/it\/wp-json\/wp\/v2\/posts\/603808","targetHints":{"allow":["GET"]}}],"collection":[{"href":"https:\/\/www.europesays.com\/it\/wp-json\/wp\/v2\/posts"}],"about":[{"href":"https:\/\/www.europesays.com\/it\/wp-json\/wp\/v2\/types\/post"}],"author":[{"embeddable":true,"href":"https:\/\/www.europesays.com\/it\/wp-json\/wp\/v2\/users\/3"}],"replies":[{"embeddable":true,"href":"https:\/\/www.europesays.com\/it\/wp-json\/wp\/v2\/comments?post=603808"}],"version-history":[{"count":0,"href":"https:\/\/www.europesays.com\/it\/wp-json\/wp\/v2\/posts\/603808\/revisions"}],"wp:featuredmedia":[{"embeddable":true,"href":"https:\/\/www.europesays.com\/it\/wp-json\/wp\/v2\/media\/565655"}],"wp:attachment":[{"href":"https:\/\/www.europesays.com\/it\/wp-json\/wp\/v2\/media?parent=603808"}],"wp:term":[{"taxonomy":"category","embeddable":true,"href":"https:\/\/www.europesays.com\/it\/wp-json\/wp\/v2\/categories?post=603808"},{"taxonomy":"post_tag","embeddable":true,"href":"https:\/\/www.europesays.com\/it\/wp-json\/wp\/v2\/tags?post=603808"}],"curies":[{"name":"wp","href":"https:\/\/api.w.org\/{rel}","templated":true}]}}