{"id":603817,"date":"2026-07-26T22:50:53","date_gmt":"2026-07-26T22:50:53","guid":{"rendered":"https:\/\/www.europesays.com\/it\/603817\/"},"modified":"2026-07-26T22:50:53","modified_gmt":"2026-07-26T22:50:53","slug":"la-casa-milanese-progettata-negli-anni-50","status":"publish","type":"post","link":"https:\/\/www.europesays.com\/it\/603817\/","title":{"rendered":"La casa milanese progettata negli Anni &#8217;50"},"content":{"rendered":"<p data-journey-content=\"true\" data-node-id=\"3\" class=\"css-1ood0zq emevuu60\">Sono <strong data-node-id=\"3.1\">case &#8220;borghesi&#8221; <\/strong>di grande qualit\u00e0, quelle progettate in <strong data-node-id=\"3.3\">zona Arena tra gli anni Cinquanta e Sessanta da <a href=\"https:\/\/ordinearchitetti.mi.it\/it\/cultura\/itinerari-di-architettura\/44-asnago-e-vender\" target=\"_blank\" rel=\"nofollow noopener\" data-vars-ga-outbound-link=\"https:\/\/ordinearchitetti.mi.it\/it\/cultura\/itinerari-di-architettura\/44-asnago-e-vender\" data-vars-ga-ux-element=\"Hyperlink\" data-vars-ga-call-to-action=\"Asnago e Vender\" data-node-id=\"3.3.1\" class=\"body-link css-g36lkp emevuu60\">Asnago e Vender<\/a><\/strong>. Raccontano della <strong data-node-id=\"3.5\"><a href=\"https:\/\/www.elledecor.com\/it\/speciale-milano\/\" target=\"_blank\" data-vars-ga-outbound-link=\"https:\/\/www.elledecor.com\/it\/speciale-milano\/\" data-vars-ga-ux-element=\"Hyperlink\" data-vars-ga-call-to-action=\"Milano\" data-node-id=\"3.5.0\" class=\"body-link css-g36lkp emevuu60\" rel=\"nofollow noopener\">Milano<\/a><\/strong> del Dopoguerra e rappresentano un abitare fatto di misura, continuit\u00e0 spaziale e raffinata semplicit\u00e0. La loro \u00e8 una modernit\u00e0 silenziosa, che ha attraversato il tempo. Ma il tempo, soprattutto nelle abitazioni, lascia inevitabilmente tracce, sedimenta trasformazioni, sovrappone storie e, infine, riscrive spazi. Cos\u00ec \u00e8 accaduto in un appartamento di circa <strong data-node-id=\"3.7\">160 metri quadrati<\/strong>, progettato dai due maestri milanesi, in cui una ristrutturazione degli anni Ottanta aveva compromesso la definizione dell&#8217;impianto originario, frammentando gli spazi e indebolendone il senso di continuit\u00e0 (anche concettuale). \u00c8 partendo da questi presupposti che ha preso forma il progetto di <strong data-node-id=\"3.9\">Paolo Frello &amp; Partners<\/strong>. Volto a reinterpretare l\u2019eredit\u00e0 di Asnago e Vender, attraverso un linguaggio dichiaratamente contemporaneo, l&#8217;intervento si \u00e8 sviluppato a partire dall\u2019uso del colore, promosso a principale strumento di riscrittura dello spazio. <\/p>\n<p><img draggable=\"true\" alt=\".\" title=\".\" loading=\"lazy\" width=\"1181\" height=\"1575\" decoding=\"async\" data-nimg=\"1\" style=\"color:transparent;width:100%;height:auto;\"   src=\"https:\/\/www.europesays.com\/it\/wp-content\/uploads\/2026\/07\/8d3c2c23-48a5-4d3c-bb35-c1f69fec7122.jpg\" class=\"css-0 e1ddfba50\"\/><a target=\"_blank\" rel=\"noopener nofollow\" data-theme-key=\"base-link\" href=\"https:\/\/pinterest.com\/pin\/create\/button\/?url=https:\/\/www.elledecor.com\/it\/case\/a73166507\/casa-milanese-progettata-negli-anni-50-asnago-e-vender\/&amp;description=elledecoritalia&amp;media=https:\/\/hips.hearstapps.com\/hmg-prod\/images\/8d3c2c23-48a5-4d3c-bb35-c1f69fec7122.jpg?resize=1600:*\" class=\"pinterest css-on9hn5 e1socmtw0\"><img decoding=\"async\" data-dynamic-svg=\"true\" src=\"https:\/\/www.elledecor.com\/_assets\/design-tokens\/fre\/static\/icons\/social\/pinterest.e8cf655.svg?primary=%2523ffffff\" loading=\"lazy\" data-testid=\"dynamic-svg-base\" height=\"auto\" width=\"auto\" alt=\"pinterest\" class=\"css-4lml0h e1mlxuuw1\"\/><\/a><\/p>\n<p>Matteo Imbriani<\/p>\n<p><img draggable=\"true\" alt=\"elegant interior with a modern bar area and geometric design elements.\" title=\"elegant interior with a modern bar area and geometric design elements.\" loading=\"lazy\" width=\"1772\" height=\"1181\" decoding=\"async\" data-nimg=\"1\" style=\"color:transparent;width:100%;height:auto;\"   src=\"https:\/\/www.europesays.com\/it\/wp-content\/uploads\/2026\/07\/5958e863-ef45-4416-acda-753c5461d4d1.jpg\" class=\"css-0 e1ddfba50\"\/><a target=\"_blank\" rel=\"noopener nofollow\" data-theme-key=\"base-link\" href=\"https:\/\/pinterest.com\/pin\/create\/button\/?url=https:\/\/www.elledecor.com\/it\/case\/a73166507\/casa-milanese-progettata-negli-anni-50-asnago-e-vender\/&amp;description=elledecoritalia&amp;media=https:\/\/hips.hearstapps.com\/hmg-prod\/images\/5958e863-ef45-4416-acda-753c5461d4d1.jpg?resize=1600:*\" class=\"pinterest css-on9hn5 e1socmtw0\"><img decoding=\"async\" data-dynamic-svg=\"true\" src=\"https:\/\/www.elledecor.com\/_assets\/design-tokens\/fre\/static\/icons\/social\/pinterest.e8cf655.svg?primary=%2523ffffff\" loading=\"lazy\" data-testid=\"dynamic-svg-base\" height=\"auto\" width=\"auto\" alt=\"pinterest\" class=\"css-4lml0h e1mlxuuw1\"\/><\/a><\/p>\n<p>Marco Reggi<\/p>\n<p data-journey-content=\"true\" data-node-id=\"10\" class=\"css-1ood0zq emevuu60\">Il blu profondo che avvolge pareti, soffitti e porte non \u00e8 una semplice scelta decorativa. \u00c8 una materia immateriale che ridefinisce la percezione dell&#8217;architettura, dilata e comprime il senso dei volumi, accompagna lo sguardo e costruisce un&#8217;atmosfera avvolgente. Dialoga con il rigore dell&#8217;involucro originario senza entrare in competizione con esso. La chiarezza spaziale di Asnago e Vender viene reinterpretata attraverso una <strong data-node-id=\"10.1\">nuova distribuzione<\/strong> che ribalta l\u2019assetto della precedente ristrutturazione, penalizzato da una serie di ambienti poco comunicanti. Il <strong data-node-id=\"10.3\">nuovo impianto<\/strong>, molto pi\u00f9 fluido, si organizza attorno a un elemento inaspettato: <strong data-node-id=\"10.5\">una bussola circolare che diventa il cuore della casa<\/strong>, separando e al tempo stesso connettendo zona giorno e zona notte. <\/p>\n<p><img draggable=\"true\" alt=\"modern hallway with frosted glass sliding door and black herringbone floor\" title=\"modern hallway with frosted glass sliding door and black herringbone floor\" loading=\"lazy\" width=\"1181\" height=\"1772\" decoding=\"async\" data-nimg=\"1\" style=\"color:transparent;width:100%;height:auto;\"   src=\"https:\/\/www.europesays.com\/it\/wp-content\/uploads\/2026\/07\/ec057dea-c1f5-4942-8091-4facf32ca95a.jpg\" class=\"css-0 e1ddfba50\"\/><a target=\"_blank\" rel=\"noopener nofollow\" data-theme-key=\"base-link\" href=\"https:\/\/pinterest.com\/pin\/create\/button\/?url=https:\/\/www.elledecor.com\/it\/case\/a73166507\/casa-milanese-progettata-negli-anni-50-asnago-e-vender\/&amp;description=elledecoritalia&amp;media=https:\/\/hips.hearstapps.com\/hmg-prod\/images\/ec057dea-c1f5-4942-8091-4facf32ca95a.jpg?resize=1600:*\" class=\"pinterest css-on9hn5 e1socmtw0\"><img decoding=\"async\" data-dynamic-svg=\"true\" src=\"https:\/\/www.elledecor.com\/_assets\/design-tokens\/fre\/static\/icons\/social\/pinterest.e8cf655.svg?primary=%2523ffffff\" loading=\"lazy\" data-testid=\"dynamic-svg-base\" height=\"auto\" width=\"auto\" alt=\"pinterest\" class=\"css-4lml0h e1mlxuuw1\"\/><\/a><\/p>\n<p>Marco Reggi<\/p>\n<p><img draggable=\"true\" alt=\"modern dining room with round table, black chairs, artwork, and glass sliding doors.\" title=\"modern dining room with round table, black chairs, artwork, and glass sliding doors.\" loading=\"lazy\" width=\"1772\" height=\"1181\" decoding=\"async\" data-nimg=\"1\" style=\"color:transparent;width:100%;height:auto;\"   src=\"https:\/\/www.europesays.com\/it\/wp-content\/uploads\/2026\/07\/93375dd6-580c-4252-98ad-1b86a4ce78dd.jpg\" class=\"css-0 e1ddfba50\"\/><a target=\"_blank\" rel=\"noopener nofollow\" data-theme-key=\"base-link\" href=\"https:\/\/pinterest.com\/pin\/create\/button\/?url=https:\/\/www.elledecor.com\/it\/case\/a73166507\/casa-milanese-progettata-negli-anni-50-asnago-e-vender\/&amp;description=elledecoritalia&amp;media=https:\/\/hips.hearstapps.com\/hmg-prod\/images\/93375dd6-580c-4252-98ad-1b86a4ce78dd.jpg?resize=1600:*\" class=\"pinterest css-on9hn5 e1socmtw0\"><img decoding=\"async\" data-dynamic-svg=\"true\" src=\"https:\/\/www.elledecor.com\/_assets\/design-tokens\/fre\/static\/icons\/social\/pinterest.e8cf655.svg?primary=%2523ffffff\" loading=\"lazy\" data-testid=\"dynamic-svg-base\" height=\"auto\" width=\"auto\" alt=\"pinterest\" class=\"css-4lml0h e1mlxuuw1\"\/><\/a><\/p>\n<p>Marco Reggi<\/p>\n<p data-journey-content=\"true\" data-node-id=\"17\" class=\"css-1ood0zq emevuu60\">Attorno a questo fulcro si sviluppa una sequenza di <strong data-node-id=\"17.1\">spazi continui<\/strong>, enfatizzata dal parquet in rovere scuro posato a spina, che accompagna il percorso senza interruzioni. La nuova casa riflette lo stile di vita dei proprietari, una coppia che ama ricevere e immaginare gli interni come scenari di condivisione. Da qui <strong data-node-id=\"17.3\">il richiamo alle atmosfere dei club anni Settanta<\/strong>, evocato attraverso materiali, arredi e cromie. Il volume monolitico della <a href=\"https:\/\/www.elledecor.com\/it\/cucine-moderne-arredo-bagno-tendenze\/\" target=\"_blank\" data-vars-ga-outbound-link=\"https:\/\/www.elledecor.com\/it\/cucine-moderne-arredo-bagno-tendenze\/\" data-vars-ga-ux-element=\"Hyperlink\" data-vars-ga-call-to-action=\"cucina\" data-node-id=\"17.5\" class=\"body-link css-g36lkp emevuu60\" rel=\"nofollow noopener\">cucina<\/a>, in acciaio inox, riflette il blu delle superfici, mutando con la luce, quasi fosse un&#8217;installazione. Poco distante, un elemento su misura (guardaroba e lampada insieme), realizzato in metallo e vetro cannettato curvo, introduce uno dei temi ricorrenti del progetto: la progressiva dissoluzione del confine tra <a href=\"https:\/\/www.elledecor.com\/it\/architettura\/\" target=\"_blank\" data-vars-ga-outbound-link=\"https:\/\/www.elledecor.com\/it\/architettura\/\" data-vars-ga-ux-element=\"Hyperlink\" data-vars-ga-call-to-action=\"architettura\" data-node-id=\"17.7\" class=\"body-link css-g36lkp emevuu60\" rel=\"nofollow noopener\">architettura<\/a>, arredo e oggetto. <\/p>\n<p><img draggable=\"true\" alt=\"modern kitchen with blue decor, large pendant light, red artwork, and vase with flowers on table.\" title=\"modern kitchen with blue decor, large pendant light, red artwork, and vase with flowers on table.\" loading=\"lazy\" width=\"6000\" height=\"4000\" decoding=\"async\" data-nimg=\"1\" style=\"color:transparent;width:100%;height:auto;\"   src=\"https:\/\/www.europesays.com\/it\/wp-content\/uploads\/2026\/07\/59d4817d-5c18-4643-89bc-69b28a9d0dc6.jpg\" class=\"css-0 e1ddfba50\"\/><a target=\"_blank\" rel=\"noopener nofollow\" data-theme-key=\"base-link\" href=\"https:\/\/pinterest.com\/pin\/create\/button\/?url=https:\/\/www.elledecor.com\/it\/case\/a73166507\/casa-milanese-progettata-negli-anni-50-asnago-e-vender\/&amp;description=elledecoritalia&amp;media=https:\/\/hips.hearstapps.com\/hmg-prod\/images\/59d4817d-5c18-4643-89bc-69b28a9d0dc6.jpg?resize=1600:*\" class=\"pinterest css-on9hn5 e1socmtw0\"><img decoding=\"async\" data-dynamic-svg=\"true\" src=\"https:\/\/www.elledecor.com\/_assets\/design-tokens\/fre\/static\/icons\/social\/pinterest.e8cf655.svg?primary=%2523ffffff\" loading=\"lazy\" data-testid=\"dynamic-svg-base\" height=\"auto\" width=\"auto\" alt=\"pinterest\" class=\"css-4lml0h e1mlxuuw1\"\/><\/a><\/p>\n<p>Marco Reggi<\/p>\n<p><img draggable=\"true\" alt=\"modern navy blue kitchen with wine fridge and sink.\" title=\"modern navy blue kitchen with wine fridge and sink.\" loading=\"lazy\" width=\"1181\" height=\"1575\" decoding=\"async\" data-nimg=\"1\" style=\"color:transparent;width:100%;height:auto;\"   src=\"https:\/\/www.europesays.com\/it\/wp-content\/uploads\/2026\/07\/af31b04c-c907-4d96-8b44-f9c011c497d5.jpg\" class=\"css-0 e1ddfba50\"\/><a target=\"_blank\" rel=\"noopener nofollow\" data-theme-key=\"base-link\" href=\"https:\/\/pinterest.com\/pin\/create\/button\/?url=https:\/\/www.elledecor.com\/it\/case\/a73166507\/casa-milanese-progettata-negli-anni-50-asnago-e-vender\/&amp;description=elledecoritalia&amp;media=https:\/\/hips.hearstapps.com\/hmg-prod\/images\/af31b04c-c907-4d96-8b44-f9c011c497d5.jpg?resize=1600:*\" class=\"pinterest css-on9hn5 e1socmtw0\"><img decoding=\"async\" data-dynamic-svg=\"true\" src=\"https:\/\/www.elledecor.com\/_assets\/design-tokens\/fre\/static\/icons\/social\/pinterest.e8cf655.svg?primary=%2523ffffff\" loading=\"lazy\" data-testid=\"dynamic-svg-base\" height=\"auto\" width=\"auto\" alt=\"pinterest\" class=\"css-4lml0h e1mlxuuw1\"\/><\/a><\/p>\n<p>Matteo Imbriani<\/p>\n<p data-journey-content=\"true\" data-node-id=\"24\" class=\"css-1ood0zq emevuu60\">Anche il soggiorno \u00e8 costruito come una sequenza di episodi. La zona pranzo mantiene una continuit\u00e0 cromatica con la cucina, mentre il living assume un carattere pi\u00f9 raccolto, grazie a una libreria dalla geometria concava che scolpisce la parete, trasformandola in una quinta scenografica. I <strong data-node-id=\"24.1\">divani Soriana, disegnati da <a href=\"https:\/\/www.elledecor.com\/it\/people\/a35467558\/tobia-afra-scarpa-storia\/\" target=\"_blank\" data-vars-ga-outbound-link=\"https:\/\/www.elledecor.com\/it\/people\/a35467558\/tobia-afra-scarpa-storia\/\" data-vars-ga-ux-element=\"Hyperlink\" data-vars-ga-call-to-action=\"Afra e Tobia Scarpa\" data-node-id=\"24.1.3\" class=\"body-link css-g36lkp emevuu60\" rel=\"nofollow noopener\">Afra e Tobia Scarpa<\/a> nel 1969<\/strong>, dialogano con tavolini e mobili progettati ad hoc, dove radica, bronzo, vetro fum\u00e9 e superfici laccate reinterpretano il gusto degli anni Settanta attraverso un linguaggio attuale, al riparo da ogni citazione letterale. Nella zona notte il progetto cambia registro. Le armadiature rivestite in tessuto trasformano le pareti in superfici morbide e continue, mentre una grande porta scorrevole a specchio nasconde l&#8217;accesso alla cabina armadio e amplifica la profondit\u00e0 degli ambienti.  <\/p>\n<p><img draggable=\"true\" alt=\"modern bedroom with open wardrobe featuring clothes and storage drawers.\" title=\"modern bedroom with open wardrobe featuring clothes and storage drawers.\" loading=\"lazy\" width=\"1772\" height=\"1181\" decoding=\"async\" data-nimg=\"1\" style=\"color:transparent;width:100%;height:auto;\"   src=\"https:\/\/www.europesays.com\/it\/wp-content\/uploads\/2026\/07\/166e44ef-2bc7-4960-abd5-c3210bb284ff.jpg\" class=\"css-0 e1ddfba50\"\/><a target=\"_blank\" rel=\"noopener nofollow\" data-theme-key=\"base-link\" href=\"https:\/\/pinterest.com\/pin\/create\/button\/?url=https:\/\/www.elledecor.com\/it\/case\/a73166507\/casa-milanese-progettata-negli-anni-50-asnago-e-vender\/&amp;description=elledecoritalia&amp;media=https:\/\/hips.hearstapps.com\/hmg-prod\/images\/166e44ef-2bc7-4960-abd5-c3210bb284ff.jpg?resize=1600:*\" class=\"pinterest css-on9hn5 e1socmtw0\"><img decoding=\"async\" data-dynamic-svg=\"true\" src=\"https:\/\/www.elledecor.com\/_assets\/design-tokens\/fre\/static\/icons\/social\/pinterest.e8cf655.svg?primary=%2523ffffff\" loading=\"lazy\" data-testid=\"dynamic-svg-base\" height=\"auto\" width=\"auto\" alt=\"pinterest\" class=\"css-4lml0h e1mlxuuw1\"\/><\/a><\/p>\n<p>Marco Reggi<\/p>\n<p data-journey-content=\"true\" data-node-id=\"29\" class=\"css-1ood0zq emevuu60\"><strong data-node-id=\"29.0\">Anche i <a href=\"https:\/\/www.elledecor.com\/it\/case\/g45846775\/bagni-piccoli-con-doccia-idee\/\" target=\"_blank\" data-vars-ga-outbound-link=\"https:\/\/www.elledecor.com\/it\/case\/g45846775\/bagni-piccoli-con-doccia-idee\/\" data-vars-ga-ux-element=\"Hyperlink\" data-vars-ga-call-to-action=\"bagni\" data-node-id=\"29.0.1\" class=\"body-link css-g36lkp emevuu60\" rel=\"nofollow noopener\">bagni<\/a> raccontano una duplice identit\u00e0<\/strong>: uno pi\u00f9 scuro e avvolgente, quasi monolitico, l&#8217;altro pi\u00f9 luminoso e caldo, costruito attorno a una vasca inserita in una nicchia curva. Il bagno degli ospiti introduce infine un&#8217;ulteriore variazione narrativa, grazie alla carta da parati orientale che aggiunge un deciso accento decorativo. L&#8217;architettura di Asnago e Vender resta il fondale per un nuovo racconto, in cui il colore diventa struttura invisibile dello spazio. Guida i percorsi e costruisce un&#8217;esperienza percettiva in grado di trasformare la casa in un paesaggio domestico denso, sofisticato e sorprendentemente contemporaneo.  <\/p>\n<p data-journey-content=\"true\" data-node-id=\"35\" class=\"css-1ood0zq emevuu60\"><a href=\"https:\/\/www.frello.com\/\" target=\"_blank\" rel=\"nofollow noopener\" data-vars-ga-outbound-link=\"https:\/\/www.frello.com\/\" data-vars-ga-ux-element=\"Hyperlink\" data-vars-ga-call-to-action=\"www.frello.com\" data-node-id=\"35.0\" class=\"body-link css-g36lkp emevuu60\">www.frello.com<\/a><\/p>\n<p><img src=\"https:\/\/www.europesays.com\/it\/wp-content\/uploads\/2026\/07\/1785106253_124_64078a25-d8f1-4bb1-ba75-d5035f59b84c_1639751236.file.png\" alt=\"Headshot of Marco Valenti\" title=\"Headshot of Marco Valenti\" width=\"100%\" height=\"100%\" decoding=\"async\" loading=\"lazy\" class=\"css-o0wq4v ev8dhu53\"\/><\/p>\n<p>Architetto romano animato da una innata vocazione cosmopolita e da una sfrenata curiosit\u00e0, considera il design la sua personale lente di ingrandimento per interpretare il flusso di cambiamenti sociali e culturali che attraversa il nuovo millennio. Alterna l\u2019amore per la progettazione alla passione per il racconto, nella convinzione che la parola possa contribuire a sciogliere le intricate dinamiche del processo creativo. Interessato da sempre all\u2019interior design e alle connessioni tra comunicazione e architettura, si occupa delle relazioni tra spazio e immagine, lavorando sull\u2019intersezione tra moda, food, arte e interni. \u00a0<\/p>\n","protected":false},"excerpt":{"rendered":"Sono case &#8220;borghesi&#8221; di grande qualit\u00e0, quelle progettate in zona Arena tra gli anni Cinquanta e Sessanta da&hellip;\n","protected":false},"author":3,"featured_media":603818,"comment_status":"","ping_status":"","sticky":false,"template":"","format":"standard","meta":{"footnotes":"","_share_on_mastodon":"0"},"categories":[1446],"tags":[2987,1615,1613,1614,1611,1610,1612,203,204,1537,90,89],"class_list":["post-603817","post","type-post","status-publish","format-standard","has-post-thumbnail","category-arte-e-design","tag-anni","tag-arte","tag-arte-e-design","tag-arteedesign","tag-arts","tag-arts-and-design","tag-design","tag-entertainment","tag-intrattenimento","tag-it","tag-italia","tag-italy"],"share_on_mastodon":{"url":"https:\/\/pubeurope.com\/@it\/116988733585058131","error":""},"_links":{"self":[{"href":"https:\/\/www.europesays.com\/it\/wp-json\/wp\/v2\/posts\/603817","targetHints":{"allow":["GET"]}}],"collection":[{"href":"https:\/\/www.europesays.com\/it\/wp-json\/wp\/v2\/posts"}],"about":[{"href":"https:\/\/www.europesays.com\/it\/wp-json\/wp\/v2\/types\/post"}],"author":[{"embeddable":true,"href":"https:\/\/www.europesays.com\/it\/wp-json\/wp\/v2\/users\/3"}],"replies":[{"embeddable":true,"href":"https:\/\/www.europesays.com\/it\/wp-json\/wp\/v2\/comments?post=603817"}],"version-history":[{"count":0,"href":"https:\/\/www.europesays.com\/it\/wp-json\/wp\/v2\/posts\/603817\/revisions"}],"wp:featuredmedia":[{"embeddable":true,"href":"https:\/\/www.europesays.com\/it\/wp-json\/wp\/v2\/media\/603818"}],"wp:attachment":[{"href":"https:\/\/www.europesays.com\/it\/wp-json\/wp\/v2\/media?parent=603817"}],"wp:term":[{"taxonomy":"category","embeddable":true,"href":"https:\/\/www.europesays.com\/it\/wp-json\/wp\/v2\/categories?post=603817"},{"taxonomy":"post_tag","embeddable":true,"href":"https:\/\/www.europesays.com\/it\/wp-json\/wp\/v2\/tags?post=603817"}],"curies":[{"name":"wp","href":"https:\/\/api.w.org\/{rel}","templated":true}]}}