{"id":603846,"date":"2026-07-26T23:21:36","date_gmt":"2026-07-26T23:21:36","guid":{"rendered":"https:\/\/www.europesays.com\/it\/603846\/"},"modified":"2026-07-26T23:21:36","modified_gmt":"2026-07-26T23:21:36","slug":"festival-di-sanremo-morgan-non-sara-sul-palco","status":"publish","type":"post","link":"https:\/\/www.europesays.com\/it\/603846\/","title":{"rendered":"Festival di Sanremo, Morgan non sar\u00e0 sul palco"},"content":{"rendered":"<p>Marco Castoldi, in arte Morgan, non si esibir\u00e0 sul palco di Sanremo in occasione del Festival che avr\u00e0 il suo inizio oggi, 24 febbraio, e terminer\u00e0 il 28. Il cantautore cresciuto a Monza si sarebbe dovuto esibire il 27 febbraio in occasione della serata dedicata alle cover.<\/p>\n<p>Perch\u00e9 non salir\u00e0 sul palco<\/p>\n<p>Il cantautore e polistrumentista brianzolo ha spiegato sui social perch\u00e9 non salir\u00e0 sul palco. &#8220;La mia partecipazione come ospite di Chiello al prossimo Festival di Sanremo &#8211; spiega l&#8217;artista &#8211; non sar\u00e0 sul palco, ma da dietro le quinte, il mio contributo sar\u00e0 tecnico&#8221;.<\/p>\n<p>La motivazione sarebbe da ricercarsi nel pezzo che i due avrebbero dovuto portare in gara. &#8220;Amo profondamente il brano che Chiello ha scelto per la serata delle cover &#8216;Mi sono innamorato di te&#8217; di Luigi Tenco &#8211; afferma Morgan &#8211; e so che \u00e8 un pezzo estremamente intimo che ha bisogno di un\u2019unica voce, di un\u2019unica anima, di un solo cuore. Per questo la mia presenza non sar\u00e0 in scena, lasciando che sul palco si esprima pienamente il talento di Chiello&#8221;.<\/p>\n","protected":false},"excerpt":{"rendered":"Marco Castoldi, in arte Morgan, non si esibir\u00e0 sul palco di Sanremo in occasione del Festival che avr\u00e0&hellip;\n","protected":false},"author":3,"featured_media":187203,"comment_status":"","ping_status":"","sticky":false,"template":"","format":"standard","meta":{"footnotes":"","_share_on_mastodon":"0"},"categories":[1443],"tags":[203,214314,204,1537,90,89,3193,1538,1539],"class_list":["post-603846","post","type-post","status-publish","format-standard","has-post-thumbnail","category-musica","tag-entertainment","tag-festival-sanremo-2026","tag-intrattenimento","tag-it","tag-italia","tag-italy","tag-morgan","tag-music","tag-musica"],"share_on_mastodon":{"url":"https:\/\/pubeurope.com\/@it\/116988850233904585","error":""},"_links":{"self":[{"href":"https:\/\/www.europesays.com\/it\/wp-json\/wp\/v2\/posts\/603846","targetHints":{"allow":["GET"]}}],"collection":[{"href":"https:\/\/www.europesays.com\/it\/wp-json\/wp\/v2\/posts"}],"about":[{"href":"https:\/\/www.europesays.com\/it\/wp-json\/wp\/v2\/types\/post"}],"author":[{"embeddable":true,"href":"https:\/\/www.europesays.com\/it\/wp-json\/wp\/v2\/users\/3"}],"replies":[{"embeddable":true,"href":"https:\/\/www.europesays.com\/it\/wp-json\/wp\/v2\/comments?post=603846"}],"version-history":[{"count":0,"href":"https:\/\/www.europesays.com\/it\/wp-json\/wp\/v2\/posts\/603846\/revisions"}],"wp:featuredmedia":[{"embeddable":true,"href":"https:\/\/www.europesays.com\/it\/wp-json\/wp\/v2\/media\/187203"}],"wp:attachment":[{"href":"https:\/\/www.europesays.com\/it\/wp-json\/wp\/v2\/media?parent=603846"}],"wp:term":[{"taxonomy":"category","embeddable":true,"href":"https:\/\/www.europesays.com\/it\/wp-json\/wp\/v2\/categories?post=603846"},{"taxonomy":"post_tag","embeddable":true,"href":"https:\/\/www.europesays.com\/it\/wp-json\/wp\/v2\/tags?post=603846"}],"curies":[{"name":"wp","href":"https:\/\/api.w.org\/{rel}","templated":true}]}}