{"id":604028,"date":"2026-07-27T03:00:18","date_gmt":"2026-07-27T03:00:18","guid":{"rendered":"https:\/\/www.europesays.com\/it\/604028\/"},"modified":"2026-07-27T03:00:18","modified_gmt":"2026-07-27T03:00:18","slug":"standard-liegi-juve-0-1-le-pagelle-la-decide-miretti-esordio-per-celik-perin-ancora-decisivo","status":"publish","type":"post","link":"https:\/\/www.europesays.com\/it\/604028\/","title":{"rendered":"Standard Liegi-Juve 0-1, le pagelle: la decide Miretti, esordio per Celik, Perin ancora decisivo"},"content":{"rendered":"<p><strong>La Juventus vince la prima partita della nuova stagione<\/strong>: i bianconeri battono 1-0 lo Standard Liegi nel secondo test estivo. Dopo lo 0-0 di Basilea, la rete su punizione di Miretti basta per superare la formazione belga di misura. Il tecnico \u00e8 costretto a privarsi di Ekhator (infortunio) e Openda (promesso sposo al Lione. Anche Celik parte dalla panchina. Dal primo minuto figurano il 2007 Licina e il 2008 Durmisi.<\/p>\n<p>La Juve parte piano e rischia di prendere gol con Nkada, e in generale il primo tempo \u00e8 negativo. Spalletti decide cos\u00ec iniziare la ripresa con Perin, Celik, Joao Mario, Arthur, Miretti e Oboavwoduo. <strong>Al 55esimo arriva il primo gol della nuova stagione<\/strong>: una punizione dal limite di Miretti batte il portiere avversario. Il classe 2003 ha anche l&#8217;occasione per il raddoppio immediato ma lo Standard Liegi si salva.<\/p>\n<p>Finisce quindi con un successo l&#8217;amichevole di oggi. Nel frattempo, la Juve ha ripreso la strada per Torino: il prossimo appuntamento sar\u00e0 alla Continassa, <strong>venerd\u00ec ci sar\u00e0 l&#8217;incrocio contro il Nizza<\/strong> nel quartier generale a due passi dall&#8217;Allianz Stadium.<\/p>\n","protected":false},"excerpt":{"rendered":"La Juventus vince la prima partita della nuova stagione: i bianconeri battono 1-0 lo Standard Liegi nel secondo&hellip;\n","protected":false},"author":3,"featured_media":604029,"comment_status":"","ping_status":"","sticky":false,"template":"","format":"standard","meta":{"footnotes":"","_share_on_mastodon":"0"},"categories":[176],"tags":[1537,90,89,558,7186,24806,245,244],"class_list":["post-604028","post","type-post","status-publish","format-standard","has-post-thumbnail","category-sport","tag-it","tag-italia","tag-italy","tag-juventus","tag-miretti","tag-spalletti","tag-sport","tag-sports"],"share_on_mastodon":{"url":"https:\/\/pubeurope.com\/@it\/116989711308742576","error":""},"_links":{"self":[{"href":"https:\/\/www.europesays.com\/it\/wp-json\/wp\/v2\/posts\/604028","targetHints":{"allow":["GET"]}}],"collection":[{"href":"https:\/\/www.europesays.com\/it\/wp-json\/wp\/v2\/posts"}],"about":[{"href":"https:\/\/www.europesays.com\/it\/wp-json\/wp\/v2\/types\/post"}],"author":[{"embeddable":true,"href":"https:\/\/www.europesays.com\/it\/wp-json\/wp\/v2\/users\/3"}],"replies":[{"embeddable":true,"href":"https:\/\/www.europesays.com\/it\/wp-json\/wp\/v2\/comments?post=604028"}],"version-history":[{"count":0,"href":"https:\/\/www.europesays.com\/it\/wp-json\/wp\/v2\/posts\/604028\/revisions"}],"wp:featuredmedia":[{"embeddable":true,"href":"https:\/\/www.europesays.com\/it\/wp-json\/wp\/v2\/media\/604029"}],"wp:attachment":[{"href":"https:\/\/www.europesays.com\/it\/wp-json\/wp\/v2\/media?parent=604028"}],"wp:term":[{"taxonomy":"category","embeddable":true,"href":"https:\/\/www.europesays.com\/it\/wp-json\/wp\/v2\/categories?post=604028"},{"taxonomy":"post_tag","embeddable":true,"href":"https:\/\/www.europesays.com\/it\/wp-json\/wp\/v2\/tags?post=604028"}],"curies":[{"name":"wp","href":"https:\/\/api.w.org\/{rel}","templated":true}]}}