{"id":604089,"date":"2026-07-27T04:23:19","date_gmt":"2026-07-27T04:23:19","guid":{"rendered":"https:\/\/www.europesays.com\/it\/604089\/"},"modified":"2026-07-27T04:23:19","modified_gmt":"2026-07-27T04:23:19","slug":"dove-vive-carlo-verdone-attico-con-terrazza-vista-roma-casale-in-sabina-e-una-biblioteca-dal-sapore-di-cinema","status":"publish","type":"post","link":"https:\/\/www.europesays.com\/it\/604089\/","title":{"rendered":"Dove vive Carlo Verdone: attico con terrazza vista Roma, casale in Sabina e una biblioteca dal sapore di cinema"},"content":{"rendered":"<p>Il cinema italiano si specchia da quasi mezzo secolo nei tic di <strong><a href=\"https:\/\/www.ilmattino.it\/t\/carlo-verdone\" rel=\"nofollow noopener\" target=\"_blank\">Carlo Verdone<\/a><\/strong>, ma questa volta il pretesto per sbirciare dietro le quinte del regista romano arriva dal palinsesto estivo di <a href=\"https:\/\/www.ilmattino.it\/t\/rete-4\" rel=\"nofollow noopener\" target=\"_blank\">Rete 4<\/a>. <strong>Domenica 26 luglio viene trasmesso<\/strong> \u00ab<strong><a href=\"https:\/\/www.ilmattino.it\/t\/compagni-di-scuola\" rel=\"nofollow noopener\" target=\"_blank\">Compagni di scuola<\/a><\/strong>\u00bb, <strong>cult generazionale del 1988<\/strong> che ritrova la prima serata tirato a lucido da un restauro inedito in alta definizione.<\/p>\n<p>\u00c8 stato lo stesso attore e cineasta, colonna portante della commedia nostrana, a lanciare l&#8217;amo su Instagram per invitare il pubblico a riscoprire l&#8217;opera, sottolineando la <strong>curiosit\u00e0 per l&#8217;operazione tecnica<\/strong>: \u00abPotrebbe essere curioso, interessante, vedere come questo film riprende vita nei colori, nei contrasti. Forse lo vedremo quasi come un film di oggi. Vediamo che effetto ci far\u00e0\u00bb. Un <strong>ritorno al passato<\/strong> che il regista ha voluto trasformare in un caloroso omaggio collettivo: \u00abLo dedicher\u00f2 chiaramente a tutti coloro che hanno partecipato a quest\u2019avventura, a quelli che sono rimasti, e a quelli che non ci sono pi\u00f9, purtroppo, e glielo dedico con tutto il cuore, perch\u00e9 se il film \u00e8 venuto bene il merito \u00e8 stato di tutti loro\u00bb.<\/p>\n","protected":false},"excerpt":{"rendered":"Il cinema italiano si specchia da quasi mezzo secolo nei tic di Carlo Verdone, ma questa volta il&hellip;\n","protected":false},"author":3,"featured_media":604090,"comment_status":"","ping_status":"","sticky":false,"template":"","format":"standard","meta":{"footnotes":"","_share_on_mastodon":"0"},"categories":[174],"tags":[41956,5162,333092,203,230,204,1537,90,89,333093,44206,987],"class_list":["post-604089","post","type-post","status-publish","format-standard","has-post-thumbnail","category-intrattenimento","tag-carlo-verdone","tag-christian-de-sica","tag-compagni-di-scuola","tag-entertainment","tag-instagram","tag-intrattenimento","tag-it","tag-italia","tag-italy","tag-mario-verdone","tag-rete-4","tag-roma"],"share_on_mastodon":{"url":"https:\/\/pubeurope.com\/@it\/116990037663480890","error":""},"_links":{"self":[{"href":"https:\/\/www.europesays.com\/it\/wp-json\/wp\/v2\/posts\/604089","targetHints":{"allow":["GET"]}}],"collection":[{"href":"https:\/\/www.europesays.com\/it\/wp-json\/wp\/v2\/posts"}],"about":[{"href":"https:\/\/www.europesays.com\/it\/wp-json\/wp\/v2\/types\/post"}],"author":[{"embeddable":true,"href":"https:\/\/www.europesays.com\/it\/wp-json\/wp\/v2\/users\/3"}],"replies":[{"embeddable":true,"href":"https:\/\/www.europesays.com\/it\/wp-json\/wp\/v2\/comments?post=604089"}],"version-history":[{"count":0,"href":"https:\/\/www.europesays.com\/it\/wp-json\/wp\/v2\/posts\/604089\/revisions"}],"wp:featuredmedia":[{"embeddable":true,"href":"https:\/\/www.europesays.com\/it\/wp-json\/wp\/v2\/media\/604090"}],"wp:attachment":[{"href":"https:\/\/www.europesays.com\/it\/wp-json\/wp\/v2\/media?parent=604089"}],"wp:term":[{"taxonomy":"category","embeddable":true,"href":"https:\/\/www.europesays.com\/it\/wp-json\/wp\/v2\/categories?post=604089"},{"taxonomy":"post_tag","embeddable":true,"href":"https:\/\/www.europesays.com\/it\/wp-json\/wp\/v2\/tags?post=604089"}],"curies":[{"name":"wp","href":"https:\/\/api.w.org\/{rel}","templated":true}]}}