{"id":604245,"date":"2026-07-27T07:33:25","date_gmt":"2026-07-27T07:33:25","guid":{"rendered":"https:\/\/www.europesays.com\/it\/604245\/"},"modified":"2026-07-27T07:33:25","modified_gmt":"2026-07-27T07:33:25","slug":"porsche-boxster-3-2-s-986-perche-comprarla-classic","status":"publish","type":"post","link":"https:\/\/www.europesays.com\/it\/604245\/","title":{"rendered":"Porsche Boxster\u00a03.2 S (986), Perch\u00e9 Comprarla&#8230; Classic"},"content":{"rendered":"<p>Il motore\u00a0<strong>BOXer<\/strong>\u00a0su di una\u00a0<strong>roadSTER<\/strong>,\u00a0cos\u00ec nasce\u00a0il <a href=\"https:\/\/it.motor1.com\/news\/487193\/porsche-boxster-concept-detroit-ginevra-1993-anteprima\/\" data-inline-widget=\"internal-links\" data-type-id=\"0\" data-params=\"%7B%22article_edition_id%22%3A%22487193%22%2C%22section%22%3A%221%22%2C%22alias%22%3A%22porsche-boxster-concept-detroit-ginevra-1993-anteprima%22%7D\" rel=\"nofollow noopener\" target=\"_blank\">nome\u00a0BOXSTER<\/a>, la Porsche\u00a0arrivata\u00a030 anni fa\u00a0in un momento molto delicato per\u00a0la Casa di Stoccarda, un modello che ha \u201ccambiato tutto\u201d, in meglio. Presentata nel 1996, in un momento di forte difficolt\u00e0 economica per il Marchio, ha introdotto una formula completamente <strong>nuova<\/strong>, fatta di motore boxer in posizione centrale, raffreddamento a liquido e un prezzo pi\u00f9 accessibile rispetto alla 911.<\/p>\n<p>Una scelta che all&#8217;epoca fece <strong>discutere<\/strong>, ma che si rivel\u00f2 decisiva per il rilancio di Porsche.\u00a0Liquidata inizialmente da qualcuno come la &#8220;911 dei poveri&#8221;, la Boxster 986 ha dimostrato negli anni di avere una personalit\u00e0 ben distinta. <strong>Equilibrata<\/strong>, <strong>coinvolgente<\/strong> da guidare e capace di anticipare molte delle soluzioni tecniche poi adottate dalla 911 (996), \u00e8 diventata una delle <strong>Porsche<\/strong> pi\u00f9 importanti dell&#8217;era moderna. Oggi, a trent&#8217;anni dal debutto, il Perch\u00e9 Comprarla Classic ha scelto una 3.2S\u00a0bella carica di accessori per festeggiare!\u00a0<\/p>\n<p>Storia<\/p>\n<p>Il\u00a0periodo \u00e8 bello tosto\u00a0muro di Berlino \u00e8 caduto e la Guerra del Golfo non aiuta a distendere finanziariamente gli animi a livello globale, e\u00a0anche\u00a0oggi ne sappiamo qualcosa.\u00a0E\u00a0Porsche non se la passa benissimo\u00a0visto che, dalle circa 50.000 vetture vendute nel 1985, nei primi anni 90\u2019 si\u00a0tocc\u00f2\u00a0il minimo storico, a circa 13.000 vendite.\u00a0<\/p>\n<p>Il nuovo CEO &#8211;\u00a0<strong>Wendelin\u00a0Wiedeking<\/strong>\u00a0\u2013 nominato nel 1992 intende per\u00f2\u00a0trasformare in opportunit\u00e0 tutto questo,\u00a0rivoluzionando la produzione del Costruttore tedesco\u00a0ispirandosi\u00a0persino\u00a0alla filosofia giapponese e\u00a0svoltando la lineup di\u00a0Porsche\u00a0con\u00a0introduzione di\u00a0un inedito modello\u00a0premium, ma\u00a0posizionato\u00a0<strong>sotto ai 40.000 dollari<\/strong>, o euro se preferite, considerando che\u00a0le dirette concorrenti del periodo, <a href=\"https:\/\/it.motor1.com\/reviews\/263164\/bmw-z3-prova-video\/\" data-inline-widget=\"internal-links\" data-type-id=\"0\" data-params=\"%7B%22article_edition_id%22%3A%22263164%22%2C%22section%22%3A%222%22%2C%22alias%22%3A%22bmw-z3-prova-video%22%7D\" rel=\"nofollow noopener\" target=\"_blank\">Z3<\/a> ed <a href=\"https:\/\/it.motor1.com\/reviews\/536966\/mercedes-slk-320-prova-video\/\" data-inline-widget=\"internal-links\" data-type-id=\"0\" data-params=\"%7B%22article_edition_id%22%3A%22536966%22%2C%22section%22%3A%222%22%2C%22alias%22%3A%22mercedes-slk-320-prova-video%22%7D\" rel=\"nofollow noopener\" target=\"_blank\">SLK<\/a>, costavano circa 30.000 dollari.\u00a0\u00a0<\/p>\n<p>\u00c8 il <strong>Salone di Ginevra del 1996<\/strong> e la Boxster viene presentata al mondo iniziando, di fatto, una nuova epoca per Porsche, con la\u00a0gamma\u00a0a\u00a0motori\u00a0centrale\u00a0viene inaugurata dal\u00a02,5 l da 204 CV, mentre la S arriva\u00a0col MY\u00a02000 e introduce il\u00a0<strong>3.2 da 252 CV<\/strong>, presa d&#8217;aria anteriore specifica,\u00a0scarichi sdoppiati\u00a0e freni maggiorati\u00a0con dischi davanti da 318 mm,\u00a0mentre lo stesso anno il 2.7 sostituisce il 2.5 con le potenze che, col restyling del\u00a02003,\u00a0si elevano per\u00a0Boxster e Boxster S\u00a0a\u00a0228 e 260 C, i con le\u00a0trasmissioni sono manuali a 5 o 6 rapporti oppure automatiche col\u00a0tiptronic\u00a0a 5 marce e pulsanti al volante.\u00a0<br \/>\u00a0<br \/>Tra il 1996 e il 2004 sono state prodotte oltre 164.000\u00a0Porsche\u00a0Boxster, con la serie limitata 550 Spyder\u00a0che chiude\u00a0definitivamente il ciclo di vita di questa\u00a0importantissima prima\u00a0serie 986.\u00a0<\/p>\n<p>Pro\u00a0&amp; Contro\u00a0<\/p>\n<p>Cosa accomunano la <a href=\"https:\/\/it.motor1.com\/news\/509426\/cambio-porsche-james-dean-asta\/\" data-inline-widget=\"internal-links\" data-type-id=\"0\" data-params=\"%7B%22article_edition_id%22%3A%22509426%22%2C%22section%22%3A%221%22%2C%22alias%22%3A%22cambio-porsche-james-dean-asta%22%7D\" rel=\"nofollow noopener\" target=\"_blank\">Porsche\u00a0550\u00a0di James\u00a0Dean<\/a>\u00a0con\u00a0questa\u00a0Boxster?\u00a0Oltre al DNA della famiglia Porsche, il\u00a0protagonista rimane il\u00a0motore in posizione centrale\u00a0che Porsche ha utilizzato tantissimo nelle competizioni.\u00a0\u00a0<\/p>\n<p>L\u2019anteriore\u00a0e il\u00a0posteriore sono praticamente simmetrici, col frontale\u00a0che sfoggia i nuovi gruppi ottici che vedremo sulla 996. Il profilo\u00a0invece, oltre che dalle due prese d\u2019aria lievemente diverse tra lato destro o sinistro,\u00a0\u00e8 dominato dalla\u00a0capote,\u00a0ad apertura\u00a0elettrica\u00a0con intelaiatura in magnesio a sgancio manuale.\u00a0<\/p>\n<p>Dietro\u00a0invece, oltre alle gobbe che introducono\u00a0inediti\u00a0gruppi ottici, il protagonista rimane\u00a0lo\u00a0scarico centrale\u00a0in ricordo dell\u2019illustre antenata 550,\u00a0con terminale\u00a0singolo su 2.5 e 2.7, sdoppiato sulle S, come nel nostro caso.\u00a0E a proposito nel super\u00a0accessioriato\u00a0Boxster S di questa prova, i cerchi che vedete non sono i 17 di serie ma i 18 pollici Sport Design ereditati dalla <a href=\"https:\/\/it.motor1.com\/reviews\/680679\/porsche-911-996-gt3-clubsport-classic\/\" data-inline-widget=\"internal-links\" data-type-id=\"0\" data-params=\"%7B%22article_edition_id%22%3A%22680679%22%2C%22section%22%3A%222%22%2C%22alias%22%3A%22porsche-911-996-gt3-clubsport-classic%22%7D\" rel=\"nofollow noopener\" target=\"_blank\">GT3 MK1<\/a>.<\/p>\n<p>Il <strong>blocchetto di accensione<\/strong>\u00a0\u00e8 pvviamente l\u00ec<strong> a sinistra<\/strong>, come da tradizione Porsche,\u00a0e l&#8217;\u201caria di casa\u201d la si ritrova\u00a0anche nei tre strumenti\u00a0circolari analogici col contagiri posizionato al centro. Il resto della plancia\u00a0\u00e8 ordinata, chiara, razionale ma ricca\u00a0di funzionalit\u00e0, dal clima digitale allo schermo multifunzione, con anche modulo di navigazione e volendo TV.\u00a0\u00a0<\/p>\n<p>Alla guida poi, la Boxster si conferma esaltante.\u00a0Il\u00a0raffreddamento a liquido \u00e8 tra\u00a0le innovazioni tecniche che la Boxster ha portato\u00a0al debutto\u00a0commerciale\u00a0offrendosi, se cos\u00ec possiamo dire,\u00a0di\u00a0\u201ctastare il terreno\u201d sull\u2019addio al raffreddamento ad aria\u00a0prima dell\u2019arrivo della nuova 911 996, senza contare l&#8217;adozione del motore centrale (che la 996 non poteva avere).<\/p>\n<p>L\u2019aver poi avvicinato questa massa all\u2019abitacolo e quindi al\u00a0peso di pilota e passeggero ha reso e rende la Boxster <strong>precisissima e intuitiva nella guida<\/strong>, e se le sue potenze sono pi\u00f9 basse rispetto alla sorellona 911 questo lo si deve\u00a0a un\u00a0obbligato posizionamento di mercato\u00a0e non di certo al suo vero potenziale\u00a0esploso\u00a0per\u00f2\u00a0negli ultimi anni,\u00a0almeno considerando le prestazioni delle\u00a0recenti\u00a0GT4\u00a0Spyder e <a href=\"https:\/\/it.motor1.com\/news\/666217\/porsche-718-spyder-rs-informazioni\/\" data-inline-widget=\"internal-links\" data-type-id=\"0\" data-params=\"%7B%22article_edition_id%22%3A%22666217%22%2C%22section%22%3A%221%22%2C%22alias%22%3A%22porsche-718-spyder-rs-informazioni%22%7D\" rel=\"nofollow noopener\" target=\"_blank\">Spyder RS<\/a>.\u00a0<\/p>\n<p>Il vero gusto di guidare una Boxster\u00a0rimane, quindi, il perfetto connubio tra il sound\u00a0del\u00a0motore, la compostezza del suo assetto\u00a0e uno sterzo pazzesco, magari un po\u2019 duro alle basse velocit\u00e0, ma\u00a0ineccepibile\u00a0in tutte le altre condizioni, esattamente come la f<strong>renata, superba<\/strong> con l\u2019impianto della Boxster S che in pratica\u00a0\u00e8 quasi\u00a0quello della Carrera 996.\u00a0<\/p>\n<p>E se il cambio manuale rimarr\u00e0 sempre la scelta pi\u00f9 sensata\u00a0per un appassionato,\u00a0per le ragioni di cui sopra\u00a0il\u00a0<strong>Tiptronic<\/strong>\u00a0per andare a passeggio\u00a0\u00e8\u00a0rimane\u00a0un\u00a0opzione\u00a0equilibrata: lo trovate a prezzi inferiori\u00a0rispetto alle 986 manuali\u00a0e, quasi certamente,\u00a0non ha permesso\u00a0agli ex proprietari\u00a0dei controproducenti fuorigiri!<\/p>\n<p>E a proposito di &#8220;fuorigiri&#8221;, la Boxster \u00e8 affidabile\u00a0ma non a prova di bomba: meglio, infatti, trovarne una\u00a0con qualche km in pi\u00f9 ma\u00a0con\u00a0la documentazione della manutenzione chiara e\u00a0cristallina a\u00a0corredo.\u00a0\u00a0Se poi, tra gli interventi\u00a0effettuati\u00a0\u00e8 stato montato il kit che sostituisce\u00a0<strong>cuscinetto a sfere\u00a0dell\u2019albero di rinvio del motore<\/strong>\u00a0con quello a rulli,\u00a0\u00e8 tanto di guadagnato considerando la frequenza di questo difetto.<\/p>\n<p>Poi\u00a0dibimetro, scambiatore dei fluidi per\u00a0evitare\u00a0infiltrazioni di olio nella vaschetta del refrigerante\u00a0e, se puntate a un\u00a0Tiptronic, una recente revisione del cambio \u00e8 gradita. Tranquilli che per\u00f2 qualcosa pu\u00f2\u00a0impuntarsi anche con la trasmissione manuale, ma spesso basta sostituire i\u00a0cavi del comando.\u00a0<\/p>\n<p>Quanto costa<\/p>\n<p>C\u2019\u00e8 stato un periodo, anche piuttosto lungo, in cui una Boxster usata costava poco, ai livelli\u00a0di una vecchia\u00a0Porsche\u00a0transaxle (tipo <a href=\"https:\/\/it.motor1.com\/news\/756319\/porsche-924-storia\/\" data-inline-widget=\"internal-links\" data-type-id=\"0\" data-params=\"%7B%22article_edition_id%22%3A%22756319%22%2C%22section%22%3A%221%22%2C%22alias%22%3A%22porsche-924-storia%22%7D\" rel=\"nofollow noopener\" target=\"_blank\">924<\/a>). Poi \u00e8 arrivata la pandemia, la voglia di godersela e di sfoggiare cose belle, cos\u00ec dopo il 2020 sono cresciute\u00a0le transaxle, cos\u00ec come le 996 e anche le Boxster 986, lentamente\u00a0\u00e8 vero, ma inesorabilmente, ma rimanendo nel perimetro della decenza.<\/p>\n<p>Per una 2.5, infatti, oggi\u00a0si parte da poco pi\u00f9 di 10mila euro per degli\u00a0usati\u00a0molto usati fino ai 15mila di esemplari apparentemente in salute, mentre se si cerca una <strong>S\u00a0col 3.2 M96\/21<\/strong>, le\u00a0tiptronic\u00a0non superano i 20.000 euro, ma per le\u00a0manuali\u00a0possono chiedervi anche 25.000 euro considerando che di fatto si tratta di vetture di interesse storico. La 2.7, alla fine dei conti, rimane una ottima via di mezzo per prestazioni e\u00a0affidabilit\u00e0, se poi c\u2019\u00e8 l\u2019hard top ve la godete tutto l\u2019anno.\u00a0\u00a0<\/p>\n<p>                            <a href=\"http:\/\/it.motor1.com\/photos\/767767\/porsche-boxster-concept-studio-detroit-ginevra-1993\/#5593126_porsche-boxster-concept-1993\" class=\"msnt-photo-thumb-gallery-main-photo-box\" itemprop=\"image\" itemscope=\"\" itemtype=\"https:\/\/schema.org\/ImageObject\" data-url=\"\/photos\/767767\/porsche-boxster-concept-studio-detroit-ginevra-1993\/#5593126_porsche-boxster-concept-1993\" data-thumb=\"\" data-caption=\"Porsche Boxster Concept (1993)\" data-src=\"\" data-sub-html=\"Porsche Boxster Concept (1993)\" data-entity-id=\"5593126\" data-download-url=\"\" rel=\"nofollow noopener\" target=\"_blank\"><\/p>\n<p>                                    <img decoding=\"async\" src=\"https:\/\/www.europesays.com\/it\/wp-content\/uploads\/2025\/07\/16x9-tr.png\" loading=\"lazy\" alt=\"Porsche Boxster Concept (1993)\" width=\"16\" height=\"9\"\/><\/p>\n<p>                            <\/a><\/p>\n<p>                                    8                                <\/p>\n<p class=\"comfort-title-large flex gap-spacing-sm-base items-center\">\n<p>\t\tVogliamo la tua opinione!\n\t<\/p>\n<p>Cosa vorresti vedere su Motor1.com?<\/p>\n<p>\t\t<a href=\"https:\/\/it.motor1.com\/survey\/2025\/\" rel=\"nofollow noopener\" target=\"_blank\"><br \/>\n\t\t\tPartecipa al nostro sondaggio di 3 minuti.\t\t<\/a><\/p>\n<p class=\"compact-body-medium\">&#8211; Il team di Motor1.com<\/p>\n","protected":false},"excerpt":{"rendered":"Il motore\u00a0BOXer\u00a0su di una\u00a0roadSTER,\u00a0cos\u00ec nasce\u00a0il nome\u00a0BOXSTER, la Porsche\u00a0arrivata\u00a030 anni fa\u00a0in un momento molto delicato per\u00a0la Casa di Stoccarda,&hellip;\n","protected":false},"author":3,"featured_media":604246,"comment_status":"","ping_status":"","sticky":false,"template":"","format":"standard","meta":{"footnotes":"","_share_on_mastodon":"0"},"categories":[173],"tags":[25419,1537,90,89,333246,6243,195,198,199,197,200,201,194,196],"class_list":["post-604245","post","type-post","status-publish","format-standard","has-post-thumbnail","category-scienza-e-tecnologia","tag-auto-tedesche","tag-it","tag-italia","tag-italy","tag-perchu00e9-comprarla-classic","tag-porsche","tag-science","tag-science-and-technology","tag-scienceandtechnology","tag-scienza","tag-scienza-e-tecnologia","tag-scienzaetecnologia","tag-technology","tag-tecnologia"],"share_on_mastodon":{"url":"https:\/\/pubeurope.com\/@it\/116990785506521330","error":""},"_links":{"self":[{"href":"https:\/\/www.europesays.com\/it\/wp-json\/wp\/v2\/posts\/604245","targetHints":{"allow":["GET"]}}],"collection":[{"href":"https:\/\/www.europesays.com\/it\/wp-json\/wp\/v2\/posts"}],"about":[{"href":"https:\/\/www.europesays.com\/it\/wp-json\/wp\/v2\/types\/post"}],"author":[{"embeddable":true,"href":"https:\/\/www.europesays.com\/it\/wp-json\/wp\/v2\/users\/3"}],"replies":[{"embeddable":true,"href":"https:\/\/www.europesays.com\/it\/wp-json\/wp\/v2\/comments?post=604245"}],"version-history":[{"count":0,"href":"https:\/\/www.europesays.com\/it\/wp-json\/wp\/v2\/posts\/604245\/revisions"}],"wp:featuredmedia":[{"embeddable":true,"href":"https:\/\/www.europesays.com\/it\/wp-json\/wp\/v2\/media\/604246"}],"wp:attachment":[{"href":"https:\/\/www.europesays.com\/it\/wp-json\/wp\/v2\/media?parent=604245"}],"wp:term":[{"taxonomy":"category","embeddable":true,"href":"https:\/\/www.europesays.com\/it\/wp-json\/wp\/v2\/categories?post=604245"},{"taxonomy":"post_tag","embeddable":true,"href":"https:\/\/www.europesays.com\/it\/wp-json\/wp\/v2\/tags?post=604245"}],"curies":[{"name":"wp","href":"https:\/\/api.w.org\/{rel}","templated":true}]}}