{"id":604466,"date":"2026-07-27T10:47:11","date_gmt":"2026-07-27T10:47:11","guid":{"rendered":"https:\/\/www.europesays.com\/it\/604466\/"},"modified":"2026-07-27T10:47:11","modified_gmt":"2026-07-27T10:47:11","slug":"uomo-muore-investito-da-un-treno-alla-stazione-di-monterotondo","status":"publish","type":"post","link":"https:\/\/www.europesays.com\/it\/604466\/","title":{"rendered":"Uomo muore investito da un treno alla stazione di Monterotondo"},"content":{"rendered":"<p>Tragedia questa mattina alla stazione ferroviaria di Monterotondo, in provincia di Roma. Un uomo \u00e8 morto dopo essere stato investito da un treno. Da qui l&#8217;intervento dei soccorritori con l&#8217;interruzione della circolazione dei treni sulla linea Orte-Roma Fiumicino, fino alle 10:30, quando \u00e8 tornata progressivamente alla normalit\u00e0.\u00a0<\/p>\n<p>Investito da un treno alla stazione<\/p>\n<p>Il dramma si \u00e8 consumato poco prima delle 9:00 di luned\u00ec 27 luglio alla stazione ferroviaria del comune a nord della Capitale. Qui un uomo \u2013 per cause in via di accertamento \u2013 \u00e8 stato travolto da un convoglio. Un impatto fatale, che non gli ha lasciato scampo.<\/p>\n<p>Interrotta la linea Orte-Fiumicino<\/p>\n<p>Al fine di consentire l&#8217;intervento del personale del 118 e degli agenti della polizia ferroviaria del compartimento del Lazio, i treni della linea FL1 sono stati interrotti. Senza documenti, la vittima sembrerebbe essere un uomo straniero, dall&#8217;apparente et\u00e0 di trent&#8217;anni. Come informano da Rfi, alle 10:0 la circolazione precedentemente sospesa \u00e8 tornata in graduale ripresa. Effetti sulla mobilit\u00e0 ferroviaria: rallentamenti fino a 100 minuti, limitazioni e cancellazioni.\u00a0<\/p>\n<p>Gli accertamenti della Polfer<\/p>\n<p>Accertato il decesso della vittima, sul posto sono intervenuti il magistrato di turno e la polizia mortuaria. Inevitabili le ripercussioni sulla circolazione ferroviaria, con i treni che percorrono la linea che hanno subito ritardi e cancellazioni. Restano da accertare le cause, se si sia trattato di un incidente o di un gesto volontario.<\/p>\n","protected":false},"excerpt":{"rendered":"Tragedia questa mattina alla stazione ferroviaria di Monterotondo, in provincia di Roma. Un uomo \u00e8 morto dopo essere&hellip;\n","protected":false},"author":3,"featured_media":604467,"comment_status":"","ping_status":"","sticky":false,"template":"","format":"standard","meta":{"footnotes":"","_share_on_mastodon":"0"},"categories":[6],"tags":[14,8,1537,90,89,770,7,15,82,9,83,10,13,17650,11,80,84,12,81,85],"class_list":["post-604466","post","type-post","status-publish","format-standard","has-post-thumbnail","category-ultime-notizie","tag-cronaca","tag-headlines","tag-it","tag-italia","tag-italy","tag-morti","tag-news","tag-notizie","tag-notizie-di-cronaca","tag-notizie-principali","tag-notiziedicronaca","tag-notizieprincipali","tag-titoli","tag-treni","tag-ultime-notizie","tag-ultime-notizie-di-cronaca","tag-ultime-notizie-e-news-di-oggi","tag-ultimenotizie","tag-ultimenotiziedicronaca","tag-ultimenotizieenewsdioggi"],"share_on_mastodon":{"url":"https:\/\/pubeurope.com\/@it\/116991547546542324","error":""},"_links":{"self":[{"href":"https:\/\/www.europesays.com\/it\/wp-json\/wp\/v2\/posts\/604466","targetHints":{"allow":["GET"]}}],"collection":[{"href":"https:\/\/www.europesays.com\/it\/wp-json\/wp\/v2\/posts"}],"about":[{"href":"https:\/\/www.europesays.com\/it\/wp-json\/wp\/v2\/types\/post"}],"author":[{"embeddable":true,"href":"https:\/\/www.europesays.com\/it\/wp-json\/wp\/v2\/users\/3"}],"replies":[{"embeddable":true,"href":"https:\/\/www.europesays.com\/it\/wp-json\/wp\/v2\/comments?post=604466"}],"version-history":[{"count":0,"href":"https:\/\/www.europesays.com\/it\/wp-json\/wp\/v2\/posts\/604466\/revisions"}],"wp:featuredmedia":[{"embeddable":true,"href":"https:\/\/www.europesays.com\/it\/wp-json\/wp\/v2\/media\/604467"}],"wp:attachment":[{"href":"https:\/\/www.europesays.com\/it\/wp-json\/wp\/v2\/media?parent=604466"}],"wp:term":[{"taxonomy":"category","embeddable":true,"href":"https:\/\/www.europesays.com\/it\/wp-json\/wp\/v2\/categories?post=604466"},{"taxonomy":"post_tag","embeddable":true,"href":"https:\/\/www.europesays.com\/it\/wp-json\/wp\/v2\/tags?post=604466"}],"curies":[{"name":"wp","href":"https:\/\/api.w.org\/{rel}","templated":true}]}}