{"id":604476,"date":"2026-07-27T11:02:16","date_gmt":"2026-07-27T11:02:16","guid":{"rendered":"https:\/\/www.europesays.com\/it\/604476\/"},"modified":"2026-07-27T11:02:16","modified_gmt":"2026-07-27T11:02:16","slug":"la-dignita-della-quotidianita-nelle-opere-di-marchini","status":"publish","type":"post","link":"https:\/\/www.europesays.com\/it\/604476\/","title":{"rendered":"La dignit\u00e0 della quotidianit\u00e0 nelle opere di Marchini"},"content":{"rendered":"<p>            <a class=\"link-section-article\" href=\"https:\/\/www.ilcittadino.it\/publisher\/cultura\/section\/\" alt=\"Cultura\" rel=\"nofollow noopener\" target=\"_blank\">Cultura<\/a><\/p>\n<p>                \/<br \/>\n                <a class=\"link-location-article\" href=\"https:\/\/www.ilcittadino.it\/publisher\/sudmilano\/section\/\" alt=\"SudMilano\" rel=\"nofollow noopener\" target=\"_blank\">SudMilano<\/a><\/p>\n<p>                Luned\u00ec 27 Luglio 2026<\/p>\n<p class=\"mb-0\">\n             ARTE  Melegnano riscopre uno dei suoi artisti pi\u00f9 rappresentativi con l\u2019apertura straordinaria della sala degli Stemmi\n        <\/p>\n<p>        Lettura 1 min.<\/p>\n<p>A cinquantacinque anni dalla scomparsa di Vitaliano Marchini (1888-1971), Melegnano riscopre uno dei suoi artisti pi\u00f9 rappresentativi. L\u2019occasione \u00e8 stata l\u2019apertura straordinaria dello Spazio Marchini, nella Sala degli Stemmi del Castello Mediceo, a cura del quindicinale \u201cIl Melegnanese\u201d, dove \u00e8 entrata a far parte della collezione permanente una scultura finora sconosciuta al pubblico: \u201cPassa la guerra 1943\u201d, donata da Nicoletta Vella di Messina, erede di Corrado Giacchino, segretario comunale di Melegnano dal 1948 al 1952.<\/p>\n<p> L\u2019opera, presentata alla Mostra Nazionale di Pittura e Scultura del 1951 organizzata nell\u2019allora Palazzo dell\u2019Asilo Sociale di via Marconi, torna cos\u00ec nella sua citt\u00e0 arricchendo il percorso espositivo inaugurato nel 2021, grazie alla donazione di quattordici opere da parte del nipote Giuseppe Marchini. Ad accompagnare il pubblico nella visita \u00e8 stato lo storico dell\u2019arte Mirko Agliardi, che ha ripercorso l\u2019evoluzione artistica dello scultore melegnanese partendo dall\u2019Autoritratto del 1919, influenzato dal simbolismo e dalla lezione di Adolfo Wildt, uno dei maggiori protagonisti della scultura italiana.<\/p>\n<p> \u00abMarchini &#8211; ha ricordato Agliardi &#8211; fu anche chiamato a sostituire Wildt alla cattedra di scultura dell\u2019Accademia di Brera tra il 1932 e il 1934. Di grande impatto, il nudo femminile scolpito nel 1919 in marmo di Candoglia, lo stesso materiale impiegato per il Duomo di Milano. Qui, emergono forme allungate e una forte tensione espressiva che testimoniano il dialogo dell\u2019artista con le correnti europee del primo Novecento\u00bb. La mostra racconta poi i grandi temi che hanno accompagnato tutta la produzione di Marchini. Innanzitutto il sacro, testimoniato dalla realizzazione dell\u2019Arcangelo Gabriele collocato sulla Guglia G20 (adottata dall\u2019azienda Fininvest) del Duomo di Milano e dalla Statua al Pilone 76 del Duomo a destra dell\u2019Altare maggiore all\u2019interno della cattedrale. Per tornare nello spazio a lui dedicato, si ritrovano anche gli affetti familiari, rappresentati dalla scultura \u201cPadre e figlia\u201d, esposta alla Biennale di Venezia del 1932.<\/p>\n<p> Infine il lavoro, raccontato attraverso figure di contadini e donne colte nei momenti di pausa, immagini essenziali nelle quali Marchini restituisce dignit\u00e0 alla quotidianit\u00e0 senza inseguire le mode artistiche del tempo. \u00abCi\u00f2 che colpisce &#8211; conclude Agliardi &#8211; \u00e8 la semplicit\u00e0 e la pulizia della forma. Marchini rappresentava la realt\u00e0 con naturalezza e attraverso uno sguardo profondamente personale\u00bb. L\u2019arrivo di \u201cPassa la guerra 1943\u201d aggiunge cos\u00ec un nuovo tassello alla conoscenza dell\u2019artista melegnanese e rafforza il ruolo dello Spazio Marchini come luogo dedicato alla valorizzazione di una figura che ha lasciato un segno importante nella scultura italiana del Novecento.<\/p>\n<p class=\"articolo-riservato\">\n                            \u00a9 RIPRODUZIONE RISERVATA\n                        <\/p>\n","protected":false},"excerpt":{"rendered":"Cultura \/ SudMilano Luned\u00ec 27 Luglio 2026 ARTE Melegnano riscopre uno dei suoi artisti pi\u00f9 rappresentativi con l\u2019apertura&hellip;\n","protected":false},"author":3,"featured_media":604477,"comment_status":"","ping_status":"","sticky":false,"template":"","format":"standard","meta":{"footnotes":"","_share_on_mastodon":"0"},"categories":[1446],"tags":[1615,1613,1614,1611,1610,1644,1612,333385,203,61438,204,1537,90,89,333387,37085,16756,4456,333386],"class_list":["post-604476","post","type-post","status-publish","format-standard","has-post-thumbnail","category-arte-e-design","tag-arte","tag-arte-e-design","tag-arteedesign","tag-arts","tag-arts-and-design","tag-cultura","tag-design","tag-eleonora-marino","tag-entertainment","tag-fininvest","tag-intrattenimento","tag-it","tag-italia","tag-italy","tag-mirko-agliardi","tag-n","tag-pittura","tag-scultura","tag-vitaliano-marchini"],"share_on_mastodon":{"url":"https:\/\/pubeurope.com\/@it\/116991606548988697","error":""},"_links":{"self":[{"href":"https:\/\/www.europesays.com\/it\/wp-json\/wp\/v2\/posts\/604476","targetHints":{"allow":["GET"]}}],"collection":[{"href":"https:\/\/www.europesays.com\/it\/wp-json\/wp\/v2\/posts"}],"about":[{"href":"https:\/\/www.europesays.com\/it\/wp-json\/wp\/v2\/types\/post"}],"author":[{"embeddable":true,"href":"https:\/\/www.europesays.com\/it\/wp-json\/wp\/v2\/users\/3"}],"replies":[{"embeddable":true,"href":"https:\/\/www.europesays.com\/it\/wp-json\/wp\/v2\/comments?post=604476"}],"version-history":[{"count":0,"href":"https:\/\/www.europesays.com\/it\/wp-json\/wp\/v2\/posts\/604476\/revisions"}],"wp:featuredmedia":[{"embeddable":true,"href":"https:\/\/www.europesays.com\/it\/wp-json\/wp\/v2\/media\/604477"}],"wp:attachment":[{"href":"https:\/\/www.europesays.com\/it\/wp-json\/wp\/v2\/media?parent=604476"}],"wp:term":[{"taxonomy":"category","embeddable":true,"href":"https:\/\/www.europesays.com\/it\/wp-json\/wp\/v2\/categories?post=604476"},{"taxonomy":"post_tag","embeddable":true,"href":"https:\/\/www.europesays.com\/it\/wp-json\/wp\/v2\/tags?post=604476"}],"curies":[{"name":"wp","href":"https:\/\/api.w.org\/{rel}","templated":true}]}}