{"id":604496,"date":"2026-07-27T11:13:12","date_gmt":"2026-07-27T11:13:12","guid":{"rendered":"https:\/\/www.europesays.com\/it\/604496\/"},"modified":"2026-07-27T11:13:12","modified_gmt":"2026-07-27T11:13:12","slug":"terribile-schianto-col-motorino-contro-un-autobus-muore-a-17-anni","status":"publish","type":"post","link":"https:\/\/www.europesays.com\/it\/604496\/","title":{"rendered":"Terribile schianto col motorino contro un autobus, muore\u00a0a 17 anni"},"content":{"rendered":"<p>Bagno a Ripoli (Firenze), 27 luglio 2026 \u2013\u00a0Tragedia della strada all\u2019<strong>Antella<\/strong>: ancora una giovane vita spezzata. Un <strong>diciassettenne <\/strong>\u00e8 morto questa mattina nello scontro con un <strong>autobus di linea<\/strong>. Il giovane, <strong>Edoardo Varvarito<\/strong>, era in sella al suo motorino quando, per motivi da verificare, si \u00e8 schiantato frontalmente con il mezzo pubblico. Per lui non c\u2019\u00e8 stato niente da fare. Una scena agghiacciante, quella dell\u2019incidente: il parabrezza del bus della linea 24 \u00e8 totalmente distrutto dall\u2019impatto, a testimoniare la violenza dell\u2019urto.\u00a0<\/p>\n<p>Sul posto sono intervenuti il 118, i mezzi di soccorso e i carabinieri, che dovranno ricostruire la dinamica.\u00a0<\/p>\n<p> <img alt=\"I rilievi sul luogo dell'incidente (foto Germogli)\" loading=\"lazy\" width=\"2048\" height=\"1536\" decoding=\"async\" data-nimg=\"1\" style=\"color:transparent;max-width:100%;height:auto\"   src=\"https:\/\/www.europesays.com\/it\/wp-content\/uploads\/2026\/07\/i-rilievi-sul-luogo-dell-incidente-foto-germogli.webp\"\/><\/p>\n<p>I rilievi sul luogo dell&#8217;incidente (foto Germogli)<\/p>\n<p>L\u2019incidente mortale \u00e8 avvenuto intorno alle 10 di questa mattina su via Peruzzi, tra le frazioni di Osteria Nuova e Antella, sotto il Comune di Bagno a Ripoli. Il ragazzo procedeva in discesa, da via Roma verso il cuore della frazione antellese; il bussino andava invece in direzione opposta. L&#8217;impatto violento non ha lasciato scampo al giovane.\u00a0<\/p>\n<p>Sotto shock l\u2019autista dell\u2019autobus, che \u00e8 stato portato in ospedale per accertamenti ma non risulta ferito.<\/p>\n<p>Il dolore del paese <\/p>\n<p>&#8220;\u00c8 un dolore profondo dover scrivere queste parole \u2013\u00a0scrive il sindaco <strong>Francesco Pignotti<\/strong> \u2013\u00a0Stamani la nostra comunit\u00e0 \u00e8 stata colpita da una tragedia immensa, di quelle che fanno mettere in discussione tante cose della quotidianit\u00e0. Edoardo, un ragazzo di appena 17 anni, un nostro concittadino e studente del <strong>Gobetti-Volta<\/strong>, ha perso la vita in un incidente stradale. Era alla guida del suo motorino quando si \u00e8 scontrato con un autobus nei pressi di Osteria nuova. Una perdita che lascia sgomenti e che ci sconvolge profondamente. Ho voluto portare un abbraccio ai suoi familiari, accorsi sul luogo dell\u2019incidente, perch\u00e9 tutta la nostra comunit\u00e0 si stringe commossa intorno a loro in questo momento di dolore. Tutti i nostri pensieri vanno a Edoardo e alla sua famiglia e a suoi amici, non c\u2019\u00e8 modo di accettare che una giovane vita se ne vada cos\u00ec\u201d.<\/p>\n","protected":false},"excerpt":{"rendered":"Bagno a Ripoli (Firenze), 27 luglio 2026 \u2013\u00a0Tragedia della strada all\u2019Antella: ancora una giovane vita spezzata. Un diciassettenne&hellip;\n","protected":false},"author":3,"featured_media":604497,"comment_status":"","ping_status":"","sticky":false,"template":"","format":"standard","meta":{"footnotes":"","_share_on_mastodon":"0"},"categories":[79],"tags":[8722,14,93,94,1537,90,89,123769,13293,7,15,22469,19145,11,84,91,12,85,92],"class_list":["post-604496","post","type-post","status-publish","format-standard","has-post-thumbnail","category-italia","tag-autobus","tag-cronaca","tag-cronaca-italiana","tag-cronacaitaliana","tag-it","tag-italia","tag-italy","tag-motorino","tag-muore","tag-news","tag-notizie","tag-schianto","tag-terribile","tag-ultime-notizie","tag-ultime-notizie-e-news-di-oggi","tag-ultime-notizie-italia","tag-ultimenotizie","tag-ultimenotizieenewsdioggi","tag-ultimenotizieitalia"],"share_on_mastodon":{"url":"https:\/\/pubeurope.com\/@it\/116991649991210950","error":""},"_links":{"self":[{"href":"https:\/\/www.europesays.com\/it\/wp-json\/wp\/v2\/posts\/604496","targetHints":{"allow":["GET"]}}],"collection":[{"href":"https:\/\/www.europesays.com\/it\/wp-json\/wp\/v2\/posts"}],"about":[{"href":"https:\/\/www.europesays.com\/it\/wp-json\/wp\/v2\/types\/post"}],"author":[{"embeddable":true,"href":"https:\/\/www.europesays.com\/it\/wp-json\/wp\/v2\/users\/3"}],"replies":[{"embeddable":true,"href":"https:\/\/www.europesays.com\/it\/wp-json\/wp\/v2\/comments?post=604496"}],"version-history":[{"count":0,"href":"https:\/\/www.europesays.com\/it\/wp-json\/wp\/v2\/posts\/604496\/revisions"}],"wp:featuredmedia":[{"embeddable":true,"href":"https:\/\/www.europesays.com\/it\/wp-json\/wp\/v2\/media\/604497"}],"wp:attachment":[{"href":"https:\/\/www.europesays.com\/it\/wp-json\/wp\/v2\/media?parent=604496"}],"wp:term":[{"taxonomy":"category","embeddable":true,"href":"https:\/\/www.europesays.com\/it\/wp-json\/wp\/v2\/categories?post=604496"},{"taxonomy":"post_tag","embeddable":true,"href":"https:\/\/www.europesays.com\/it\/wp-json\/wp\/v2\/tags?post=604496"}],"curies":[{"name":"wp","href":"https:\/\/api.w.org\/{rel}","templated":true}]}}