{"id":604595,"date":"2026-07-27T12:49:10","date_gmt":"2026-07-27T12:49:10","guid":{"rendered":"https:\/\/www.europesays.com\/it\/604595\/"},"modified":"2026-07-27T12:49:10","modified_gmt":"2026-07-27T12:49:10","slug":"paolo-ruffini-faccio-un-programma-sulla-salute-mentale-perche-siamo-indietro-conosco-da-vicino-gli-attacchi-di-panico-le-persone-con-sindrome-di-down-non-sono-speciali","status":"publish","type":"post","link":"https:\/\/www.europesays.com\/it\/604595\/","title":{"rendered":"Paolo Ruffini: \u00abFaccio un programma sulla salute mentale perch\u00e9 siamo indietro, conosco da vicino gli attacchi di panico. Le persone con sindrome di Down? Non sono speciali\u00bb"},"content":{"rendered":"<p><strong>Si aspettava una risposta del genere?<\/strong><br \/>\u00abIl risultato \u00e8 incredibile. Non abbiamo ancora fatto cento spettacoli e siamo intorno ai 196 mila spettatori. \u00c8 diventata quasi una cosa da rockstar. Faremo l&#8217;Arena di Verona, la Reggia di Caserta, per la seconda volta la Cavea dell&#8217;Auditorium di Roma. \u00c8 una grandissima soddisfazione\u00bb.<\/p>\n<p><strong>Tra televisione, radio, cinema e teatro, oggi \u00e8 ancora il palco a darle di pi\u00f9?<\/strong><br \/>\u00abIn questo momento s\u00ec. Il teatro ti permette di avere un altro tipo di rapporto con il pubblico. Chi viene spende dei soldi, spesso viene insieme a qualcuno a cui vuole bene, cerca parcheggio, fa chilometri. So di persone che dalla Sardegna sono venute a Firenze o da Bari sono andate a Torino perch\u00e9 non trovavano i biglietti nella loro citt\u00e0\u00bb.<\/p>\n<p><strong>Che cosa le restituisce il pubblico alla fine dello spettacolo?<\/strong><br \/>\u00abCi sono due cose che mi danno pi\u00f9 soddisfazione in assoluto. La prima \u00e8 che invece di dirmi \u201cbravo\u201d mi dicono \u201cgrazie\u201d. E questa cosa la sento molto\u00bb.<\/p>\n<p><strong>E la seconda?<\/strong><br \/>\u00abChe le persone si scompongono. I miei spettacoli cercano di aprire quel rubinetto l\u00ec: quell&#8217;esigenza che secondo me abbiamo tutti, in base alla nostra sensibilit\u00e0, di piangere un po&#8217; davvero\u00bb.<\/p>\n<p><strong>Nei suoi spettacoli torna spesso il rifiuto dell&#8217;idea di \u201cnormalit\u00e0\u201d. Che cosa significa per lei?<\/strong><br \/>\u00ab\u00c8 anche una questione di riferimenti, quasi un gioco di parole. Per me l&#8217;umanit\u00e0 \u00e8 normale. Il problema \u00e8 che oggi, se sei gentile con qualcuno, la prima cosa che quella persona si domanda \u00e8: \u201cDov&#8217;\u00e8 la fregatura? Che cosa vuole?\u201d\u00bb.<\/p>\n<p><strong>Anche l&#8217;allegria \u00e8 diventata sospetta?<\/strong><br \/>\u00abL&#8217;allegria oggi \u00e8 minacciosa. Io ricordo un mondo in cui tutto quello che oggi ci sembra eccezionale era normale. Forse il ritorno alla normalit\u00e0 passa proprio da questo\u00bb.<\/p>\n<p><strong>\u00c8 cambiato anche il modo in cui reagiamo alla comicit\u00e0?<\/strong><br \/>\u00abOggi devi fare l&#8217;analisi logica di tutto e rispondere ai commenti. Se ci fossero oggi Fantozzi, Pierino, ma anche Pasolini, sarebbero al 41-bis. Il pubblico oggi ha una cassa di risonanza che prima non aveva\u00bb.<\/p>\n<p><strong>\u00c8 diventato pi\u00f9 difficile accettare una battuta che non ci piace?<\/strong><br \/>\u00abS\u00ec. Fai una battuta, se non ti piace amen. Se ti offendi non \u00e8 automaticamente detto che tu abbia ragione. Non c&#8217;\u00e8 pi\u00f9 tempo per la leggerezza\u00bb.<\/p>\n<p><strong>Pensa che il tentativo di non offendere nessuno possa diventare un problema?<\/strong><br \/>\u00abL&#8217;estremismo nel non voler offendere nessuno, per assurdo, genera persone che muoiono dalla voglia di offendersi. A forza di gridare \u201cal lupo, al lupo\u201d, poi quella denuncia non ha pi\u00f9 valore\u00bb.<\/p>\n<p><strong>Lei con che televisione e con che comicit\u00e0 \u00e8 cresciuto?<\/strong><br \/>\u00abHo divorato la televisione, Corrado, programmi pieni anche di battutacce e black humour\u00bb.<\/p>\n<p><strong>Oggi ci si sforza di piacere a tutti?<\/strong><br \/>\u00abIl consenso \u00e8 diventato un&#8217;arma a doppio taglio, perch\u00e9 vogliamo piacere tutti a tutti. Ma \u00e8 una follia. Bisogna accettare che qualcuno possa non gradire quello che fai\u00bb.<\/p>\n<p><strong>A lei non interessa.<\/strong><br \/>\u00abNo. C&#8217;\u00e8 anche un certo tipo di pubblico che non vorrei mi guardasse: persone violente, guerrafondaie, persone che non provano empatia o che sono contro la fragilit\u00e0. Non mi interessa avere quel pubblico\u00bb.<\/p>\n","protected":false},"excerpt":{"rendered":"Si aspettava una risposta del genere?\u00abIl risultato \u00e8 incredibile. Non abbiamo ancora fatto cento spettacoli e siamo intorno&hellip;\n","protected":false},"author":3,"featured_media":604596,"comment_status":"","ping_status":"","sticky":false,"template":"","format":"standard","meta":{"footnotes":"","_share_on_mastodon":"0"},"categories":[1451],"tags":[1621,1620,203,204,1537,90,89,311713,2936,45973,318170,6124],"class_list":["post-604595","post","type-post","status-publish","format-standard","has-post-thumbnail","category-celebrita","tag-celebrita","tag-celebrities","tag-entertainment","tag-intrattenimento","tag-it","tag-italia","tag-italy","tag-paywall-subscriber-only-content","tag-show","tag-splitscreenimageleftfullbleed","tag-tv-e-serie","tag-web"],"share_on_mastodon":{"url":"https:\/\/pubeurope.com\/@it\/116992027394698421","error":""},"_links":{"self":[{"href":"https:\/\/www.europesays.com\/it\/wp-json\/wp\/v2\/posts\/604595","targetHints":{"allow":["GET"]}}],"collection":[{"href":"https:\/\/www.europesays.com\/it\/wp-json\/wp\/v2\/posts"}],"about":[{"href":"https:\/\/www.europesays.com\/it\/wp-json\/wp\/v2\/types\/post"}],"author":[{"embeddable":true,"href":"https:\/\/www.europesays.com\/it\/wp-json\/wp\/v2\/users\/3"}],"replies":[{"embeddable":true,"href":"https:\/\/www.europesays.com\/it\/wp-json\/wp\/v2\/comments?post=604595"}],"version-history":[{"count":0,"href":"https:\/\/www.europesays.com\/it\/wp-json\/wp\/v2\/posts\/604595\/revisions"}],"wp:featuredmedia":[{"embeddable":true,"href":"https:\/\/www.europesays.com\/it\/wp-json\/wp\/v2\/media\/604596"}],"wp:attachment":[{"href":"https:\/\/www.europesays.com\/it\/wp-json\/wp\/v2\/media?parent=604595"}],"wp:term":[{"taxonomy":"category","embeddable":true,"href":"https:\/\/www.europesays.com\/it\/wp-json\/wp\/v2\/categories?post=604595"},{"taxonomy":"post_tag","embeddable":true,"href":"https:\/\/www.europesays.com\/it\/wp-json\/wp\/v2\/tags?post=604595"}],"curies":[{"name":"wp","href":"https:\/\/api.w.org\/{rel}","templated":true}]}}