{"id":604652,"date":"2026-07-27T13:29:17","date_gmt":"2026-07-27T13:29:17","guid":{"rendered":"https:\/\/www.europesays.com\/it\/604652\/"},"modified":"2026-07-27T13:29:17","modified_gmt":"2026-07-27T13:29:17","slug":"omicidio-a-roma-ferito-per-difendere-un-amico-da-una-rapina-muore-in-ospedale-dopo-8-giorni-dagonia","status":"publish","type":"post","link":"https:\/\/www.europesays.com\/it\/604652\/","title":{"rendered":"Omicidio a Roma: ferito per difendere un amico da una rapina muore in ospedale dopo 8 giorni d&#8217;agonia"},"content":{"rendered":"<p>Omicidio a Roma. Un uomo di origini nordafricane ferito durante una violenta rapina alla stazione Palmiro Togliatti, a Colli Aniene, \u00e8 morto dopo otto giorni di agonia in ospedale. Per il delitto era gi\u00e0 finito in carcere un cittadino di origini gambiane di 31 anni e l&#8217;accusa nei suoi confronti \u00e8 stata rubricata da tentato omicidio a omicidio.<\/p>\n<p>Ferito durante una rapina\u00a0<\/p>\n<p>Secondo quanto ricostruito i fatti sono accaduti sabato 18 luglio intorno alle 15:00 quando un 31enne gambiano ha aggredito un connazionale di 28 anni che lo voleva rapinare di soldi e telefono cellulare alla stazione ferroviaria Togliatti. Nel tentativo di divincolarsi il 28enne \u00e8 stato quindi colpito con calci e pugni, riuscendo per\u00f2 a raggiungere l&#8217;uscita della stazione ferroviaria.<\/p>\n<p>L&#8217;intervento dell&#8217;amico della vittima<\/p>\n<p>Ad assistere all&#8217;aggressione un amico della vittima, un 30enne egiziano. Intervenuto in difesa del 28enne, \u00e8 stato poi colpito alle testa con un cacciavite e lasciato in terra in gravissime condizioni. A chiamare il 118 \u00e8 stato il gambiano di 28 anni dopo essere tornato in stazione ed aver trovato il cittadino egiziano esanime in una pozza di sangue.<\/p>\n<p>Morto dopo 8 giorni d&#8217;agonia<\/p>\n<p>Accompagnato d&#8217;urgenza dall&#8217;ambulanza del 118 al policlinico Umberto I il 30enne \u00e8 poi morto dopo 8 giorni di agonia a causa delle ferite riportate nell&#8217;aggressione. Ferito anche il 28enne, accompagnato all&#8217;ospedale Sandro Pertini dove \u00e8 stato poi medicato e dimesso. Il presunto responsabile \u00e8 ora accusato di omicidio.<\/p>\n","protected":false},"excerpt":{"rendered":"Omicidio a Roma. Un uomo di origini nordafricane ferito durante una violenta rapina alla stazione Palmiro Togliatti, a&hellip;\n","protected":false},"author":3,"featured_media":604653,"comment_status":"","ping_status":"","sticky":false,"template":"","format":"standard","meta":{"footnotes":"","_share_on_mastodon":"0"},"categories":[6],"tags":[14,8,1537,90,89,770,7,15,82,9,83,10,2639,13,11,80,84,12,81,85],"class_list":["post-604652","post","type-post","status-publish","format-standard","has-post-thumbnail","category-ultime-notizie","tag-cronaca","tag-headlines","tag-it","tag-italia","tag-italy","tag-morti","tag-news","tag-notizie","tag-notizie-di-cronaca","tag-notizie-principali","tag-notiziedicronaca","tag-notizieprincipali","tag-omicidi","tag-titoli","tag-ultime-notizie","tag-ultime-notizie-di-cronaca","tag-ultime-notizie-e-news-di-oggi","tag-ultimenotizie","tag-ultimenotiziedicronaca","tag-ultimenotizieenewsdioggi"],"share_on_mastodon":{"url":"https:\/\/pubeurope.com\/@it\/116992184464766357","error":""},"_links":{"self":[{"href":"https:\/\/www.europesays.com\/it\/wp-json\/wp\/v2\/posts\/604652","targetHints":{"allow":["GET"]}}],"collection":[{"href":"https:\/\/www.europesays.com\/it\/wp-json\/wp\/v2\/posts"}],"about":[{"href":"https:\/\/www.europesays.com\/it\/wp-json\/wp\/v2\/types\/post"}],"author":[{"embeddable":true,"href":"https:\/\/www.europesays.com\/it\/wp-json\/wp\/v2\/users\/3"}],"replies":[{"embeddable":true,"href":"https:\/\/www.europesays.com\/it\/wp-json\/wp\/v2\/comments?post=604652"}],"version-history":[{"count":0,"href":"https:\/\/www.europesays.com\/it\/wp-json\/wp\/v2\/posts\/604652\/revisions"}],"wp:featuredmedia":[{"embeddable":true,"href":"https:\/\/www.europesays.com\/it\/wp-json\/wp\/v2\/media\/604653"}],"wp:attachment":[{"href":"https:\/\/www.europesays.com\/it\/wp-json\/wp\/v2\/media?parent=604652"}],"wp:term":[{"taxonomy":"category","embeddable":true,"href":"https:\/\/www.europesays.com\/it\/wp-json\/wp\/v2\/categories?post=604652"},{"taxonomy":"post_tag","embeddable":true,"href":"https:\/\/www.europesays.com\/it\/wp-json\/wp\/v2\/tags?post=604652"}],"curies":[{"name":"wp","href":"https:\/\/api.w.org\/{rel}","templated":true}]}}