{"id":604660,"date":"2026-07-27T13:38:19","date_gmt":"2026-07-27T13:38:19","guid":{"rendered":"https:\/\/www.europesays.com\/it\/604660\/"},"modified":"2026-07-27T13:38:19","modified_gmt":"2026-07-27T13:38:19","slug":"tour-de-france-festa-oliveira-il-lusitano-nella-storia-24-grande-giro-consecutivo-senza-ritiri","status":"publish","type":"post","link":"https:\/\/www.europesays.com\/it\/604660\/","title":{"rendered":"TOUR DE FRANCE, FESTA OLIVEIRA: IL LUSITANO NELLA STORIA, 24\u00b0 GRANDE GIRO CONSECUTIVO (SENZA RITIRI)"},"content":{"rendered":"<p>            <a class=\"category\" href=\"https:\/\/www.tuttobiciweb.it\/articles\/category\/TOUR%20DE%20FRANCE\" itemprop=\"about\" rel=\"nofollow noopener\" target=\"_blank\">TOUR DE FRANCE<\/a> | 27\/07\/2026 | 13:25<br \/>\n            <a class=\"author\" href=\"https:\/\/www.tuttobiciweb.it\/articles\/author\/Federico%20Guido\" rel=\"nofollow noopener\" target=\"_blank\">di Federico Guido<\/a><\/p>\n<p class=\"MsoNormal\" style=\"text-align: justify;\">In un <b>Tour de France<\/b> che ha riservato ben poche soddisfazioni alla <b>Movistar<\/b> (il miglior risultato \u00e8 stato il terzo posto ottenuto da Raul Garcia Pierna nella quarta tappa), il traguardo tagliato sugli Champs-Elys\u00e9es da parte di <b>Nelson Oliveira<\/b> ha sicuramente rappresentato per la storica formazione spagnola un valido motivo per festeggiare la conclusione delle tre settimane di gara in terra catalano-francese.\n            <\/p>\n<p class=\"MsoNormal\" style=\"text-align: justify;\">Come mai nessun altro nella storia prima di lui, infatti, giungendo a Parigi l\u2019esperto corridore portoghese ha concluso il <b>ventiquattresimo Grande Giro consecutivo<\/b> in carriera senza far mai registrare ritiri o squalifiche, ritoccando in questa maniera un primato che, prima della Grande Boucle appena archiviata, egli deteneva in coabitazione con <b>Sylwester Szmyd<\/b>.<\/p>\n<p class=\"MsoNormal\" style=\"text-align: justify;\">Tale record, con tutti i numeri a esso correlati, evidenzia l\u2019impressionante adattabilit\u00e0 del trentasettenne di Anadia a una fatica come quella dei Grand Tours e la sua incredibile capacit\u00e0 di dribblare tutti gli imprevisti e ostacoli (cadute, malanni, problemi fisici) che nel corso delle tre settimane di gara solitamente mettono a repentaglio la permanenza in corsa degli atleti.<\/p>\n<p class=\"MsoNormal\" style=\"text-align: justify;\">Dalla <b>Vuelta a Espa\u00f1a 2011<\/b> al Tour de France 2026 per\u00f2 Oliveira si \u00e8 fatto beffe di tutto ci\u00f2 completando la bellezza di <b>dieci Giri di Spagna, dieci Grande Boucle<\/b> e <b>quattro Giri d\u2019Italia<\/b> senza abbandoni prematuri o esclusioni imposte dalla giuria, un risultato questo che, vestendo le casacche di <b>Radioshack, Lampre-Merida <\/b>e<b> Movistar<\/b>, lo ha portato in quindici anni a disputare <b>500 tappe<\/b> coprendo una distanza totale di <b>80.489 chilometri<\/b> pari a oltre due giri dell\u2019Equatore.<\/p>\n<p class=\"MsoNormal\" style=\"text-align: justify;\">Fra tutte le frazioni percorse, quella a cui il lusitano (mai in testa a una classifica ufficiale nelle tre grandi corse a tappe) deve i ricordi pi\u00f9 dolci \u00e8 indubbiamente la <b>Calatayud-Tarazona<\/b> della Vuelta a Espa\u00f1a 2015, ovvero l\u2019unica che, con un attacco solitario a una ventina di chilometri dal traguardo, lo ha visto alzare le braccia al cielo conquistando l\u2019unica vittoria (finora) della carriera ottenuta al di fuori dei confini nazionali e la seconda (sulle cinque messe in bacheca) in una gara in linea.<\/p>\n<p class=\"MsoNormal\" style=\"text-align: justify;\">Per il resto Oliveira si \u00e8 speso alacremente per la causa dei suoi leader e dei suoi compagni diventando un imprescindibile uomo squadra e punto di riferimento all\u2019interno della Movistar dove, dal 2016 a oggi, non ha mai mancato di fornire consigli e supporto (in corsa e fuori) a chi glieli chiedesse: proprio per questo e, in generale, per come si \u00e8 dedicato agli altri in diciassette anni di carriera, il record siglato ieri in conclusione di Tour assume un valore ancora pi\u00f9 speciale e merita senza alcun dubbio di essere sottolineato a dovere.<\/p>\n<p>\n    <a href=\"https:\/\/www.tuttobiciweb.it\/article\/2026\/07\/27\/1785151607\/tour-de-france-2026-oliveira-record-grand-tours?lang=en\" rel=\"nofollow noopener\" target=\"_blank\"><img decoding=\"async\" src=\"https:\/\/www.europesays.com\/it\/wp-content\/uploads\/2025\/12\/enver.png\"\/><\/a><\/p>\n<p>Copyright &amp;copy TBW<\/p>\n","protected":false},"excerpt":{"rendered":"TOUR DE FRANCE | 27\/07\/2026 | 13:25 di Federico Guido In un Tour de France che ha riservato&hellip;\n","protected":false},"author":3,"featured_media":604661,"comment_status":"","ping_status":"","sticky":false,"template":"","format":"standard","meta":{"footnotes":"","_share_on_mastodon":"0"},"categories":[1456],"tags":[1824,1825,30375,1537,90,89,15530,3421,245,244,26869],"class_list":["post-604660","post","type-post","status-publish","format-standard","has-post-thumbnail","category-ciclismo","tag-ciclismo","tag-cycling","tag-grandi-giri","tag-it","tag-italia","tag-italy","tag-oliveira","tag-record","tag-sport","tag-sports","tag-tour-de-france-2026"],"share_on_mastodon":{"url":"https:\/\/pubeurope.com\/@it\/116992220901389244","error":""},"_links":{"self":[{"href":"https:\/\/www.europesays.com\/it\/wp-json\/wp\/v2\/posts\/604660","targetHints":{"allow":["GET"]}}],"collection":[{"href":"https:\/\/www.europesays.com\/it\/wp-json\/wp\/v2\/posts"}],"about":[{"href":"https:\/\/www.europesays.com\/it\/wp-json\/wp\/v2\/types\/post"}],"author":[{"embeddable":true,"href":"https:\/\/www.europesays.com\/it\/wp-json\/wp\/v2\/users\/3"}],"replies":[{"embeddable":true,"href":"https:\/\/www.europesays.com\/it\/wp-json\/wp\/v2\/comments?post=604660"}],"version-history":[{"count":0,"href":"https:\/\/www.europesays.com\/it\/wp-json\/wp\/v2\/posts\/604660\/revisions"}],"wp:featuredmedia":[{"embeddable":true,"href":"https:\/\/www.europesays.com\/it\/wp-json\/wp\/v2\/media\/604661"}],"wp:attachment":[{"href":"https:\/\/www.europesays.com\/it\/wp-json\/wp\/v2\/media?parent=604660"}],"wp:term":[{"taxonomy":"category","embeddable":true,"href":"https:\/\/www.europesays.com\/it\/wp-json\/wp\/v2\/categories?post=604660"},{"taxonomy":"post_tag","embeddable":true,"href":"https:\/\/www.europesays.com\/it\/wp-json\/wp\/v2\/tags?post=604660"}],"curies":[{"name":"wp","href":"https:\/\/api.w.org\/{rel}","templated":true}]}}