{"id":604719,"date":"2026-07-27T14:22:23","date_gmt":"2026-07-27T14:22:23","guid":{"rendered":"https:\/\/www.europesays.com\/it\/604719\/"},"modified":"2026-07-27T14:22:23","modified_gmt":"2026-07-27T14:22:23","slug":"ponte-sullo-stretto-di-messina-esposto-della-cgil-alla-corte-dei-conti-per-danno-erariale","status":"publish","type":"post","link":"https:\/\/www.europesays.com\/it\/604719\/","title":{"rendered":"Ponte sullo Stretto di Messina, esposto della Cgil alla Corte dei Conti per danno erariale"},"content":{"rendered":"<p>La mossa della Cgil si pone l\u2019obiettivo di fare piena luce sulla gestione delle risorse destinate al <a data-intcmp=\"skytg24_foglia articolo_interlink_text\" href=\"https:\/\/tg24.sky.it\/argomenti\/ponte-sullo-stretto\" rel=\"nofollow noopener\" target=\"_blank\">Ponte sullo Stretto di Messina<\/a>. La confederazione nazionale ha presentato oggi un esposto alla Corte dei conti per chiedere di accertare se, nella gestione del progetto del Ponte, siano stati impiegati correttamente i soldi pubblici o se, al contrario, vi siano i presupposti di un danno erariale. L&#8217;esposto, firmato dal segretario generale Maurizio Landini e presentato alle Procure regionali della Corte dei conti della Sicilia e del Lazio e alla Procura Generale presso la Sezione giurisdizionale d\u2019appello della Corte dei conti per la Regione Siciliana, \u201cnasce da un principio molto semplice: quando sono in gioco miliardi di euro dei cittadini \u2013 sostiene la Confederazione \u2013 \u00e8 un dovere pretendere trasparenza, legalit\u00e0 e un uso rigoroso delle risorse pubbliche\u201d.<\/p>\n<p>\t\t \tLe risorse pubbliche<\/p>\n<p>La stessa Corte dei conti, nel corso dell&#8217;esame della delibera del Cipess, ha evidenziato numerose criticit\u00e0, ricorda la Cgil: &#8220;Il costo definitivo dell&#8217;opera non \u00e8 ancora determinato, permangono dubbi sul rispetto della normativa europea in materia di appalti e tutela ambientale e molte delle infrastrutture indispensabili al funzionamento del Ponte non risultano ancora finanziate o completate&#8221;. A fronte di queste incertezze, \u201cla Cgil ritiene doveroso chiedere alla magistratura contabile di verificare se le enormi risorse pubbliche siano state utilizzate nel rispetto della legge e nell&#8217;interesse generale o se, invece, esista il rischio concreto che si stia producendo un danno alle finanze dello Stato. Non si tratta di una battaglia ideologica n\u00e9 di una contrapposizione pregiudiziale all&#8217;opera, ma di difendere il denaro pubblico. Ogni euro sprecato per il Ponte \u00e8 un euro tolto agli ospedali, alle scuole e alle vere infrastrutture di cui il Sud ha bisogno&#8221;. La Confederazione ricorda infatti che \u201cparliamo di un&#8217;opera il cui costo supera ormai i 13 miliardi di euro e che continua ad aumentare. Nel frattempo, la Societ\u00e0 Stretto di Messina ha gi\u00e0 assorbito ingenti risorse pubbliche senza che sia stato realizzato il Ponte e senza che i cittadini abbiano visto alcun beneficio concreto. Il Mezzogiorno continua ad avere bisogno di ferrovie moderne, strade sicure, trasporti efficienti, porti, scuole, ospedali e servizi pubblici di qualit\u00e0. Sono questi gli investimenti che possono migliorare davvero la vita delle persone, creare lavoro e ridurre i divari territoriali\u201d, sostiene la Cgil. \u201cPer questo \u2013 si conclude la nota \u2013 chiediamo alla Corte dei conti di fare piena luce sulla gestione delle risorse destinate al Ponte sullo Stretto. Difendere il denaro pubblico significa difendere i diritti dei cittadini. Significa evitare che miliardi di euro vengano impiegati senza adeguate garanzie, mentre il Paese continua ad avere bisogno di investimenti utili, infrastrutture moderne e servizi pubblici efficienti\u201d.<\/p>\n<p>\t\t\t<a class=\"c-inline-card j-inline-card c-inline-card--with-image\" href=\"https:\/\/tg24.sky.it\/cronaca\/2026\/06\/11\/inchiesta-ponte-sullo-stretto-indagini-news\" rel=\"follow nofollow noopener\" data-intcmp=\"skytg24_articolo_approfondimenti_inline\" target=\"_blank\"><\/p>\n<p>\t\t\t         <img decoding=\"async\" crossorigin=\"anonymous\" alt=\"\" src=\"https:\/\/www.europesays.com\/it\/wp-content\/uploads\/2026\/07\/miele_2_.JPG\"  loading=\"lazy\"  bad-src=\"https:\/\/www.europesays.com\/it\/wp-content\/uploads\/2026\/07\/miele_2_.JPG\"\/><\/p>\n<p>\n\t\t\t         Approfondimento<br \/>\n\t\t\t         Ponte sullo Stretto, si dimette il presidente Tommaso Miele\n\t\t\t      <\/p>\n<p>\t\t\t<\/a><\/p>\n<p>\t\t \tCiucci: Stretto di Messina ha massimo rispetto norme e tutela denaro pubblico<\/p>\n<p>&#8220;Ho appreso con grande sorpresa dell&#8217;iniziativa assunta dalla Cgil con un esposto alla Corte dei conti. La societ\u00e0 Stretto di Messina ha operato e opera nel pieno rispetto delle norme e con la massima attenzione per tutela del denaro pubblico destinato alla realizzazione del ponte sullo Stretto di Messina. I meccanismi di controllo sono articolati, definiti e trasparenti. Siamo una societ\u00e0 interamente pubblica, in house, e pertanto sottoposta al controllo analogo del Ministero delle infrastrutture e dei trasporti ovvero alla vigilanza sulle principali attivit\u00e0 della Societ\u00e0. La societ\u00e0, inoltre, \u00e8 soggetta al controllo della Corte dei Conti esercitato dal Magistrato Delegato che assiste alle sedute del Consiglio di Amministrazione e del Collegio Sindacale&#8221;. Cos\u00ec l&#8217;amministratore delegato della Stretto di Messina, Pietro Ciucci sentito dall&#8217;ANSA in merito all&#8217;esposto Cgil.\u00a0<\/p>\n<p>\t\t\t<a class=\"c-inline-card j-inline-card c-inline-card--with-image\" href=\"https:\/\/tg24.sky.it\/politica\/2026\/05\/08\/decreto-ponte-sullo-stretto-legge\" rel=\"follow nofollow noopener\" data-intcmp=\"skytg24_articolo_approfondimenti_inline\" target=\"_blank\"><\/p>\n<p>\t\t\t         <img decoding=\"async\" crossorigin=\"anonymous\" alt=\"Un frame tratto da un video del rendering del Ponte sullo Stretto di Messina, 6 agosto 2025. ANSA\/US WEBUILD +++  ++ ANSA PROVIDES ACCESS TO THIS HANDOUT PHOTO TO BE USED SOLELY TO ILLUSTRATE NEWS REPORTING OR COMMENTARY ON THE FACTS OR EVENTS DEPICTED IN THIS IMAGE; NO ARCHIVING; NO LICENSING +++ NPK\" src=\"https:\/\/www.europesays.com\/it\/wp-content\/uploads\/2025\/12\/ponte_stretto_ansa.jpg\"  loading=\"lazy\"  bad-src=\"https:\/\/www.europesays.com\/it\/wp-content\/uploads\/2025\/12\/ponte_stretto_ansa.jpg\"\/><\/p>\n<p>\n\t\t\t         Approfondimento<br \/>\n\t\t\t         Ponte sullo Stretto, il decreto \u00e8 legge: ecco tutte le novit\u00e0\n\t\t\t      <\/p>\n<p>\t\t\t<\/a><\/p>\n","protected":false},"excerpt":{"rendered":"La mossa della Cgil si pone l\u2019obiettivo di fare piena luce sulla gestione delle risorse destinate al Ponte&hellip;\n","protected":false},"author":3,"featured_media":604720,"comment_status":"","ping_status":"","sticky":false,"template":"","format":"standard","meta":{"footnotes":"","_share_on_mastodon":"0"},"categories":[79],"tags":[192,14,93,94,1537,90,89,7,15,30952,30671,11,84,91,12,85,92],"class_list":["post-604719","post","type-post","status-publish","format-standard","has-post-thumbnail","category-italia","tag-cgil","tag-cronaca","tag-cronaca-italiana","tag-cronacaitaliana","tag-it","tag-italia","tag-italy","tag-news","tag-notizie","tag-ponte-sullo-stretto","tag-stretto-di-messina","tag-ultime-notizie","tag-ultime-notizie-e-news-di-oggi","tag-ultime-notizie-italia","tag-ultimenotizie","tag-ultimenotizieenewsdioggi","tag-ultimenotizieitalia"],"share_on_mastodon":{"url":"https:\/\/pubeurope.com\/@it\/116992394090493868","error":""},"_links":{"self":[{"href":"https:\/\/www.europesays.com\/it\/wp-json\/wp\/v2\/posts\/604719","targetHints":{"allow":["GET"]}}],"collection":[{"href":"https:\/\/www.europesays.com\/it\/wp-json\/wp\/v2\/posts"}],"about":[{"href":"https:\/\/www.europesays.com\/it\/wp-json\/wp\/v2\/types\/post"}],"author":[{"embeddable":true,"href":"https:\/\/www.europesays.com\/it\/wp-json\/wp\/v2\/users\/3"}],"replies":[{"embeddable":true,"href":"https:\/\/www.europesays.com\/it\/wp-json\/wp\/v2\/comments?post=604719"}],"version-history":[{"count":0,"href":"https:\/\/www.europesays.com\/it\/wp-json\/wp\/v2\/posts\/604719\/revisions"}],"wp:featuredmedia":[{"embeddable":true,"href":"https:\/\/www.europesays.com\/it\/wp-json\/wp\/v2\/media\/604720"}],"wp:attachment":[{"href":"https:\/\/www.europesays.com\/it\/wp-json\/wp\/v2\/media?parent=604719"}],"wp:term":[{"taxonomy":"category","embeddable":true,"href":"https:\/\/www.europesays.com\/it\/wp-json\/wp\/v2\/categories?post=604719"},{"taxonomy":"post_tag","embeddable":true,"href":"https:\/\/www.europesays.com\/it\/wp-json\/wp\/v2\/tags?post=604719"}],"curies":[{"name":"wp","href":"https:\/\/api.w.org\/{rel}","templated":true}]}}