{"id":604819,"date":"2026-07-27T15:43:18","date_gmt":"2026-07-27T15:43:18","guid":{"rendered":"https:\/\/www.europesays.com\/it\/604819\/"},"modified":"2026-07-27T15:43:18","modified_gmt":"2026-07-27T15:43:18","slug":"sindaco-di-bologna-sotto-scorta-parla-lepore-sono-nelle-mani-dello-stato-mi-fido","status":"publish","type":"post","link":"https:\/\/www.europesays.com\/it\/604819\/","title":{"rendered":"Sindaco di Bologna sotto scorta. Parla Lepore: &#8220;Sono nelle mani dello Stato, mi fido&#8221;"},"content":{"rendered":"<p> &#13;<\/p>\n<p>      &#13;<br \/>\n        <img decoding=\"async\" alt=\"BolognaToday\" class=\"c-avatar__thumb u-absolute u-left u-bottom u-size-full u-radius-circle\" src=\"https:\/\/www.europesays.com\/it\/wp-content\/uploads\/2025\/10\/citynews-bolognatoday.png\"\/>&#13;<\/p>\n<p>&#13;<br \/>\n      Redazione&#13;<br \/>\n                    27 luglio 2026 13:11&#13;\n           <\/p>\n<p>           &#13;<br \/>\n          &#13;<br \/>\n&#13;<br \/>\n&#13;<br \/>\n&#13;<br \/>\nCondividi  &#13;<br \/>\n    &#13;<br \/>\n  &#13;<\/p>\n<p>Il sindaco di Bologna, Matteo Lepore, \u00e8 comparso stamane per la prima volta in pubblico dopo l&#8217;assegnazione di una scorta da parte della prefettura, disposta a seguito delle minacce ricevute via social dopo la manifestazione del 20 luglio in piazza Nettuno, tenuta in solidariet\u00e0 con la famiglia di Abderrahim Fakir.<\/p>\n<p>&#8220;Penso di poter dire che in questo momento sono nelle mani dello Stato, mi fido dello Stato&#8221;, ha dichiarato Lepore, sottolineando di non sentirsi in pericolo. &#8220;Chi fa il mio lavoro \u00e8 sempre esposto a rischi, i sindaci lo sanno molto bene. Nella nostra citt\u00e0 io sono abituato a girare liberamente ad ogni ora del giorno della notte e continuer\u00f2 a farlo con alcune accortezze. Credo che sia importante, che il sindaco mantenga un rapporto con la comunit\u00e0&#8221;, ha aggiunto a margine della presentazione delle iniziative per il 46esimo anniversario della strage del 2 agosto.<\/p>\n<p>Lepore ha espresso rispetto per gli agenti assegnati alla sua protezione, pur ammettendo il disagio per i vincoli imposti: &#8220;farei volentieri a meno della limitazione della mia libert\u00e0, ma \u00e8 un obbligo che mi \u00e8 stato presentato da parte del prefetto e quindi lo seguir\u00f2&#8221;.<\/p>\n<p>Il sindaco ha anche voluto fare chiarezza sulla propria posizione: &#8220;Ho letto le dichiarazioni del ministro Matteo Piantedosi, ringrazio il Viminale, ringrazio gli agenti che che mi seguiranno e tutto il personale di polizia. Ci tengo a chiarire che io non ho chiesto la scorta, ho sporto denuncia per delle minacce che sono arrivate&#8221;.<\/p>\n","protected":false},"excerpt":{"rendered":"&#13; &#13; &#13; &#13; Redazione&#13; 27 luglio 2026 13:11&#13; &#13; &#13; &#13; &#13; &#13; Condividi &#13; &#13; &#13;&hellip;\n","protected":false},"author":3,"featured_media":604820,"comment_status":"","ping_status":"","sticky":false,"template":"","format":"standard","meta":{"footnotes":"","_share_on_mastodon":"0"},"categories":[79],"tags":[327239,14,93,94,1537,90,89,21560,7,15,531,4275,333516,1686,11,84,91,12,85,92],"class_list":["post-604819","post","type-post","status-publish","format-standard","has-post-thumbnail","category-italia","tag-abderrahim-fakir","tag-cronaca","tag-cronaca-italiana","tag-cronacaitaliana","tag-it","tag-italia","tag-italy","tag-minacce","tag-news","tag-notizie","tag-polizia","tag-scorta","tag-sincao","tag-social","tag-ultime-notizie","tag-ultime-notizie-e-news-di-oggi","tag-ultime-notizie-italia","tag-ultimenotizie","tag-ultimenotizieenewsdioggi","tag-ultimenotizieitalia"],"share_on_mastodon":{"url":"https:\/\/pubeurope.com\/@it\/116992712409320801","error":""},"_links":{"self":[{"href":"https:\/\/www.europesays.com\/it\/wp-json\/wp\/v2\/posts\/604819","targetHints":{"allow":["GET"]}}],"collection":[{"href":"https:\/\/www.europesays.com\/it\/wp-json\/wp\/v2\/posts"}],"about":[{"href":"https:\/\/www.europesays.com\/it\/wp-json\/wp\/v2\/types\/post"}],"author":[{"embeddable":true,"href":"https:\/\/www.europesays.com\/it\/wp-json\/wp\/v2\/users\/3"}],"replies":[{"embeddable":true,"href":"https:\/\/www.europesays.com\/it\/wp-json\/wp\/v2\/comments?post=604819"}],"version-history":[{"count":0,"href":"https:\/\/www.europesays.com\/it\/wp-json\/wp\/v2\/posts\/604819\/revisions"}],"wp:featuredmedia":[{"embeddable":true,"href":"https:\/\/www.europesays.com\/it\/wp-json\/wp\/v2\/media\/604820"}],"wp:attachment":[{"href":"https:\/\/www.europesays.com\/it\/wp-json\/wp\/v2\/media?parent=604819"}],"wp:term":[{"taxonomy":"category","embeddable":true,"href":"https:\/\/www.europesays.com\/it\/wp-json\/wp\/v2\/categories?post=604819"},{"taxonomy":"post_tag","embeddable":true,"href":"https:\/\/www.europesays.com\/it\/wp-json\/wp\/v2\/tags?post=604819"}],"curies":[{"name":"wp","href":"https:\/\/api.w.org\/{rel}","templated":true}]}}