{"id":604861,"date":"2026-07-27T16:20:22","date_gmt":"2026-07-27T16:20:22","guid":{"rendered":"https:\/\/www.europesays.com\/it\/604861\/"},"modified":"2026-07-27T16:20:22","modified_gmt":"2026-07-27T16:20:22","slug":"vuelta-a-espana-2026-mads-pedersen-e-mattias-skjelmose-pronti-al-doppio-impegno-dopo-il-tour-de-france","status":"publish","type":"post","link":"https:\/\/www.europesays.com\/it\/604861\/","title":{"rendered":"Vuelta a Espa\u00f1a 2026, Mads Pedersen e Mattias Skjelmose pronti al doppio impegno dopo il Tour de France"},"content":{"rendered":"<p>\t\tAlessandro Farina27 Luglio 2026, 16:11<\/p>\n<p> Meno di un minuto <\/p>\n<p>\t\t<img width=\"1200\" height=\"799\" src=\"https:\/\/www.europesays.com\/it\/wp-content\/uploads\/2026\/07\/Mads-Pedersen-maglia-Verde-Tour-de-France-2026.webp\" class=\"attachment-full size-full wp-post-image\" alt=\"\" data-main-img=\"1\" decoding=\"async\" fetchpriority=\"high\"  \/><\/p>\n<p>\t\t\t\t\t\t\t \u00a9 ASO \/ Thomas Maheux<\/p>\n<p>\t\t\t\t\t<a href=\"https:\/\/cyclingpro.net\/spaziociclismo\/altro\/scopri-lapp-ufficiale-di-spaziociclismo\/\" title=\"\" rel=\"nofollow noopener\" target=\"_blank\"><br \/>\n\t\t\t\t\t\t<img loading=\"lazy\" decoding=\"async\" src=\"https:\/\/www.europesays.com\/it\/wp-content\/uploads\/2025\/09\/1758060682_662_Banner-App-SpazioCiclismo.png\" alt=\"\" width=\"728\" height=\"91\"\/><br \/>\n\t\t\t\t\t<\/a><\/p>\n<p>Il <strong>Tour de France 2026<\/strong> si \u00e8 appena concluso, ma le squadre guardano gi\u00e0 al programma in vista della <strong>Vuelta a Espa\u00f1a 2026<\/strong>. In casa <strong>Lidl-Trek<\/strong> si sta pensando di far correre entrambi i Grandi Giri ai due corridori danesi protagonisti, ovvero <strong>Mads Pedersen<\/strong> e <strong>Mattias Skjelmose<\/strong>, secondo quanto riportato dall\u2019emittente danese TV2. Il vincitore della Maglia Verde sar\u00e0 quindi il riferimento per gli sprint, che saranno il suo unico focus, senza pi\u00f9 curare la classifica a punti, mentre il gi\u00e0 annunciato <strong>Thibau Nys<\/strong> dovrebbe essere la punta per le tappe pi\u00f9 mosse. Dall\u2019altra parte la partecipazione di Skjelmose sarebbe invece la conferma del suo ruolo di capitano per la classifica, dopo l\u2019ottimo sesto posto ottenuto in questa Grande Boucle.<\/p>\n<p> <a href=\"https:\/\/cyclingpro.net\/spaziociclismo\/abbonati\/\" rel=\"nofollow noopener\" target=\"_blank\"><img decoding=\"async\" src=\"https:\/\/www.europesays.com\/it\/wp-content\/uploads\/2026\/07\/Banner-AdFree-SpazioCiclismo.png\"\/><\/a><\/p>\n<p>Seguici<\/p>\n<p>\t\t\t\t\t\t\t\t\t\t<a href=\"https:\/\/news.google.com\/publications\/CAAqKQgKIiNDQklTRkFnTWFoQUtEbU41WTJ4cGJtZHdjbTh1Ym1WMEtBQVAB?hl=it&amp;gl=IT&amp;ceid=IT%3Ait\" title=\"Google News\" target=\"_blank\" rel=\"nofollow noopener\" class=\"post-followus-btn google-new-btn\"><br \/>\n\t\t\t\t\t\t<img decoding=\"async\" src=\"https:\/\/cyclingpro.net\/spaziociclismo\/wp-content\/themes\/jannah\/assets\/images\/google-news.svg\" alt=\"Google News\" loading=\"lazy\" width=\"120\" height=\"22\"\/><br \/>\n\t\t\t\t\t<\/a><br \/>\n\t\t\t\t\t\t\t\t\t\t<a href=\"https:\/\/flipboard.com\/@SpazioCiclismo\" title=\"Flipboard\" target=\"_blank\" rel=\"nofollow noopener\" class=\"post-followus-btn flipboard-btn\"><br \/>\n\t\t\t\t\t\t<img decoding=\"async\" src=\"https:\/\/cyclingpro.net\/spaziociclismo\/wp-content\/themes\/jannah\/assets\/images\/flipboard.svg\" alt=\"Flipboard\" loading=\"lazy\" width=\"152\" height=\"30\"\/><br \/>\n\t\t\t\t\t<\/a><\/p>\n","protected":false},"excerpt":{"rendered":"Alessandro Farina27 Luglio 2026, 16:11 Meno di un minuto \u00a9 ASO \/ Thomas Maheux Il Tour de France&hellip;\n","protected":false},"author":3,"featured_media":587433,"comment_status":"","ping_status":"","sticky":false,"template":"","format":"standard","meta":{"footnotes":"","_share_on_mastodon":"0"},"categories":[1456],"tags":[1824,1825,1537,90,89,29893,81170,245,244,37023],"class_list":["post-604861","post","type-post","status-publish","format-standard","has-post-thumbnail","category-ciclismo","tag-ciclismo","tag-cycling","tag-it","tag-italia","tag-italy","tag-mads-pedersen","tag-mattias-skjelmose-jensen","tag-sport","tag-sports","tag-vuelta-a-espana-2026"],"share_on_mastodon":{"url":"https:\/\/pubeurope.com\/@it\/116992857973045777","error":""},"_links":{"self":[{"href":"https:\/\/www.europesays.com\/it\/wp-json\/wp\/v2\/posts\/604861","targetHints":{"allow":["GET"]}}],"collection":[{"href":"https:\/\/www.europesays.com\/it\/wp-json\/wp\/v2\/posts"}],"about":[{"href":"https:\/\/www.europesays.com\/it\/wp-json\/wp\/v2\/types\/post"}],"author":[{"embeddable":true,"href":"https:\/\/www.europesays.com\/it\/wp-json\/wp\/v2\/users\/3"}],"replies":[{"embeddable":true,"href":"https:\/\/www.europesays.com\/it\/wp-json\/wp\/v2\/comments?post=604861"}],"version-history":[{"count":0,"href":"https:\/\/www.europesays.com\/it\/wp-json\/wp\/v2\/posts\/604861\/revisions"}],"wp:featuredmedia":[{"embeddable":true,"href":"https:\/\/www.europesays.com\/it\/wp-json\/wp\/v2\/media\/587433"}],"wp:attachment":[{"href":"https:\/\/www.europesays.com\/it\/wp-json\/wp\/v2\/media?parent=604861"}],"wp:term":[{"taxonomy":"category","embeddable":true,"href":"https:\/\/www.europesays.com\/it\/wp-json\/wp\/v2\/categories?post=604861"},{"taxonomy":"post_tag","embeddable":true,"href":"https:\/\/www.europesays.com\/it\/wp-json\/wp\/v2\/tags?post=604861"}],"curies":[{"name":"wp","href":"https:\/\/api.w.org\/{rel}","templated":true}]}}