{"id":604888,"date":"2026-07-27T16:37:13","date_gmt":"2026-07-27T16:37:13","guid":{"rendered":"https:\/\/www.europesays.com\/it\/604888\/"},"modified":"2026-07-27T16:37:13","modified_gmt":"2026-07-27T16:37:13","slug":"caso-ranucci-la-faccia-tosta-di-schlein-ora-rinnega-quello-che-ha-detto-contro-il-governo-e-meloni-la-gela-le-allusioni-hanno-un-peso-si-scusi","status":"publish","type":"post","link":"https:\/\/www.europesays.com\/it\/604888\/","title":{"rendered":"Caso Ranucci, la faccia tosta di Schlein: ora rinnega quello che ha detto contro il governo. E Meloni la gela: \u201cLe allusioni hanno un peso, si scusi\u201d"},"content":{"rendered":"<p class=\"c-paragraph\">La presidente del Consiglio torna sul caso Ranucci ricordando una grave affermazione fatta da Elly Schlein il 18 ottobre 2025 davanti al Congresso del Partito socialista europeo ad Amsterdam: \u201cVoglio esprimere la mia solidariet\u00e0 a Sigfrido Ranucci, perch\u00e9 ieri \u00e8 stata trovata una bomba davanti a casa sua. La democrazia \u00e8 a rischio, la <b>libert\u00e0 di espressione \u00e8 a rischio<\/b> <b>quando l\u2019estrema destra \u00e8 al governo<\/b>\u201d.<\/p>\n<p class=\"c-paragraph\">Oggi, 27 luglio 2026, in una trasmissione tv, la segretaria del Pd ha precisato: \u201c<b>Non ho mai fatto nessun collegamento fra governo e mandanti<\/b>, parlavo del fattoche bisogna difendere la libert\u00e0 di stampa in ogni Paese senn\u00f2 chi fa quel mestiere \u00e8 pi\u00f9 esposto. La destra continua a strumentalizzare per coprire i fallimenti del suo governo\u201d.<\/p>\n<p class=\"c-paragraph\">Ma la meloni non ci sta. \u201cPer mesi Schlein e altri esponenti della sinistra hanno fatto continue <b>allusioni e insinuazioni<\/b> &#8211; afferma sui social la presidente del Consiglio &#8211; arrivando persino a gettare ombre sul nostro Paese davanti a una platea internazionale. Oggi che \u00e8 emerso ci\u00f2 che era chiaro, cio\u00e8 che <b>il governo non c\u2019entrava nulla<\/b>, la segretaria del Pd arriva perfino a rinnegare le proprie parole, sostenendo di non aver mai fatto alcun collegamento\u201d. <\/p>\n<p class=\"c-paragraph\">Meloni prosegue ricordando che \u201c<b>le parole hanno un peso<\/b>. Anche le allusioni. E chi ha scelto di gettare ombre sul governo e sull\u2019Italia, addirittura davanti a una platea internazionale, oggi non dovrebbe negare l\u2019evidenza. Dovrebbe semplicemente chiedere scusa\u201d.<\/p>\n","protected":false},"excerpt":{"rendered":"La presidente del Consiglio torna sul caso Ranucci ricordando una grave affermazione fatta da Elly Schlein il 18&hellip;\n","protected":false},"author":3,"featured_media":604889,"comment_status":"","ping_status":"","sticky":false,"template":"","format":"standard","meta":{"footnotes":"","_share_on_mastodon":"0"},"categories":[79],"tags":[14,93,94,8764,126,1537,90,89,7,15,22952,11,84,91,12,85,92],"class_list":["post-604888","post","type-post","status-publish","format-standard","has-post-thumbnail","category-italia","tag-cronaca","tag-cronaca-italiana","tag-cronacaitaliana","tag-elly-schlein","tag-giorgia-meloni","tag-it","tag-italia","tag-italy","tag-news","tag-notizie","tag-sigfrido-ranucci","tag-ultime-notizie","tag-ultime-notizie-e-news-di-oggi","tag-ultime-notizie-italia","tag-ultimenotizie","tag-ultimenotizieenewsdioggi","tag-ultimenotizieitalia"],"share_on_mastodon":{"url":"https:\/\/pubeurope.com\/@it\/116992924215006263","error":""},"_links":{"self":[{"href":"https:\/\/www.europesays.com\/it\/wp-json\/wp\/v2\/posts\/604888","targetHints":{"allow":["GET"]}}],"collection":[{"href":"https:\/\/www.europesays.com\/it\/wp-json\/wp\/v2\/posts"}],"about":[{"href":"https:\/\/www.europesays.com\/it\/wp-json\/wp\/v2\/types\/post"}],"author":[{"embeddable":true,"href":"https:\/\/www.europesays.com\/it\/wp-json\/wp\/v2\/users\/3"}],"replies":[{"embeddable":true,"href":"https:\/\/www.europesays.com\/it\/wp-json\/wp\/v2\/comments?post=604888"}],"version-history":[{"count":0,"href":"https:\/\/www.europesays.com\/it\/wp-json\/wp\/v2\/posts\/604888\/revisions"}],"wp:featuredmedia":[{"embeddable":true,"href":"https:\/\/www.europesays.com\/it\/wp-json\/wp\/v2\/media\/604889"}],"wp:attachment":[{"href":"https:\/\/www.europesays.com\/it\/wp-json\/wp\/v2\/media?parent=604888"}],"wp:term":[{"taxonomy":"category","embeddable":true,"href":"https:\/\/www.europesays.com\/it\/wp-json\/wp\/v2\/categories?post=604888"},{"taxonomy":"post_tag","embeddable":true,"href":"https:\/\/www.europesays.com\/it\/wp-json\/wp\/v2\/tags?post=604888"}],"curies":[{"name":"wp","href":"https:\/\/api.w.org\/{rel}","templated":true}]}}