{"id":604896,"date":"2026-07-27T16:47:14","date_gmt":"2026-07-27T16:47:14","guid":{"rendered":"https:\/\/www.europesays.com\/it\/604896\/"},"modified":"2026-07-27T16:47:14","modified_gmt":"2026-07-27T16:47:14","slug":"tour-de-lavenir-2026-dalla-normandia-alle-vette-del-gran-paradiso-verso-il-colle-del-nivolet-gallery","status":"publish","type":"post","link":"https:\/\/www.europesays.com\/it\/604896\/","title":{"rendered":"TOUR DE L\u2019AVENIR 2026. DALLA NORMANDIA ALLE VETTE DEL GRAN PARADISO VERSO IL COLLE DEL NIVOLET. GALLERY"},"content":{"rendered":"<p><strong>Si alza il sipario sulla tappa Strambino-Ceresole Reale, in programma\u00a0mercoled\u00ec 26 agosto:<\/strong>\u00a0dopo due anni, <strong>torner\u00e0 nel territorio\u00a0della Citt\u00e0 metropolitana di Torino\u00a0il\u00a0Tour de l\u2019Avenir, l<\/strong>a corsa che\u00a0da 65\u00a0anni segnala agli appassionati di ciclismo di tutto il mondo i talenti emergenti delle due ruote. La 62\u00aa edizione della prestigiosa gara a tappe, vinta in passato da campioni del calibro di Felice Gimondi, Greg LeMond, Miguel Indurain, Laurent Fignon e Tadej\u00a0Poga\u010dar<strong>, si disputer\u00e0 da gioved\u00ec 20 a mercoled\u00ec 26 agosto, rimanendo fedele alla sua missione ma rinnovandosi<\/strong>, in linea con l&#8217;evoluzione complessiva del ciclismo internazionale.\u00a0\u00a0Alla presentazione svoltasi luned\u00ec 27 luglio nella Sala Unit\u00e0 d\u2019Italia del Municipio di Strambino<strong> l\u2019ospite speciale \u00e8 stato Bernard Hinault,<\/strong> vincitore di 5 Tour de France, icona del ciclismo mondiale e da sempre vicino al Tour de l\u2019Avenir.\u00a0\n            <\/p>\n<p><strong>Come nel 2024, la Citt\u00e0 metropolitana di Torino\u00a0\u00e8 riuscita ad ottenere dagli organizzatori che il Tour de l&#8217;Avenir si concluda in Italia,<\/strong> sulla Strada Provinciale 50 del <strong>Colle del Nivolet, ai 2275 metri del Lago Serr\u00f9<\/strong>, nel territorio del Comune di Ceresole Reale\u00a0e del Parco Nazionale Gran Paradiso, ripercorrendo parzialmente il percorso della tappa del Giro d\u2019Italia 2019\u00a0che si concluse proprio al Lago Serr\u00f9.\u00a0\n            <\/p>\n<p>Spiega la Consigliera metropolitana delegata al turismo e Sindaca di Strambino, Sonia Cambursano: \u00ab<strong>Abbiamo proposto una tappa che valorizzer\u00e0 il territorio collinare canavesano, toccando ad esempio Caravino, Romano Canavese, San Martino, Agli\u00e8.<\/strong> I corridori passeranno a <strong>Rivarolo, Pont e Cuorgn\u00e8<\/strong> e percorreranno<strong> l\u2019intera Valle Orco.<\/strong> Grazie alla diretta televisiva su Eurosport, la tappa conclusiva del Tour de l\u2019Avenir sar\u00e0 un\u2019occasione imperdibile di visibilit\u00e0 e di promozione per il Canavese, la Valle Orco e il Parco Nazionale Gran Paradiso\u201d.\u00a0<\/p>\n<p>Nel 2024 il Tour de l\u2019Avenir interess\u00f2 il territorio metropolitano torinese, grazie alla conclusione a Condove della frazione transfrontaliera partita da Les Karellis, preludio ad un appassionante tappa conclusiva da Bobbio Pellice al Colle delle Finestre. <strong>Gli appassionati poterono apprezzare l\u2019acuto dello spagnolo Torres e la strenua difesa del simbolo del primato, la maglia gialla, da parte dell\u2019inglese Blackmore<\/strong>. L\u2019ascesa che conduce al Lago Serr\u00f9, con la sua serie di spettacolari tornanti, \u00e8 garanzia di selezione: per giungere ai 2247 metri dell\u2019arrivo,<strong> occorre superare gli ultimi 5 km con il 9,2 % di pendenza media, con una punta massima del 13%,<\/strong> mentre la pendenza media degli ultimi 20,3 km \u00e8 del 6%, con punte del 14% subito dopo Noasca.<\/p>\n<p>\u201cLa Citt\u00e0 metropolitana di Torino\u00a0torna ad ospitare la corsa che mette in evidenza le promesse del ciclismo mondiale, impegnando risorse finanziarie ed umane, perch\u00e9 il nostro Dipartimento Viabilit\u00e0 e Trasporti\u00a0dovr\u00e0 garantire la perfetta percorribilit\u00e0 delle strade provinciali interessate dal passaggio della carovana ciclistica\u201d sottolinea da parte sua il Vicesindaco metropolitano Jacopo Suppo, che ha la delega ai lavori pubblici.\u00a0<\/p>\n<p><strong>TRA I PROTAGONISTI ATTESI L\u2019IRIDATO LORENZO FINN<\/strong><\/p>\n<p>\u201cIl podio di domenica a\u00a0Parigi mette al centro il grande valore di questa corsa come fucina di talenti che vanno ad affermarsi nell&#8217;arco di un biennio sulla massima ribalta mondo, il Tour de France. L&#8217;edizione 2026, dopo l&#8217;iconica partenza dalla Normandia, valorizza territori che ringraziamo per la sensibilit\u00e0 verso il Tour de l&#8217;Avenir, pronto a fare ritorno nella Citt\u00e0 Metropolitana di Torino ed in uno scenario suggestivo come Ceresole Reale Lago Serr\u00f9\u201d spiega il Direttore del Tour de l\u2019Avenir, Philippe Coillou. La lista delle venti squadre partecipanti interpreta il cambio di format, con apertura alle squadre sviluppo da cui provengono i volti nuovi gi\u00e0 pronti a spiccare il volo nel World Tour. \u00c8 il caso emblematico di Paul Seixas, vincitore del Tour de l&#8217;Avenir lo scorso anno ed ora astro nascente del ciclismo transalpino. Conclusione in Italia che rappresenta un motivo in pi\u00f9 per sperare in un&#8217;impresa del due volte iridato (Juniores e Under 23) Lorenzo Finn, logico favorito di una corsa dove i tanti top team hanno molte frecce al proprio arco. &#8220;Prevedo molto spettacolo e tappe combattutissime, &#8211; aggiunge Bernard Hinault, da sempre vicino al Tour dei Giovani &#8211; Nell\u2019agosto 2019 ho avuto il privilegio di vedere Tadej Poga\u010dar vincere il Tour de l\u2019Avenir. Undici mesi dopo era in trionfo ai Campi Elisi, al termine del Tour de France 2020. Per me il Tour de l\u2019Avenir ha il valore della scoperta perenne di nuovi talenti ed \u00e8 per questo che continuo ad essere cos\u00ec vicino agli organizzatori, seguendo tutte le tappe&#8221;.<\/p>\n<p>Le compagini al via saranno: Xds Astana Developement Team, Soudal Quick-Step Devo Team, Developement Team Picnic PostNL, Bahrain Victorious Developement Team, Team Visma I Lease a Bike Developement, UAE Team Emirates Gen Z, EF Education Aevolo, Hagens Berman Jayco Cycling Team, Red Bull &#8211; Bora-hansgrohe Rookies, DECATHLON CMA CGM Developement Team. Con loro le squadre nazionali di Germania, Canada, Francia, Norvegia, Polonia, Usa, Italia, Indonesia e ancora del Centre Mondial du Cyclisme e una ventesima compagine.<\/p>\n<p><strong>UN NUOVO FORMAT ORGANIZZATIVO<\/strong><\/p>\n<p>La corsa organizzata dalla societ\u00e0 Alpes Velo con il supporto della ASO, organizzatrice del Tour de France\u00a0rimane l&#8217;evento di riferimento nel calendario per i giovani talenti Under 23: un vero e proprio Tour de France per i giovani corridori, vinto lo scorso anno dal francese Paul Seixas, gi\u00e0 protagonista alla Grande Boucle 2026, malgrado i suoi soli 19 anni. Il format \u00e8 cambiato significativamente in termini di partecipazione, poich\u00e9 da quest\u2019anno la corsa sar\u00e0 aperta anche alle squadre di sviluppo, comprese le riserve UCI WorldTour. Il Tour de l\u2019Avenir 2026 partir\u00e0 da Caen-la-Mer; pi\u00f9 precisamente da Ouistreham-Riva Bella\u00a0(Dipartimento del Calvados), luogo chiave del\u00a0\u201cGiorno pi\u00f9 lungo&#8221;\u00a0poich\u00e9 fu sulla spiaggia \u201cSword\u201d\u00a0che parte delle truppe alleate sbarc\u00f2 all&#8217;alba del D-Day, il 6 giugno 1944, iniziando la liberazione dell\u2019Europa centro-occidentale dall\u2019occupazione nazista. Fu anche in questo settore assegnato alle truppe britanniche che i primi commando francesi misero piede sul suolo nazionale. Dalla costa della Normandia la carovana del Tour de l\u2019Avenir inizier\u00e0 il percorso per raggiungere le Alpi passando per Argentan (Orne), l\u2019antica contea del Perche\u00a0(Nogent-le-Rotrou), la Valle della Loira (Amboise), la Sologne (Vierzon) e infine la Borgogna, con l\u2019ormai consueto arrivo a Saint-Vallier e Semur-en-Auxois. Queste due tappe offrono interessanti opportunit\u00e0 per gli specialisti delle fughe sulle strade dei Dipartimenti della Sa\u00f4ne-et-Loire e della C\u00f4te-d\u2019Or.<\/p>\n<p>Come da tradizione, un trittico alpino concluder\u00e0 la corsa, iniziando con una cronometro individuale di montagna tra Les Carroz e Flaine\u00a0nell&#8217;Alta Savoia, passando per il Col de Pierre Carr\u00e9e\u00a0e terminando su di un percorso sterrato. Alla vigilia dell&#8217;ultima tappa, la tappa regina si concluder\u00e0 in cima al Col de l&#8217;Iseran, il passo di montagna asfaltato pi\u00f9 alto d&#8217;Europa a 2.764 metri, che domina l&#8217;Alta Tarentaise ed \u00e8 diventato un appuntamento fisso della corsa nel corso degli anni.<\/p>\n<p><strong>LE TAPPE E I NUMERI DEL TOUR DEL L\u2019AVENIR 2026<\/strong><\/p>\n<p>&#8211; mercoled\u00ec 19 agosto presentazione delle squadre a Caen\u00a0<\/p>\n<p>&#8211; gioved\u00ec 20 agosto Ouistreham-Riva Bella (Dipartimento Calvados)-Argentan (Dipartimento Orne)\u00a0di 152 km\u00a0<\/p>\n<p>&#8211; venerd\u00ec 21 agosto Nogent-le-Rotrou (Eure-et-Loir)-Amboise (Indre-et-Loire)\u00a0di 116 km\u00a0<\/p>\n<p>&#8211; sabato 22 agosto Vierzon (Cher)-Saint-Vallier (Sa\u00f4ne-et-Loire)\u00a0di 232 km\u00a0<\/p>\n<p>&#8211; domenica 23 agosto Saint-Vallier (Sa\u00f4ne-et-Loire)-Semur-en-Auxois (C\u00f4te d\u2019Or)\u00a0di 131 km\u00a0<\/p>\n<p>&#8211; luned\u00ec 24 agosto\u00a0cronometro individuale Les Carroz-Flaine (Haute-Savoie)\u00a0di 16 km con dislivello positivo di 760 metri\u00a0<\/p>\n<p>&#8211; marted\u00ec 25 agosto Ch\u00e2tillon-sur-Cluses (Haute-Savoie)-Val d\u2019Is\u00e8re-Col de l\u2019Iseran (Haute Tarentaise, Savoie)\u00a0di 149 km con dislivello positivo di 4945 metri\u00a0<\/p>\n<p>&#8211; mercoled\u00ec 26 agosto Strambino-Ceresole Reale-Lago Serr\u00f9\u00a0(Citt\u00e0 metropolitana di Torino) di 130 km con dislivello positivo di 2556 metri.\u00a0<\/p>\n<p>Km totali 926 km, dislivello positivo totale 13.316 metri.<\/p>\n","protected":false},"excerpt":{"rendered":"Si alza il sipario sulla tappa Strambino-Ceresole Reale, in programma\u00a0mercoled\u00ec 26 agosto:\u00a0dopo due anni, torner\u00e0 nel territorio\u00a0della Citt\u00e0&hellip;\n","protected":false},"author":3,"featured_media":604897,"comment_status":"","ping_status":"","sticky":false,"template":"","format":"standard","meta":{"footnotes":"","_share_on_mastodon":"0"},"categories":[1456],"tags":[14375,1824,1825,3436,1537,90,89,333564,245,244,34420],"class_list":["post-604896","post","type-post","status-publish","format-standard","has-post-thumbnail","category-ciclismo","tag-alpi","tag-ciclismo","tag-cycling","tag-giovani-talenti","tag-it","tag-italia","tag-italy","tag-lago-serru","tag-sport","tag-sports","tag-tour-de-lavenir"],"share_on_mastodon":{"url":"https:\/\/pubeurope.com\/@it\/116992962925088261","error":""},"_links":{"self":[{"href":"https:\/\/www.europesays.com\/it\/wp-json\/wp\/v2\/posts\/604896","targetHints":{"allow":["GET"]}}],"collection":[{"href":"https:\/\/www.europesays.com\/it\/wp-json\/wp\/v2\/posts"}],"about":[{"href":"https:\/\/www.europesays.com\/it\/wp-json\/wp\/v2\/types\/post"}],"author":[{"embeddable":true,"href":"https:\/\/www.europesays.com\/it\/wp-json\/wp\/v2\/users\/3"}],"replies":[{"embeddable":true,"href":"https:\/\/www.europesays.com\/it\/wp-json\/wp\/v2\/comments?post=604896"}],"version-history":[{"count":0,"href":"https:\/\/www.europesays.com\/it\/wp-json\/wp\/v2\/posts\/604896\/revisions"}],"wp:featuredmedia":[{"embeddable":true,"href":"https:\/\/www.europesays.com\/it\/wp-json\/wp\/v2\/media\/604897"}],"wp:attachment":[{"href":"https:\/\/www.europesays.com\/it\/wp-json\/wp\/v2\/media?parent=604896"}],"wp:term":[{"taxonomy":"category","embeddable":true,"href":"https:\/\/www.europesays.com\/it\/wp-json\/wp\/v2\/categories?post=604896"},{"taxonomy":"post_tag","embeddable":true,"href":"https:\/\/www.europesays.com\/it\/wp-json\/wp\/v2\/tags?post=604896"}],"curies":[{"name":"wp","href":"https:\/\/api.w.org\/{rel}","templated":true}]}}