{"id":604898,"date":"2026-07-27T16:50:20","date_gmt":"2026-07-27T16:50:20","guid":{"rendered":"https:\/\/www.europesays.com\/it\/604898\/"},"modified":"2026-07-27T16:50:20","modified_gmt":"2026-07-27T16:50:20","slug":"andrew-andrews-alla-tezenis-verona","status":"publish","type":"post","link":"https:\/\/www.europesays.com\/it\/604898\/","title":{"rendered":"Andrew Andrews alla Tezenis Verona"},"content":{"rendered":"<p>La Tezenis Verona rafforza la propria rosa e annuncia di aver sottoscritto un accordo annuale con Andrew Andrews. Il nuovo acquisto giallobl\u00f9 \u00e8 un playmaker statunitense di 188 centimetri, nato a Portland, in Oregon, il 25 maggio 1993. \u00abSono entusiasta di arrivare a Verona, conoscere i miei nuovi compagni di squadra e iniziare questa nuova avventura &#8211; ha dichiarato il giocatore &#8211; Ho gi\u00e0 avuto modo di visitare la citt\u00e0 in passato, anche se solo per poco tempo e senza riuscire a scoprirla davvero. Non vedo l\u2019ora di poterla vivere e conoscere meglio. Conosco l\u2019importanza che Verona ha avuto nella storia della pallacanestro italiana e so quanto sia significativo il ritorno del club in Serie A1. Credo che il nostro compito sia quello di lavorare ogni giorno per aiutare la Tezenis Verona a restare stabilmente ai vertici del basket italiano\u00bb.<\/p>\n<p>Il percorso del cestista parte da lontano, dopo aver completato la propria esperienza universitaria alla University of Washington, conclusa nel 2016 come uno dei migliori realizzatori della Pac-12. Da quel momento in poi, la sua carriera da professionista lo ha visto protagonista sui campi di tutto il mondo. Ha iniziato in Turchia con il Best Bal\u0131kesir per poi vivere una parentesi in NBA G League con i Delaware 87ers. Nel 2018 \u00e8 approdato al VEF Riga, societ\u00e0 con la quale ha conquistato il campionato nazionale. In seguito ha vestito la maglia del B\u00fcy\u00fck\u00e7ekmece sempre in Turchia, prima di volare in Israele per difendere i colori del Maccabi Haifa. Nella stagione 2020\/21 ha fatto ritorno in terra turca con il Dar\u00fc\u015f\u015fafaka, mentre l&#8217;anno successivo \u00e8 stato tra i protagonisti del Frutti Extra Bursaspor, contribuendo allo storico percorso della formazione turca fino alla finale di EuroCup. L&#8217;estate del 2022 ha segnato il suo esordio nel massimo palcoscenico continentale dell&#8217;Eurolega con la canotta del Panathinaikos, prima di fare ritorno al Bursaspor nella seconda parte dell&#8217;annata. Successivamente, nel 2023\/24 ha militato nella Liga spagnola con la Joventut Badalona, mentre nella stagione 2024\/25 ha disputato l&#8217;EuroCup con i Wolves Vilnius. Infine, nell&#8217;ultima stagione ha iniziato l&#8217;annata nel massimo campionato australiano con i Cairns Taipans, mettendo a referto medie importanti pari a 14,8 punti, 3,2 rimbalzi e 7,5 assist a partita, prima di trasferirsi in Cina agli Zhejiang Golden Bulls per concludere la parte finale dell&#8217;anno. \u00abCon l\u2019arrivo di Andrews completiamo il nostro pacchetto esterni, aggiungendo al roster un giocatore di grande esperienza e qualit\u00e0 &#8211; ha commentato il direttore sportivo giallobl\u00f9 Alessandro Bolognesi &#8211; Porter\u00e0 alla squadra leadership, capacit\u00e0 di creare gioco e la possibilit\u00e0 di essere un riferimento importante sia nella costruzione delle azioni per s\u00e9 stesso sia nel coinvolgimento dei compagni. La sua lunga esperienza maturata in Europa rappresenta sicuramente un valore aggiunto per un gruppo giovane, ambizioso e con grande voglia di crescere e raggiungere i propri obiettivi\u00bb.<\/p>\n<p>\u00ab\u00c8 un giocatore complementare agli altri gi\u00e0 presenti nel roster, un\u2019aggiunta che pu\u00f2 farci solo bene &#8211; ha spiegato il capo allenatore della Tezenis Alessandro Ramagli &#8211; Ha una lunga esperienza di pallacanestro europea, anche se arriva da una stagione in cui si \u00e8 diviso tra Australia e Cina. Sapr\u00e0 portarci un livello di conoscenza del gioco e di leadership tecnica importanti per una squadra che non ha ancora visto il suo completamento, ma che sta andando in quella direzione. Siamo soddisfatti del nostro pacchetto di palleggiatori. Crediamo possano essere intercambiabili, con caratteristiche diverse fra loro ma allo stesso tempo complementari e funzionali. Il campionato sar\u00e0 durissimo, considerando gli investimenti e il livello che si sta delineando\u00bb.<\/p>\n","protected":false},"excerpt":{"rendered":"La Tezenis Verona rafforza la propria rosa e annuncia di aver sottoscritto un accordo annuale con Andrew Andrews.&hellip;\n","protected":false},"author":3,"featured_media":604899,"comment_status":"","ping_status":"","sticky":false,"template":"","format":"standard","meta":{"footnotes":"","_share_on_mastodon":"0"},"categories":[1453],"tags":[333565,1756,1757,1537,90,89,28771,245,244,7161],"class_list":["post-604898","post","type-post","status-publish","format-standard","has-post-thumbnail","category-basket","tag-andrew-andrews","tag-basket","tag-basketball","tag-it","tag-italia","tag-italy","tag-playmaker","tag-sport","tag-sports","tag-tezenis-verona"],"share_on_mastodon":{"url":"https:\/\/pubeurope.com\/@it\/116992975184781863","error":""},"_links":{"self":[{"href":"https:\/\/www.europesays.com\/it\/wp-json\/wp\/v2\/posts\/604898","targetHints":{"allow":["GET"]}}],"collection":[{"href":"https:\/\/www.europesays.com\/it\/wp-json\/wp\/v2\/posts"}],"about":[{"href":"https:\/\/www.europesays.com\/it\/wp-json\/wp\/v2\/types\/post"}],"author":[{"embeddable":true,"href":"https:\/\/www.europesays.com\/it\/wp-json\/wp\/v2\/users\/3"}],"replies":[{"embeddable":true,"href":"https:\/\/www.europesays.com\/it\/wp-json\/wp\/v2\/comments?post=604898"}],"version-history":[{"count":0,"href":"https:\/\/www.europesays.com\/it\/wp-json\/wp\/v2\/posts\/604898\/revisions"}],"wp:featuredmedia":[{"embeddable":true,"href":"https:\/\/www.europesays.com\/it\/wp-json\/wp\/v2\/media\/604899"}],"wp:attachment":[{"href":"https:\/\/www.europesays.com\/it\/wp-json\/wp\/v2\/media?parent=604898"}],"wp:term":[{"taxonomy":"category","embeddable":true,"href":"https:\/\/www.europesays.com\/it\/wp-json\/wp\/v2\/categories?post=604898"},{"taxonomy":"post_tag","embeddable":true,"href":"https:\/\/www.europesays.com\/it\/wp-json\/wp\/v2\/tags?post=604898"}],"curies":[{"name":"wp","href":"https:\/\/api.w.org\/{rel}","templated":true}]}}