{"id":604926,"date":"2026-07-27T17:05:16","date_gmt":"2026-07-27T17:05:16","guid":{"rendered":"https:\/\/www.europesays.com\/it\/604926\/"},"modified":"2026-07-27T17:05:16","modified_gmt":"2026-07-27T17:05:16","slug":"ferrari-ottima-solo-nelle-intenzioni-come-la-rossa-ha-sbagliato-a-budapest","status":"publish","type":"post","link":"https:\/\/www.europesays.com\/it\/604926\/","title":{"rendered":"Ferrari ottima solo nelle intenzioni: come la Rossa ha sbagliato a Budapest"},"content":{"rendered":"<p>Il disastroso weekend della Ferrari a Budapest smaschera la retorica di Vasseur sulla tanto decantata \u201cperfetta esecuzione\u201d. Tra l\u2019incapacit\u00e0 di trovare il setup per la SF-26 e le scelte strategiche deleterie al muretto, Maranello ha gettato al vento l\u2019opportunit\u00e0 di dominare. In vista di Zandvoort servono meno alibi e molta pi\u00f9 concretezza, per curare un\u2019agonia tecnica denunciata dallo stesso Leclerc.\n<\/p>\n<p>Ferrari: l\u2019ottima esecuzione esiste solo nelle chiacchiere di Vasseur<\/p>\n<p><strong>Una disfatta su tutta la linea<\/strong>: non c\u2019\u00e9 altra formula per riassumere la trasferta magiara della Rossa. \u00c8 bastato mezzo giro di pista perch\u00e9 l\u2019intera impalcatura del Gran Premio rovinasse miseramente al suolo. L\u2019esame di coscienza che ne consegue non pu\u00f2 e non deve ammettere sconti, se si considera che il mandato della scuderia di Maranello era uno e inequivocabile: imporre la propria legge sul fine settimana.<\/p>\n<p>I crismi per una marcia trionfale erano presenti, a una sola e ovvia condizione: che le direttive <strong>venissero eseguite con il necessario rigore<\/strong>. E invece? Invece il nulla. Da quando officia al timone di Maranello, il buon Vasseur coltiva con ostinata dedizione i propri personalissimi tormentoni. Quello che va per la maggiore in questo 2026 \u00e8, per l\u2019appunto, il mantra della \u201cperfetta esecuzione\u201d.<\/p>\n<p>Una nenia sulla quale non ci sentiremmo nemmeno di dargli torto, in linea di massima, purch\u00e9 non si riduca a un mero esercizio retorico. Ebbene: ieri, per non parlare della <a href=\"https:\/\/www.virgilio.it\/motori\/motor-sport\/formula-1\/f1-gp-ungheria-ferrari-perde-pole-hamilton-penalita\/339298\/\" rel=\"nofollow noopener\" target=\"_blank\">qualifica al sabato pomeriggio<\/a>, della tanto scanzonata perfezione esecutiva <strong>non si \u00e8 vista nemmeno l\u2019ombra<\/strong>: l\u2019asfalto, giudice supremo e sempre inappellabile, si \u00e8 incaricato di certificarne la totale assenza.<\/p>\n<p>Ferrari sprofonda nei soliti difetti<\/p>\n<p>A conti fatti, si potrebbe persino sostenere che Budapest sia stata ostile con la Ferrari. Sarebbe, tuttavia, un comodo e pietoso alibi: la cruda verit\u00e0 \u00e8 che Maranello, assai pi\u00f9 banalmente, ha smarrito <strong>la facolt\u00e0 di comprendere se stessa<\/strong>. S\u00ec perch\u00e9 la SF-26 celava nel proprio grembo un potenziale notevole. Un bagliore che il venerd\u00ec aveva illuso i fedeli, per poi spegnersi tra le pieghe del toboga ungherese.<\/p>\n<p>La spiegazione di questa metamorfosi \u00e8 semplice: incapacit\u00e0 di tracciare <strong>una rotta coerente<\/strong> sulla messa a punto. Si sono visti innumerevoli tentativi, molti dei quali ineccepibili, che hanno partorito, per\u00f2, il classico pugno di mosche verso la necessit\u00e0 dello step in avanti. Un quadro che definire desolante \u00e8 un puro atto di clemenza. Se non altro, Lewis \u00e8 quasi riuscito nell\u2019intento di arpionare la pole position.<\/p>\n<p>Un\u2019agognata partenza dal palo vanificata da un paio di sbavature fatali in Q3. Charles, per contro, \u00e8 sprofondato in quell\u2019apatia rassegnata, tipica di chi sa bene di <strong>non riuscire a padroneggiare la sua vettura<\/strong>. Un canovaccio che si \u00e8 riproposto pure la domenica, dove il monegasco ha vagato per la pista senza mai trovare il ritmo, incapace di impensierire nessuno tranne che se stesso.<\/p>\n<p>Il tutto si \u00e8 consumato sotto lo sguardo imperturbabile e bovino dei notabili al muretto, ancora una volta <strong>impermeabili a tale agonia tecnica<\/strong>. Finch\u00e9 non \u00e8 toccato allo stesso <a href=\"https:\/\/www.virgilio.it\/motori\/motor-sport\/formula-1\/charles-leclerc-eta-profilo\/270445\/\" rel=\"nofollow noopener\" target=\"_blank\">Charles Leclerc<\/a>, gracchiando via radio, l\u2019ingrato compito di squarciare il velo su una realt\u00e0 che a Maranello, per ostinata cecit\u00e0, ci si rifiutava di vedere. Quel famoso \u201cquale ritmo\u201d che da solo spiega il weekend. Signori, il quadro \u00e8 completo.<\/p>\n<p>Serve un approccio pi\u00f9 efficiente<\/p>\n<p>Resta poi il capitolo inerente la mera strategia: scelte inappropriate, eccessive e dolorosamente aleatorie. Basti citare le Pirelli a banda rossa opzionate al via e il reiterato tentativo di undercut da parte di <a href=\"https:\/\/www.virgilio.it\/motori\/motor-sport\/formula-1\/lewis-hamilton-eta-profilo\/270337\/\" rel=\"nofollow noopener\" target=\"_blank\">Lewis Hamilton<\/a> finito miseramente in malora. E come tacere sulla geniale alzata d\u2019ingegno nel richiamare le vetture ai box in regime di doppia bandiera gialla, a sole nove tornate dal traguardo. Insomma.<\/p>\n<p>Una sequela di mosse che ha cospirato verso un epilogo avvilente. La Ferrari poteva vincere; poteva, e doveva, <strong>accorciare in classifica sulla Mercedes<\/strong>. E se non lo ha fatto \u00e8 solo per sue esclusive ed evidenti colpe che non possono essere giustificate con la sola delusione espressa dai protagonisti davanti alle telecamere, condite da promesse di stare pi\u00f9 attenti in futuro.<\/p>\n<p>Ora la Rossa \u00e8 attesa da tre settimane di purgatorio e riflessione prima di sbarcare a Zandvoort, dove i tratti distintivi della SF-26 (a questo punto il condizionale \u00e8 d\u2019obbligo) dovrebbero nuovamente sposarsi con le caratteristiche del tracciato. A patto, si spera, che a qualcuno non venga la malaugurata idea di decantare ancora la storiella <strong>dell\u2019ottima esecuzione del weekend<\/strong>.<\/p>\n","protected":false},"excerpt":{"rendered":"Il disastroso weekend della Ferrari a Budapest smaschera la retorica di Vasseur sulla tanto decantata \u201cperfetta esecuzione\u201d. Tra&hellip;\n","protected":false},"author":3,"featured_media":604927,"comment_status":"","ping_status":"","sticky":false,"template":"","format":"standard","meta":{"footnotes":"","_share_on_mastodon":"0"},"categories":[6],"tags":[3403,14,368,683,3371,8,1537,90,89,17885,7,15,82,9,83,10,13,11,80,84,12,81,85],"class_list":["post-604926","post","type-post","status-publish","format-standard","has-post-thumbnail","category-ultime-notizie","tag-charles-leclerc","tag-cronaca","tag-ferrari","tag-formula-1","tag-gran-premio","tag-headlines","tag-it","tag-italia","tag-italy","tag-lingegnere-del-lunedi","tag-news","tag-notizie","tag-notizie-di-cronaca","tag-notizie-principali","tag-notiziedicronaca","tag-notizieprincipali","tag-titoli","tag-ultime-notizie","tag-ultime-notizie-di-cronaca","tag-ultime-notizie-e-news-di-oggi","tag-ultimenotizie","tag-ultimenotiziedicronaca","tag-ultimenotizieenewsdioggi"],"share_on_mastodon":{"url":"","error":""},"_links":{"self":[{"href":"https:\/\/www.europesays.com\/it\/wp-json\/wp\/v2\/posts\/604926","targetHints":{"allow":["GET"]}}],"collection":[{"href":"https:\/\/www.europesays.com\/it\/wp-json\/wp\/v2\/posts"}],"about":[{"href":"https:\/\/www.europesays.com\/it\/wp-json\/wp\/v2\/types\/post"}],"author":[{"embeddable":true,"href":"https:\/\/www.europesays.com\/it\/wp-json\/wp\/v2\/users\/3"}],"replies":[{"embeddable":true,"href":"https:\/\/www.europesays.com\/it\/wp-json\/wp\/v2\/comments?post=604926"}],"version-history":[{"count":0,"href":"https:\/\/www.europesays.com\/it\/wp-json\/wp\/v2\/posts\/604926\/revisions"}],"wp:featuredmedia":[{"embeddable":true,"href":"https:\/\/www.europesays.com\/it\/wp-json\/wp\/v2\/media\/604927"}],"wp:attachment":[{"href":"https:\/\/www.europesays.com\/it\/wp-json\/wp\/v2\/media?parent=604926"}],"wp:term":[{"taxonomy":"category","embeddable":true,"href":"https:\/\/www.europesays.com\/it\/wp-json\/wp\/v2\/categories?post=604926"},{"taxonomy":"post_tag","embeddable":true,"href":"https:\/\/www.europesays.com\/it\/wp-json\/wp\/v2\/tags?post=604926"}],"curies":[{"name":"wp","href":"https:\/\/api.w.org\/{rel}","templated":true}]}}