{"id":605046,"date":"2026-07-27T18:44:21","date_gmt":"2026-07-27T18:44:21","guid":{"rendered":"https:\/\/www.europesays.com\/it\/605046\/"},"modified":"2026-07-27T18:44:21","modified_gmt":"2026-07-27T18:44:21","slug":"the-weeknd-fermo-3-volte-a-san-siro-milano-e-lestate-maledetta","status":"publish","type":"post","link":"https:\/\/www.europesays.com\/it\/605046\/","title":{"rendered":"The Weeknd fermo 3 volte a San Siro: Milano e l&#8217;estate maledetta"},"content":{"rendered":"<p data-journey-content=\"true\" data-node-id=\"3\" class=\"css-1ood0zq emevuu60\">Domenica 26 luglio migliaia di fan sono accorsi allo stadio <strong data-node-id=\"3.1\">San Siro <\/strong>di Milano per la terza tappa del live meneghino di <a href=\"https:\/\/www.cosmopolitan.com\/it\/star\/televisione\/a44092476\/the-idol-the-weeknd-lily-rose-depp-recensioni-uscita-spoiler\/\" target=\"_blank\" data-vars-ga-outbound-link=\"https:\/\/www.cosmopolitan.com\/it\/star\/televisione\/a44092476\/the-idol-the-weeknd-lily-rose-depp-recensioni-uscita-spoiler\/\" data-vars-ga-ux-element=\"Hyperlink\" data-vars-ga-call-to-action=\"The Weeknd\" data-node-id=\"3.3\" class=\"body-link css-ohbdae emevuu60\" rel=\"nofollow noopener\">The Weeknd<\/a>, una delle stelle pi\u00f9 brillanti del firmamento R&amp;B internazionale che solo su <a href=\"https:\/\/www.cosmopolitan.com\/it\/lifestyle\/musica\/a71398548\/biglietti-concerti-in-esclusiva-fan-spotify-reserved-tickets\/\" target=\"_blank\" data-vars-ga-outbound-link=\"https:\/\/www.cosmopolitan.com\/it\/lifestyle\/musica\/a71398548\/biglietti-concerti-in-esclusiva-fan-spotify-reserved-tickets\/\" data-vars-ga-ux-element=\"Hyperlink\" data-vars-ga-call-to-action=\"Spotify\" data-node-id=\"3.5\" class=\"body-link css-ohbdae emevuu60\" rel=\"nofollow noopener\">Spotify<\/a> vanta oltre 113 milioni di ascoltatori mensili. Sfortunatamente, non tutto durante l&#8217;ultimo appuntamento con l&#8217;artista canadese \u00e8 andato come previsto, e ai presenti \u00e8 stata chiesta un po&#8217; di pazienza. Ma cos&#8217;\u00e8 accaduto?<\/p>\n<p>Cos&#8217;\u00e8 successo all&#8217;ultimo concerto di The Weeknd a San Siro?<\/p>\n<p data-journey-content=\"true\" data-node-id=\"11\" class=\"css-1ood0zq emevuu60\"><a href=\"https:\/\/www.cosmopolitan.com\/it\/abbonamenti\/a71280236\/come-aggiungere-cosmopolitan-fonti-preferite-google\/\" target=\"_blank\" data-vars-ga-outbound-link=\"https:\/\/www.cosmopolitan.com\/it\/abbonamenti\/a71280236\/come-aggiungere-cosmopolitan-fonti-preferite-google\/\" data-vars-ga-call-to-action=\"AGGIUNGI COSMOPOLITAN ALLE TUE RICERCHE SU GOOGLE\" rel=\"nofollow noopener\" data-vars-ga-ux-element=\"Hyperlink\" data-node-id=\"11.0\" class=\"body-btn-link css-u3wd2y emevuu60\">AGGIUNGI COSMOPOLITAN ALLE TUE RICERCHE SU GOOGLE<\/a><\/p>\n<p data-journey-content=\"true\" data-node-id=\"15\" class=\"css-1ood0zq emevuu60\">All&#8217;inizio tutto sembrava andare per il verso giusto: <strong data-node-id=\"15.1\">Abel Tesfaye<\/strong> &#8211; questo il vero nome del cantante &#8211; ha iniziato il live senza particolari difficolt\u00e0, ma a pochi minuti dall&#8217;inizio si sono presentati i primi problemi. Il microfono del cantante ha smesso di funzionare all&#8217;improvviso, costringendo gli organizzatori a interrompere la sua esibizione, ripresa pochi minuti dopo. L&#8217;artista di &#8220;<strong data-node-id=\"15.3.0\">Moth to a flame<\/strong>&#8221; ha cercato di sdrammatizzare, con un aplomb davvero ammirevole, intrattenendo il pubblico con un pizzico di autoironia e incitando dei cori di supporto, impaziente di tornare a cantare.<\/p>\n<p data-journey-content=\"true\" data-node-id=\"22\" class=\"css-1ood0zq emevuu60\">Per fortuna non \u00e8 stato necessario aspettare a lungo: poco dopo <strong data-node-id=\"22.1\">The Weeknd<\/strong> ha ripreso ad esibirsi come se niente fosse successo. Ma altri intoppi, purtroppo, lo stavano aspettando in agguato. Nel corso della serata il concerto si \u00e8 interrotto per altre due volte, allungando i tempi e costringendo la produzione ad apportare delle modifiche in extremis: chi era presente ha dovuto rinunciare a qualche pezzo in scaletta, come nel caso di &#8220;<strong data-node-id=\"22.3.0\">Faith<\/strong>&#8221; e &#8220;<strong data-node-id=\"22.5.0\">Less than zero<\/strong>&#8220;.<\/p>\n<p data-journey-content=\"true\" data-node-id=\"26\" class=\"css-1ood0zq emevuu60\">Un vero peccato, anche perch\u00e9 sembra che questo sar\u00e0 l&#8217;ultimo tour dell&#8217;artista con lo pseudonimo di <strong data-node-id=\"26.1\">The Weeknd<\/strong>. A partire dalla sua prossima era discografica dovremo probabilmente aspettarci un rebranding del suo personaggio e, chiss\u00e0, forse anche un cambiamento del suo stile musicale. L&#8217;<strong data-node-id=\"26.5.0\">After Hours Till Dawn Tour<\/strong>, ad ogni modo, \u00e8 stato un vero successo: <a href=\"https:\/\/www.cosmopolitan.com\/it\/lifestyle\/musica\/a73263219\/the-weeknd-milano-concerto-recensione\/\" target=\"_blank\" data-vars-ga-outbound-link=\"https:\/\/www.cosmopolitan.com\/it\/lifestyle\/musica\/a73263219\/the-weeknd-milano-concerto-recensione\/\" data-vars-ga-ux-element=\"Hyperlink\" data-vars-ga-call-to-action=\"noi abbiamo avuto la fortuna di assistervi\" data-node-id=\"26.7.0\" class=\"body-link css-ohbdae emevuu60\" rel=\"nofollow noopener\">noi abbiamo avuto la fortuna di assistervi<\/a>, e vi possiamo garantire che &#8211; problemi tecnici o meno &#8211; resta uno show di altissimo livello.<\/p>\n<p>Una stagione horror per i concerti a Milano<\/p>\n<p data-journey-content=\"true\" data-node-id=\"31\" class=\"css-1ood0zq emevuu60\">\u00c8 quasi surreale che un imprevisto simile sia accaduto nella stessa citt\u00e0 dove, soltanto una settimana prima, si abbatteva una tempesta di fulmini e grandine che ha costretto<a href=\"https:\/\/www.cosmopolitan.com\/it\/lifestyle\/musica\/a73169250\/concerto-bad-bunny-milano-pioggia-baddie\/\" target=\"_blank\" data-vars-ga-outbound-link=\"https:\/\/www.cosmopolitan.com\/it\/lifestyle\/musica\/a73169250\/concerto-bad-bunny-milano-pioggia-baddie\/\" data-vars-ga-ux-element=\"Hyperlink\" data-vars-ga-call-to-action=\" Bad Bunny\" data-node-id=\"31.1\" class=\"body-link css-ohbdae emevuu60\" rel=\"nofollow noopener\"> Bad Bunny<\/a> a interrompere e poi cancellare il suo live all&#8217;Ippodromo SNAI La Maura.<\/p>\n<p data-journey-content=\"true\" data-node-id=\"37\" class=\"css-1ood0zq emevuu60\">In effetti, questo 2026 non \u00e8 stato esattamente fortunato per quanto riguarda i concerti internazionali milanesi: lo scorso marzo, <a href=\"https:\/\/www.cosmopolitan.com\/it\/lifestyle\/musica\/a70848973\/rosalia-sta-male-concerto-milano-cancellato-video\/\" target=\"_blank\" data-vars-ga-outbound-link=\"https:\/\/www.cosmopolitan.com\/it\/lifestyle\/musica\/a70848973\/rosalia-sta-male-concerto-milano-cancellato-video\/\" data-vars-ga-ux-element=\"Hyperlink\" data-vars-ga-call-to-action=\"come ricorderete\" data-node-id=\"37.1\" class=\"body-link css-ohbdae emevuu60\" rel=\"nofollow noopener\">come ricorderete<\/a>, anche <strong data-node-id=\"37.3\">Rosal\u00eda<\/strong> si era trovata costretta ad annullare quasi subito il suo show al Forum di Assago, a causa di una forte intossicazione alimentare. L&#8217;unica magra consolazione? Tutti i partecipanti all&#8217;evento hanno ottenuto il rimborso del biglietto, e lo stesso vale per i fan di <strong data-node-id=\"37.5\">B<\/strong><strong data-node-id=\"37.6\">enito Antonio Mart\u00ednez Ocasio<\/strong>, che potranno cos\u00ec dire &#8211; perlomeno &#8211; di aver assistito gratuitamente a una breve esibizione dei loro faves!<\/p>\n","protected":false},"excerpt":{"rendered":"Domenica 26 luglio migliaia di fan sono accorsi allo stadio San Siro di Milano per la terza tappa&hellip;\n","protected":false},"author":3,"featured_media":605047,"comment_status":"","ping_status":"","sticky":false,"template":"","format":"standard","meta":{"footnotes":"","_share_on_mastodon":"0"},"categories":[1443],"tags":[23037,203,204,1537,90,89,1538,1539,30914,333641],"class_list":["post-605046","post","type-post","status-publish","format-standard","has-post-thumbnail","category-musica","tag-cos","tag-entertainment","tag-intrattenimento","tag-it","tag-italia","tag-italy","tag-music","tag-musica","tag-the-weeknd","tag-the-weeknd-a-san-siro"],"share_on_mastodon":{"url":"https:\/\/pubeurope.com\/@it\/116993423175423457","error":""},"_links":{"self":[{"href":"https:\/\/www.europesays.com\/it\/wp-json\/wp\/v2\/posts\/605046","targetHints":{"allow":["GET"]}}],"collection":[{"href":"https:\/\/www.europesays.com\/it\/wp-json\/wp\/v2\/posts"}],"about":[{"href":"https:\/\/www.europesays.com\/it\/wp-json\/wp\/v2\/types\/post"}],"author":[{"embeddable":true,"href":"https:\/\/www.europesays.com\/it\/wp-json\/wp\/v2\/users\/3"}],"replies":[{"embeddable":true,"href":"https:\/\/www.europesays.com\/it\/wp-json\/wp\/v2\/comments?post=605046"}],"version-history":[{"count":0,"href":"https:\/\/www.europesays.com\/it\/wp-json\/wp\/v2\/posts\/605046\/revisions"}],"wp:featuredmedia":[{"embeddable":true,"href":"https:\/\/www.europesays.com\/it\/wp-json\/wp\/v2\/media\/605047"}],"wp:attachment":[{"href":"https:\/\/www.europesays.com\/it\/wp-json\/wp\/v2\/media?parent=605046"}],"wp:term":[{"taxonomy":"category","embeddable":true,"href":"https:\/\/www.europesays.com\/it\/wp-json\/wp\/v2\/categories?post=605046"},{"taxonomy":"post_tag","embeddable":true,"href":"https:\/\/www.europesays.com\/it\/wp-json\/wp\/v2\/tags?post=605046"}],"curies":[{"name":"wp","href":"https:\/\/api.w.org\/{rel}","templated":true}]}}