{"id":605052,"date":"2026-07-27T18:47:16","date_gmt":"2026-07-27T18:47:16","guid":{"rendered":"https:\/\/www.europesays.com\/it\/605052\/"},"modified":"2026-07-27T18:47:16","modified_gmt":"2026-07-27T18:47:16","slug":"ebola-torna-a-far-paura-perche-questa-epidemia-e-diversa-dalle-precedenti-e-cosa-sappiamo-del-virus","status":"publish","type":"post","link":"https:\/\/www.europesays.com\/it\/605052\/","title":{"rendered":"Ebola torna a far paura: perch\u00e9 questa epidemia \u00e8 diversa dalle precedenti e cosa sappiamo del virus"},"content":{"rendered":"<p><strong>Ebola<\/strong> torna al centro dell\u2019attenzione internazionale. Nella <strong>Repubblica Democratica del Congo<\/strong> \u00e8 in corso una grave epidemia causata dal <strong>Bundibugyo ebolavirus<\/strong>, un ceppo diverso da quello responsabile dei principali focolai del passato recente. \u00c8 proprio questa differenza a preoccupare gli esperti: per questa variante <strong>non esistono ancora vaccini o terapie specifiche approvate<\/strong>, a differenza del pi\u00f9 noto <strong>virus Ebola Zaire<\/strong>. L\u2019<strong>Organizzazione Mondiale della Sanit\u00e0 (OMS)<\/strong>, insieme alle autorit\u00e0 sanitarie congolesi e ai partner internazionali, sta coordinando una risposta articolata mentre il numero dei contagi cresce e il focolaio coinvolge ormai diverse aree del Paese. Alcuni casi correlati sono stati individuati anche in <strong>Uganda<\/strong>, dove al momento la trasmissione appare sotto controllo grazie alle misure di sanit\u00e0 pubblica adottate.<\/p>\n<p><strong>Che cos\u2019\u00e8 l\u2019Ebola<\/strong> La <strong>malattia da virus Ebola<\/strong> \u00e8 un\u2019infezione virale acuta della famiglia <strong>Filoviridae<\/strong> che colpisce l\u2019uomo e alcuni primati non umani. Provoca una robusta risposta infiammatoria capace di compromettere il funzionamento di vari organi, tra cui <strong>fegato, reni e apparato cardiovascolare<\/strong>. Contrariamente a un luogo comune, le <strong>emorragie<\/strong> non si manifestano in tutti i pazienti. Per questo i clinici preferiscono parlare di \u201cmalattia da virus Ebola\u201d, poich\u00e9 il sanguinamento \u00e8 solo una possibile espressione delle forme pi\u00f9 severe.<\/p>\n<p><strong>Come si trasmette<\/strong> Uno dei falsi miti pi\u00f9 diffusi \u00e8 che l\u2019Ebola si diffonda per via aerea. <strong>Non \u00e8 cos\u00ec<\/strong>. Il patogeno non circola come influenza o Covid-19: richiede il <strong>contatto diretto con sangue o altri fluidi corporei di una persona malata o deceduta<\/strong>, oppure con <strong>materiali contaminati<\/strong> (aghi, pres\u00ecdi sanitari, indumenti, biancheria). Il salto di specie dagli animali all\u2019uomo pu\u00f2 avvenire attraverso il contatto con fauna selvatica infetta, in particolare i <strong>pipistrelli della frutta<\/strong>, considerati il principale serbatoio naturale. Un elemento cruciale: <strong>durante l\u2019incubazione il soggetto infetto non \u00e8 contagioso<\/strong> e pu\u00f2 trasmettere il virus <strong>solo dopo la comparsa dei sintomi<\/strong>.<\/p>\n<p>    <a href=\"https:\/\/www.mondosanita.it\/news\/salute\/105797\/epatite-c-migliaia-di-italiani-non-sanno-di-averla-un-semplice-test-puo-evitare-cirrosi-e-tumore-del-fegato.html?utm_source=VCMS_correlati\" class=\"vc_cont_image\" rel=\"nofollow noopener\" target=\"_blank\"><img decoding=\"async\" class=\"vc_image\" src=\"https:\/\/www.mondosanita.it\/resizer\/150\/-1\/true\/2026_07_27\/ChatGPT_Image_27_lug_2026%2C_17_00_04-1785164409315.jpg--epatite_c__migliaia_di_italiani_non_sanno_di_averla__un_semplice_test_puo_evitare_cirrosi_e_tumore_del_fegato.jpg?1785164409915\"\/><\/a><\/p>\n<p><strong>I sintomi: all\u2019inizio somiglia a un\u2019influenza<\/strong> L\u2019incubazione varia da <strong>2 a 21 giorni<\/strong>. Nelle fasi iniziali il quadro clinico \u00e8 aspecifico e pu\u00f2 ricordare molte altre infezioni: <strong>febbre elevata<\/strong>, marcata <strong>astenia<\/strong>, <strong>dolori muscolari<\/strong>, <strong>cefalea<\/strong> e <strong>mal di gola<\/strong>. Con il progredire della malattia possono insorgere <strong>vomito, diarrea, dolore addominale<\/strong> e un progressivo interessamento di <strong>fegato e reni<\/strong>. Solo una parte dei pazienti sviluppa <strong>emorragie interne o esterne<\/strong>; nelle forme pi\u00f9 gravi possono comparire <strong>insufficienza multiorgano e shock<\/strong>.<\/p>\n<p><strong>Perch\u00e9 questa epidemia \u00e8 diversa<\/strong> Negli ultimi anni la ricerca ha cambiato la prognosi dell\u2019infezione causata dal ceppo <strong>Zaire<\/strong>, grazie a <strong>vaccini altamente efficaci<\/strong> e <strong>anticorpi monoclonali<\/strong> che, se somministrati precocemente, aumentano sensibilmente le probabilit\u00e0 di sopravvivenza. L\u2019epidemia attuale, invece, \u00e8 dovuta al <strong>Bundibugyo ebolavirus<\/strong>, per il quale <strong>questi strumenti non sono ancora approvati<\/strong>. La comunit\u00e0 scientifica sta quindi accelerando lo sviluppo di vaccini e trattamenti mirati, mentre l\u2019assistenza clinica si basa principalmente su <strong>cure di supporto<\/strong>.<\/p>\n<p><strong>Come si cura oggi<\/strong> Anche in assenza di terapie specifiche, la <strong>rapidit\u00e0 dell\u2019intervento<\/strong> \u00e8 determinante. Il trattamento comprende <strong>reidratazione orale o endovenosa<\/strong>, <strong>correzione degli squilibri elettrolitici<\/strong>, <strong>supporto della pressione arteriosa<\/strong>, <strong>ossigenoterapia<\/strong> quando indicata e <strong>gestione di eventuali coinfezioni<\/strong>. Queste misure non eliminano l\u2019agente virale, ma aiutano l\u2019organismo a superare la fase critica, <strong>migliorando in modo significativo le chance di sopravvivenza<\/strong>.<\/p>\n<p><strong>C\u2019\u00e8 un rischio per l\u2019Italia?<\/strong> Secondo <strong>OMS ed ECDC<\/strong>, il rischio per la popolazione italiana ed europea \u00e8 <strong>basso<\/strong>. L\u2019Ebola richiede infatti un <strong>contatto diretto con fluidi biologici infetti<\/strong> e <strong>non si trasmette per via aerea<\/strong>. Inoltre, i <strong>sistemi sanitari europei<\/strong> dispongono di protocolli rodati per l\u2019<strong>identificazione rapida<\/strong> di eventuali casi importati, il loro <strong>isolamento<\/strong> e il <strong>tracciamento dei contatti<\/strong>. La vera sfida resta <strong>interrompere la catena dei contagi nelle aree colpite<\/strong>. In molte zone della Repubblica Democratica del Congo, <strong>conflitti armati<\/strong>, <strong>continui spostamenti della popolazione<\/strong>, <strong>difficolt\u00e0 logistiche<\/strong> e <strong>disinformazione<\/strong> complicano la risposta sanitaria. \u00c8 questa combinazione di fattori, pi\u00f9 ancora della pericolosit\u00e0 intrinseca del virus, a preoccupare oggi la comunit\u00e0 scientifica internazionale.<\/p>\n<p><img loading=\"lazy\" decoding=\"async\" src=\"https:\/\/www.europesays.com\/it\/wp-content\/uploads\/2026\/07\/ChatGPT_Image_27_lug_2026,_17_15_44-1785165362436.jpg\" alt=\"\" width=\"1024\" height=\"1536\"\/><\/p>\n<p><strong>Fonti<\/strong> &#8211; <strong>Organizzazione Mondiale della Sanit\u00e0 (WHO)<\/strong> \u2013 Disease Outbreak News: Ebola disease caused by Bundibugyo virus, Democratic Republic of the Congo and Uganda; aggiornamenti 2026 &#8211; <strong>World Health Organization (WHO)<\/strong> \u2013 Ebola virus disease \u2013 Fact sheet &#8211; <strong>WHO Regional Office for Africa<\/strong> \u2013 Rapporti epidemiologici sull\u2019epidemia di Bundibugyo ebolavirus nella Repubblica Democratica del Congo &#8211; <strong>European Centre for Disease Prevention and Control (ECDC)<\/strong> \u2013 Valutazioni del rischio e aggiornamenti sulle malattie da virus Ebola &#8211; <strong>Centers for Disease Control and Prevention (CDC)<\/strong> \u2013 Ebola Virus Disease (EVD) &#8211; <strong>Medici Senza Frontiere (MSF)<\/strong> \u2013 Aggiornamenti sulle attivit\u00e0 di risposta nella Repubblica Democratica del Congo &#8211; <strong>Organizzazione Internazionale per le Migrazioni (IOM)<\/strong> \u2013 Rapporti sulla mobilit\u00e0 transfrontaliera e sulle criticit\u00e0 umanitarie nelle aree interessate dal focolaio<\/p>\n","protected":false},"excerpt":{"rendered":"Ebola torna al centro dell\u2019attenzione internazionale. Nella Repubblica Democratica del Congo \u00e8 in corso una grave epidemia causata&hellip;\n","protected":false},"author":3,"featured_media":605053,"comment_status":"","ping_status":"","sticky":false,"template":"","format":"standard","meta":{"footnotes":"","_share_on_mastodon":"0"},"categories":[175],"tags":[333647,56313,4178,330998,239,1537,90,89,238712,333649,9222,19703,240,112635,333648],"class_list":["post-605052","post","type-post","status-publish","format-standard","has-post-thumbnail","category-salute","tag-bundibugyo-ebolavirus","tag-centers-for-disease-control-and-prevention","tag-ebola","tag-european-centre-for-disease-prevention-and-control","tag-health","tag-it","tag-italia","tag-italy","tag-medici-senza-frontiere","tag-organizzazione-internazionale-per-le-migrazioni","tag-organizzazione-mondiale-della-sanita","tag-repubblica-democratica-del-congo","tag-salute","tag-uganda","tag-world-health-organization"],"share_on_mastodon":{"url":"https:\/\/pubeurope.com\/@it\/116993435807462204","error":""},"_links":{"self":[{"href":"https:\/\/www.europesays.com\/it\/wp-json\/wp\/v2\/posts\/605052","targetHints":{"allow":["GET"]}}],"collection":[{"href":"https:\/\/www.europesays.com\/it\/wp-json\/wp\/v2\/posts"}],"about":[{"href":"https:\/\/www.europesays.com\/it\/wp-json\/wp\/v2\/types\/post"}],"author":[{"embeddable":true,"href":"https:\/\/www.europesays.com\/it\/wp-json\/wp\/v2\/users\/3"}],"replies":[{"embeddable":true,"href":"https:\/\/www.europesays.com\/it\/wp-json\/wp\/v2\/comments?post=605052"}],"version-history":[{"count":0,"href":"https:\/\/www.europesays.com\/it\/wp-json\/wp\/v2\/posts\/605052\/revisions"}],"wp:featuredmedia":[{"embeddable":true,"href":"https:\/\/www.europesays.com\/it\/wp-json\/wp\/v2\/media\/605053"}],"wp:attachment":[{"href":"https:\/\/www.europesays.com\/it\/wp-json\/wp\/v2\/media?parent=605052"}],"wp:term":[{"taxonomy":"category","embeddable":true,"href":"https:\/\/www.europesays.com\/it\/wp-json\/wp\/v2\/categories?post=605052"},{"taxonomy":"post_tag","embeddable":true,"href":"https:\/\/www.europesays.com\/it\/wp-json\/wp\/v2\/tags?post=605052"}],"curies":[{"name":"wp","href":"https:\/\/api.w.org\/{rel}","templated":true}]}}