{"id":605084,"date":"2026-07-27T19:13:10","date_gmt":"2026-07-27T19:13:10","guid":{"rendered":"https:\/\/www.europesays.com\/it\/605084\/"},"modified":"2026-07-27T19:13:10","modified_gmt":"2026-07-27T19:13:10","slug":"abete-maldini-e-leonardo-si-sono-dimessi-il-ct-o-lo-sceglie-malago-o-serve-un-nuovo-dt","status":"publish","type":"post","link":"https:\/\/www.europesays.com\/it\/605084\/","title":{"rendered":"Abete: &#8220;Maldini e Leonardo si sono dimessi. Il ct o lo sceglie Malag\u00f2 o serve un nuovo dt&#8221;"},"content":{"rendered":"<p>Il presidente della Lega Nazionale Dilettanti, Giancarlo Abete (e candidato sconfitto nelle elezioni a presidente della Figc) ha parlato ai microfoni dei cronisti presenti all&#8217;esterno della sede della Figc a margine dell&#8217;incontro fra le componenti e il presidente Malag\u00f2 alla vigilia del Consiglio federale in programma domani. E dal numero 1 dei Dilettanti \u00e8 arrivata l&#8217;ufficialit\u00e0 della scelta di Maldini e Leonardo di dire addio.<\/p>\n","protected":false},"excerpt":{"rendered":"Il presidente della Lega Nazionale Dilettanti, Giancarlo Abete (e candidato sconfitto nelle elezioni a presidente della Figc) ha&hellip;\n","protected":false},"author":3,"featured_media":605085,"comment_status":"","ping_status":"","sticky":false,"template":"","format":"standard","meta":{"footnotes":"","_share_on_mastodon":"0"},"categories":[176],"tags":[1537,90,89,6775,16389,1654,131772,245,244],"class_list":["post-605084","post","type-post","status-publish","format-standard","has-post-thumbnail","category-sport","tag-it","tag-italia","tag-italy","tag-leonardo","tag-national-teams","tag-nazionali","tag-p-maldini","tag-sport","tag-sports"],"share_on_mastodon":{"url":"https:\/\/pubeurope.com\/@it\/116993537401996569","error":""},"_links":{"self":[{"href":"https:\/\/www.europesays.com\/it\/wp-json\/wp\/v2\/posts\/605084","targetHints":{"allow":["GET"]}}],"collection":[{"href":"https:\/\/www.europesays.com\/it\/wp-json\/wp\/v2\/posts"}],"about":[{"href":"https:\/\/www.europesays.com\/it\/wp-json\/wp\/v2\/types\/post"}],"author":[{"embeddable":true,"href":"https:\/\/www.europesays.com\/it\/wp-json\/wp\/v2\/users\/3"}],"replies":[{"embeddable":true,"href":"https:\/\/www.europesays.com\/it\/wp-json\/wp\/v2\/comments?post=605084"}],"version-history":[{"count":0,"href":"https:\/\/www.europesays.com\/it\/wp-json\/wp\/v2\/posts\/605084\/revisions"}],"wp:featuredmedia":[{"embeddable":true,"href":"https:\/\/www.europesays.com\/it\/wp-json\/wp\/v2\/media\/605085"}],"wp:attachment":[{"href":"https:\/\/www.europesays.com\/it\/wp-json\/wp\/v2\/media?parent=605084"}],"wp:term":[{"taxonomy":"category","embeddable":true,"href":"https:\/\/www.europesays.com\/it\/wp-json\/wp\/v2\/categories?post=605084"},{"taxonomy":"post_tag","embeddable":true,"href":"https:\/\/www.europesays.com\/it\/wp-json\/wp\/v2\/tags?post=605084"}],"curies":[{"name":"wp","href":"https:\/\/api.w.org\/{rel}","templated":true}]}}