{"id":605097,"date":"2026-07-27T19:20:16","date_gmt":"2026-07-27T19:20:16","guid":{"rendered":"https:\/\/www.europesays.com\/it\/605097\/"},"modified":"2026-07-27T19:20:16","modified_gmt":"2026-07-27T19:20:16","slug":"malago-su-pirlo-una-brutta-figura-bisogna-vedere-chi-lha-fatta-e-su-thiago-motta-ct-non-dico-ne-si-ne-no-domani-novita","status":"publish","type":"post","link":"https:\/\/www.europesays.com\/it\/605097\/","title":{"rendered":"Malag\u00f2: \u00abSu Pirlo una brutta figura? Bisogna vedere chi l&#8217;ha fatta\u00bb. E su Thiago Motta ct: \u00abNon dico n\u00e9 s\u00ec n\u00e9 no, domani novit\u00e0\u00bb"},"content":{"rendered":"<p>    di<br \/>\n    Redazione sport<\/p>\n<p class=\"summary-art is-line-h-12\">Il presidente federale glissa sulle indiscrezioni delle possibili dimissioni di Maldini e Leonardo dopo il no a Pirlo e risponde al ministro Abodi. Nella lista dei nuovi ct spunta l&#8217;ex Juventus: \u00abArriver\u00e0 entro breve e saprete tutto\u00bb<\/p>\n<p class=\"chapter-paragraph\"><b>\u00abThiago Motta<\/b> pu\u00f2 essere un nome? Non posso dire n\u00e9 s\u00ec n\u00e9 no a qualsiasi cosa. Sono assolutamente obbligato a fare questo, domani ci saranno delle novit\u00e0\u00bb. Il presidente della Figc <b><a href=\"https:\/\/www.corriere.it\/sport\/26_luglio_27\/nazionale-conte-mancini-nuovo-ct-malago-2d7b4759-69ac-4e04-aaef-e3fd8c049xlk.shtml\" title=\"Ct Nazionale, Malag\u00f2 punta su Conte e Mancini. Maldini e Leonardo verso le dimissioni\" rel=\"nofollow noopener\" target=\"_blank\">Giovanni Malag\u00f2<\/a><\/b> non conferma e non nega le voci circa l&#8217;ex allenatore della Juventus come prossimo commissario tecnico della Nazionale dopo il no a Pirlo: \u00abSto lavorando, l&#8217;allenatore arriver\u00e0 entro breve e saprete tutto\u00bb, aveva detto uscendo dalla sede della Federcalcio per andare nella sede della Lega Nazionale Dilettanti, dove ha fatto un passaggio per il direttivo.\u00a0<\/p>\n<p class=\"chapter-paragraph\">Poi, rispondendo al ministro <b>Abodi che aveva detto che \u00abbisogna rimediare alla brutta figura\u00bb <\/b>in relazione a <a href=\"https:\/\/www.corriere.it\/sport\/calcio\/26_luglio_27\/malago-pirlo-social-ct-a9132daa-ca5c-4b82-a3d6-aa8b2fd5bxlk.shtml\" title=\"Malag\u00f2 ha deciso: Pirlo non pu\u00f2 essere il prossimo ct. Lo sfogo di Andrea: \u00abHo appreso di non essere pi\u00f9 il candidato per la Nazionale. Amarezza\u00bb. L&#039;incontro di oggi. Maldini, gi\u00e0 addio?\" target=\"_blank\" rel=\"nofollow noopener\">quanto successo con Pirlo<\/a>, il n. 1 del calcio italiano ha replicato: <b>\u00abBisogna vedere chi l&#8217;ha fatta la brutta figura\u00bb.<\/b> Su Maldini non ha commentato.    &#13;<br \/>\n&#13;<br \/>\n&#13;<br \/>\n&#13;<br \/>\n&#13;<br \/>\n&#13;<br \/>\n&#13;<br \/>\n&#13;<br \/>\n&#13;<br \/>\n&#13;<br \/>\n&#13;<br \/>\n&#13;<br \/>\n&#13;<br \/>\n&#13;<br \/>\n&#13;<br \/>\n&#13;<br \/>\n&#13;<br \/>\n&#13;<br \/>\n&#13;<br \/>\n&#13;<br \/>\n&#13;<br \/>\n&#13;<br \/>\n&#13;<br \/>\n&#13;<br \/>\n&#13;<br \/>\n&#13;<br \/>\n&#13;<br \/>\n&#13;<br \/>\n&#13;<br \/>\n&#13;<br \/>\n&#13;<br \/>\n&#13;<br \/>\n&#13;<br \/>\n&#13;<br \/>\n&#13;<br \/>\n&#13;<br \/>\n&#13;<br \/>\n&#13;<br \/>\n&#13;<br \/>\n&#13;<br \/>\n&#13;<br \/>\n&#13;<br \/>\n&#13;<br \/>\n&#13;<br \/>\n&#13;<br \/>\n&#13;<br \/>\n&#13;<br \/>\n&#13;<br \/>\n&#13;<br \/>\n&#13;<br \/>\n&#13;<br \/>\n&#13;<br \/>\n&#13;\n<\/p>\n<p class=\"chapter-paragraph\">Bocche cucite, infine, sulle <a href=\"https:\/\/www.corriere.it\/sport\/calcio\/26_luglio_27\/italia-maldini-pirlo-ct-amicizia-70917222-c2d3-40a0-a528-c5a764962xlk.shtml\" title=\"Maldini \u00e8 un fuoriclasse, ma non si pu\u00f2 essere ostaggi della sua ostinazione. Sconcertanti le sue prime settimane da dt\" target=\"_blank\" rel=\"nofollow noopener\">indiscrezioni legate alle dimissioni di Paolo Maldini e Leonardo<\/a>, che sarebbero gi\u00e0 pronti a lasciare dopo il mancato arrivo di Pirlo: \u00abVi chiedo scusa, a breve saprete tutto\u00bb ha concluso.<\/p>\n<p class=\"chapter-paragraph\">Stamattina, parlando a un panel del Sole 24 Ore per la presentazione dell&#8217;indagine sull&#8217;Indice di sportivit\u00e0, Malag\u00f2 <b>aveva gi\u00e0 anticipato la stessa linea attendista sul dossier<\/b>: \u00abQual \u00e8 la situazione sulla scelta del ct? Questo appuntamento l&#8217;ho voluto conservare, ma <b>adesso in questi 20-25 minuti di collegamento ho 6-700 nuovi messaggi su Whatsapp. Parler\u00f2 con tutti <\/b>il prima possibile, com&#8217;\u00e8 giusto che sia\u00bb.<\/p>\n<p class=\"chapter-paragraph\">Il presidente della Figc si era anche soffermato sul tema pi\u00f9 ampio della credibilit\u00e0 sportiva del Paese, sia agonistico \u2014 con la <a href=\"https:\/\/www.corriere.it\/sport\/calcio\/mondiali\/diretta-live\/26_marzo_31\/bosnia-italia-qualificazioni.shtml\" title=\"Bosnia-Italia, \u00e8 finita: siamo fuori dai Mondiali per la terza volta: 5-2 ai rigori. Kean ci illude, Bastoni lascia gli azzurri in dieci. \u00abIl dispiacere \u00e8 enorme, portata avanti con i denti\u00bb\" target=\"_blank\" rel=\"nofollow noopener\">mancata partecipazione ai Mondiali per la terza volta consecutiva<\/a> \u2014\u00a0 sia di ricostruzione, obiettivo per cui appunto <a href=\"https:\/\/www.corriere.it\/sport\/calcio\/26_luglio_11\/paolo-maldini-direttore-tecnico-leonardo-advisor-nazionale-d413fb39-165d-4004-8c67-cdb5e98e0xlk.shtml\" title=\"Malag\u00f2: \u00abPaolo Maldini direttore tecnico e Leonardo advisor della Nazionale\u00bb\" target=\"_blank\" rel=\"nofollow noopener\">Maldini \u00e8 stato nominato direttore tecnico <\/a>con potere anche sulle giovanili: <b>\u00abIl nostro recupero di credibilit\u00e0 in termini agonistici non \u00e8 scontato<\/b>. Puoi avere una squadra molto forte, ma in questi Mondiali qualcuna \u00e8 andata fuori al primo turno\u00bb.\u00a0<\/p>\n<p class=\"chapter-paragraph\">Proprio per questo\u00a0<b>\u00abbisogna lavorare sui giovani, su chi ha oggi 15, 16 o 17 anni<\/b>. E per costruire questo devi <b>modificare tutta la filiera, anche sotto il punto di vista della didattica<\/b>, dell&#8217;insegnamento e della cultura. \u00c8 un discorso di semina, come un campo nel quale poi vai a raccogliere\u00bb.\u00a0<\/p>\n<p>APPROFONDISCI CON IL PODCAST<\/p>\n<p class=\"chapter-paragraph\">Anche se al momento gli ascolti tv non sembrano premiare il calcio, quello che era lo sport nazionale, <a href=\"https:\/\/www.corriere.it\/sport\/tennis\/26_luglio_11\/sinner-djokovic-wimbledon-record-ascolti-tv-5fcaabf5-7846-497a-95fd-0090a6429xlk.shtml\" title=\"Sinner-Djokovic, Wimbledon fa il record di ascolti tv: 22,1% di share complessivo\" target=\"_blank\" rel=\"nofollow noopener\">prediligendo ad esempio il tennis<\/a>, occorre tornare alla base, ai bambini.\u00a0\u00abLe idee sono molto chiare, c&#8217;\u00e8 da tenere conto anche del fatto che prima il Paese era calciocentrico, ora invece ci sono molte discipline che hanno portato via potenzialmente tante persone \u2014 ha proseguito Malag\u00f2 \u2014. Dobbiamo riorganizzarci tra diverse complessit\u00e0 ed \u00e8 difficile fare una trasformazione. Il mondo dello sport, e del calcio in particolare, ha una sua presenza che allarga non solo la parte agonistica ma <b>ha anche una funzione sociale che \u00e8 sotto gli occhi di tutti<\/b>\u00bb.<\/p>\n<p class=\"is-last-update\" datetime=\"2026-07-27T18:24:37+02:00\">27 luglio 2026 ( modifica il 27 luglio 2026 | 18:24)<\/p>\n<p class=\"is-copyright\">\n            \u00a9 RIPRODUZIONE RISERVATA\n        <\/p>\n","protected":false},"excerpt":{"rendered":"di Redazione sport Il presidente federale glissa sulle indiscrezioni delle possibili dimissioni di Maldini e Leonardo dopo il&hellip;\n","protected":false},"author":3,"featured_media":605098,"comment_status":"","ping_status":"","sticky":false,"template":"","format":"standard","meta":{"footnotes":"","_share_on_mastodon":"0"},"categories":[6],"tags":[39420,1960,4987,333659,333660,3439,174804,333661,2553,256598,24898,38186,721,32704,14,5886,476,1690,333662,333663,3882,333664,333665,7216,23067,9443,8,69044,1537,90,89,63425,20361,1354,7,15,82,9,83,10,82928,135,333658,13,11,80,84,12,81,85],"class_list":["post-605097","post","type-post","status-publish","format-standard","has-post-thumbnail","category-ultime-notizie","tag-abodi","tag-allenatore","tag-arrivera","tag-arrivera-entro","tag-arrivera-entro-breve","tag-bisogna","tag-bisogna-vedere","tag-bisogna-vedere-fatta","tag-breve","tag-breve-saprete","tag-brutta","tag-brutta-figura","tag-calcio","tag-credibilita","tag-cronaca","tag-ct","tag-dimissioni","tag-domani","tag-domani-novita","tag-domani-novita-presidente","tag-entro","tag-entro-breve","tag-entro-breve-saprete","tag-fatta","tag-figc","tag-figura","tag-headlines","tag-indiscrezioni","tag-it","tag-italia","tag-italy","tag-malago","tag-maldini","tag-ne","tag-news","tag-notizie","tag-notizie-di-cronaca","tag-notizie-principali","tag-notiziedicronaca","tag-notizieprincipali","tag-pirlo","tag-presidente","tag-saprete","tag-titoli","tag-ultime-notizie","tag-ultime-notizie-di-cronaca","tag-ultime-notizie-e-news-di-oggi","tag-ultimenotizie","tag-ultimenotiziedicronaca","tag-ultimenotizieenewsdioggi"],"share_on_mastodon":{"url":"","error":"Validation failed: Text character limit of 500 exceeded"},"_links":{"self":[{"href":"https:\/\/www.europesays.com\/it\/wp-json\/wp\/v2\/posts\/605097","targetHints":{"allow":["GET"]}}],"collection":[{"href":"https:\/\/www.europesays.com\/it\/wp-json\/wp\/v2\/posts"}],"about":[{"href":"https:\/\/www.europesays.com\/it\/wp-json\/wp\/v2\/types\/post"}],"author":[{"embeddable":true,"href":"https:\/\/www.europesays.com\/it\/wp-json\/wp\/v2\/users\/3"}],"replies":[{"embeddable":true,"href":"https:\/\/www.europesays.com\/it\/wp-json\/wp\/v2\/comments?post=605097"}],"version-history":[{"count":0,"href":"https:\/\/www.europesays.com\/it\/wp-json\/wp\/v2\/posts\/605097\/revisions"}],"wp:featuredmedia":[{"embeddable":true,"href":"https:\/\/www.europesays.com\/it\/wp-json\/wp\/v2\/media\/605098"}],"wp:attachment":[{"href":"https:\/\/www.europesays.com\/it\/wp-json\/wp\/v2\/media?parent=605097"}],"wp:term":[{"taxonomy":"category","embeddable":true,"href":"https:\/\/www.europesays.com\/it\/wp-json\/wp\/v2\/categories?post=605097"},{"taxonomy":"post_tag","embeddable":true,"href":"https:\/\/www.europesays.com\/it\/wp-json\/wp\/v2\/tags?post=605097"}],"curies":[{"name":"wp","href":"https:\/\/api.w.org\/{rel}","templated":true}]}}