{"id":605509,"date":"2026-07-28T01:29:28","date_gmt":"2026-07-28T01:29:28","guid":{"rendered":"https:\/\/www.europesays.com\/it\/605509\/"},"modified":"2026-07-28T01:29:28","modified_gmt":"2026-07-28T01:29:28","slug":"tale-e-quale-show-tutto-sulla-nuova-edizione-il-cast-quando-comincia-le-novita","status":"publish","type":"post","link":"https:\/\/www.europesays.com\/it\/605509\/","title":{"rendered":"Tale e Quale Show, tutto sulla nuova edizione: il cast, quando comincia, le novit\u00e0"},"content":{"rendered":"<p class=\"c-paragraph\">La stagione televisiva del divertimento riparte il 23 settembre, data in cui <a href=\"http:\/\/ilgiornale.it\/tag\/carlo-conti\/\" rel=\"nofollow noopener\" target=\"_blank\">Carlo Conti<\/a> e la sua squadra torneranno in onda con <a href=\"https:\/\/www.ilgiornale.it\/tag\/tale-e-quale-show\/\" rel=\"nofollow noopener\" target=\"_blank\">\u201cTale e Quale show\u201d<\/a>. Le novit\u00e0 della quattordicesima edizione del talent, prodotto dalla Direzione Intrattenimento Prime Time in collaborazione con Endemol Shine Italy, sono state anticipate dal conduttore toscano. Attraverso una Stories su Instagram, infatti, Conti ha svelato che il programma partir\u00e0 a fine settembre e una giuria rinnovata.<\/p>\n<p>Il cast<\/p>\n<p class=\"c-paragraph\">I nomi dei personaggi famosi, che prenderanno parte al programma a partire da settembre, sono stati ufficializzati dalla Rai lo scorso 17 luglio. Con un ironico post pubblicato sui social, la Direzione Intrattenimento Prime Time della rete pubblica ha reso noti i nomi dei dieci vip che si metteranno in gioco con le esibizioni dal vivo, ovvero<b> Paola Perego, Maddalena Corvaglia, Roberta Morise, Selma, Anna Pettinelli, Jasmine Carrisi, Andrea Perroni, Stefano Meloccaro, Max Paiella <\/b>e<b> Vladimir Randazzo<\/b>. A questi si aggiungeranno due nomi gi\u00e0 noti ai telespettatori, quelli di<b> Flavio Insinna <\/b>e<b> Gabriele Cirilli<\/b> che torneranno a fare sognare il pubblico con i loro \u201cduetti impossibili\u201d.<\/p>\n<p>La giuria<\/p>\n<p class=\"c-paragraph\">La pi\u00f9 importante novit\u00e0 della stagione riguarda la giuria del programma. Massimo Lopez e Giorgio Panariello hanno passato il testimone ad <a href=\"https:\/\/www.ilgiornale.it\/tag\/alessandro-siani\/\" rel=\"nofollow noopener\" target=\"_blank\">Alessandro Siani<\/a> ed <a href=\"https:\/\/www.ilgiornale.it\/tag\/elettra-lamborghini\/13\/\" rel=\"nofollow noopener\" target=\"_blank\">Elettra Lamborghini<\/a>. Il primo era gi\u00e0 stato ospite speciale della finale di \u201cTali e quali\u201d, il format condotto da Nicola Savino lo scorso inverno, mentre la seconda \u00e8 la vera new entry dell\u2019edizione. La cantante, che sta spopolando in radio con il brano \u201cBam Bam Bambina\u201d, sar\u00e0 la spalla perfetta per <a href=\"https:\/\/www.ilgiornale.it\/tag\/cristiano-malgioglio\/\" rel=\"nofollow noopener\" target=\"_blank\">Cristiano Malgioglio<\/a>, unico elemento di continuit\u00e0 con la giuria degli anni passati. Il quarto giudice, invece, sar\u00e0 un ospite speciale che cambier\u00e0 a ogni puntata.<\/p>\n<p>Quando comincia<\/p>\n<p class=\"c-paragraph\">L\u2019appuntamento con la nuova edizione di \u201cTale e Quale Show\u201d \u00e8 fissato per mercoled\u00ec 23 settembre in prima serata su Rai 1 per nove puntate in diretta dagli Studi \u201cFabrizio Frizzi\u201d di Roma. Carlo Conti \u00e8 prontissimo ma intanto si gode l\u2019estate e la sua famiglia. Nelle scorse ore, infatti, ha festeggiato il compleanno della moglie Francesca, dedicandole un bellissimo post sui social con tanto di auguri da parte del figlio Matteo. <\/p>\n","protected":false},"excerpt":{"rendered":"La stagione televisiva del divertimento riparte il 23 settembre, data in cui Carlo Conti e la sua squadra&hellip;\n","protected":false},"author":3,"featured_media":605510,"comment_status":"","ping_status":"","sticky":false,"template":"","format":"standard","meta":{"footnotes":"","_share_on_mastodon":"0"},"categories":[1444],"tags":[203,204,1537,90,89,17852,253],"class_list":["post-605509","post","type-post","status-publish","format-standard","has-post-thumbnail","category-tv","tag-entertainment","tag-intrattenimento","tag-it","tag-italia","tag-italy","tag-tale-e-quale-show","tag-tv"],"share_on_mastodon":{"url":"https:\/\/pubeurope.com\/@it\/116995015597335499","error":""},"_links":{"self":[{"href":"https:\/\/www.europesays.com\/it\/wp-json\/wp\/v2\/posts\/605509","targetHints":{"allow":["GET"]}}],"collection":[{"href":"https:\/\/www.europesays.com\/it\/wp-json\/wp\/v2\/posts"}],"about":[{"href":"https:\/\/www.europesays.com\/it\/wp-json\/wp\/v2\/types\/post"}],"author":[{"embeddable":true,"href":"https:\/\/www.europesays.com\/it\/wp-json\/wp\/v2\/users\/3"}],"replies":[{"embeddable":true,"href":"https:\/\/www.europesays.com\/it\/wp-json\/wp\/v2\/comments?post=605509"}],"version-history":[{"count":0,"href":"https:\/\/www.europesays.com\/it\/wp-json\/wp\/v2\/posts\/605509\/revisions"}],"wp:featuredmedia":[{"embeddable":true,"href":"https:\/\/www.europesays.com\/it\/wp-json\/wp\/v2\/media\/605510"}],"wp:attachment":[{"href":"https:\/\/www.europesays.com\/it\/wp-json\/wp\/v2\/media?parent=605509"}],"wp:term":[{"taxonomy":"category","embeddable":true,"href":"https:\/\/www.europesays.com\/it\/wp-json\/wp\/v2\/categories?post=605509"},{"taxonomy":"post_tag","embeddable":true,"href":"https:\/\/www.europesays.com\/it\/wp-json\/wp\/v2\/tags?post=605509"}],"curies":[{"name":"wp","href":"https:\/\/api.w.org\/{rel}","templated":true}]}}