{"id":605539,"date":"2026-07-28T02:04:20","date_gmt":"2026-07-28T02:04:20","guid":{"rendered":"https:\/\/www.europesays.com\/it\/605539\/"},"modified":"2026-07-28T02:04:20","modified_gmt":"2026-07-28T02:04:20","slug":"la-regina-maxima-dolanda-e-la-prima-reale-a-partecipare-a-un-pride-una-svolta-storica-per-la-monarchia","status":"publish","type":"post","link":"https:\/\/www.europesays.com\/it\/605539\/","title":{"rendered":"La regina M\u00e1xima d\u2019Olanda \u00e8 la prima reale a partecipare a un Pride: una svolta storica per la monarchia"},"content":{"rendered":"<p>La regina ha cos\u00ec mostrato ai royal d&#8217;Europa e del mondo come <strong>la monarchia possa esporsi in maniera decisa per sensibilizzare<\/strong> l&#8217;opinione pubblica sulla visibilit\u00e0 della comunit\u00e0 LGBTQ+. D&#8217;altronde, la regina dei Paesi Bassi \u00e8 <strong>sempre stata in prima linea per i diritti arcobaleno<\/strong>, dato che una delle sue prime apparizioni ufficiali, dopo essere diventata regina nel 2013, \u00e8 stata una conferenza di due giorni all&#8217;Aia dedicata proprio a tematiche queer. Nel 2022, inoltre, M\u00e1xima d&#8217;Olanda ha fatto notizia per la <strong>visita al quartiere Castro di San Francisco<\/strong>, dove si \u00e8 recata in vista presso i luoghi pi\u00f9 significativi della comunit\u00e0, dal Castro Theatre e alla Twin Peaks Tavern.<\/p>\n<p>La regnante olandese si \u00e8 <strong>sempre distinta come una voce fuori dal coro<\/strong>: originaria di Buenos Aires, M\u00e1xima ha lavorato presso l&#8217;Universidad Cat\u00f3lica Argentina e la Deutsche Bank di New York, prima di <a href=\"https:\/\/www.vanityfair.it\/gallery\/guglielmo-e-maxima-d-olanda-storia-di-un-lungo-e-solido-matrimonio-foto-gossip\" target=\"_blank\" rel=\"nofollow noopener\"><strong>incontrare il futuro marito e re d&#8217;Olanda, Guglielmo Alessandro, nel 1999<\/strong><\/a>, alla Fiera di Primavera di Siviglia, senza conoscere il suo status regale. Nel 2001, M\u00e1xima ha ottenuto cittadinanza olandese e nel 2002 si \u00e8 tenuto il royal wedding, da cui sono nate le tre figlie, le principesse Amalia, Alexia e Ariane. Con una rinnovata determinazione che \u00e8 una ventata di aria fresca per la monarchia, la regina M\u00e1xima non \u00e8 stata solo la prima regina regnante ad aprire una celebrazione del WorldPride, ma potrebbe costituire il precedente che apre a un maggiore <strong>impegno delle monarchie verso i diritti LGBTQ+<\/strong>.<\/p>\n<p><img decoding=\"async\" alt=\"Mxima d'Olanda al WorldPride 2026 Amsterdam\" loading=\"lazy\" class=\"ResponsiveImageContainer-dkeESL cQPiWi responsive-image__image\"   src=\"https:\/\/www.europesays.com\/it\/wp-content\/uploads\/2026\/07\/2287602423.jpeg\"\/><\/p>\n<p>M\u00e1xima d&#8217;Olanda al WorldPride 2026, Amsterdam<\/p>\n<p>Patrick van Katwijk<\/p>\n","protected":false},"excerpt":{"rendered":"La regina ha cos\u00ec mostrato ai royal d&#8217;Europa e del mondo come la monarchia possa esporsi in maniera&hellip;\n","protected":false},"author":3,"featured_media":605540,"comment_status":"","ping_status":"","sticky":false,"template":"","format":"standard","meta":{"footnotes":"","_share_on_mastodon":"0"},"categories":[160],"tags":[14,164,165,166,7,15,3105,6123,11,167,12,168,6124,161,162,163],"class_list":["post-605539","post","type-post","status-publish","format-standard","has-post-thumbnail","category-mondo","tag-cronaca","tag-dal-mondo","tag-dalmondo","tag-mondo","tag-news","tag-notizie","tag-royals","tag-textabovecenterfullbleed","tag-ultime-notizie","tag-ultime-notizie-di-mondo","tag-ultimenotizie","tag-ultimenotiziedimondo","tag-web","tag-world","tag-world-news","tag-worldnews"],"share_on_mastodon":{"url":"https:\/\/pubeurope.com\/@it\/116995154207976945","error":""},"_links":{"self":[{"href":"https:\/\/www.europesays.com\/it\/wp-json\/wp\/v2\/posts\/605539","targetHints":{"allow":["GET"]}}],"collection":[{"href":"https:\/\/www.europesays.com\/it\/wp-json\/wp\/v2\/posts"}],"about":[{"href":"https:\/\/www.europesays.com\/it\/wp-json\/wp\/v2\/types\/post"}],"author":[{"embeddable":true,"href":"https:\/\/www.europesays.com\/it\/wp-json\/wp\/v2\/users\/3"}],"replies":[{"embeddable":true,"href":"https:\/\/www.europesays.com\/it\/wp-json\/wp\/v2\/comments?post=605539"}],"version-history":[{"count":0,"href":"https:\/\/www.europesays.com\/it\/wp-json\/wp\/v2\/posts\/605539\/revisions"}],"wp:featuredmedia":[{"embeddable":true,"href":"https:\/\/www.europesays.com\/it\/wp-json\/wp\/v2\/media\/605540"}],"wp:attachment":[{"href":"https:\/\/www.europesays.com\/it\/wp-json\/wp\/v2\/media?parent=605539"}],"wp:term":[{"taxonomy":"category","embeddable":true,"href":"https:\/\/www.europesays.com\/it\/wp-json\/wp\/v2\/categories?post=605539"},{"taxonomy":"post_tag","embeddable":true,"href":"https:\/\/www.europesays.com\/it\/wp-json\/wp\/v2\/tags?post=605539"}],"curies":[{"name":"wp","href":"https:\/\/api.w.org\/{rel}","templated":true}]}}