{"id":605671,"date":"2026-07-28T04:45:20","date_gmt":"2026-07-28T04:45:20","guid":{"rendered":"https:\/\/www.europesays.com\/it\/605671\/"},"modified":"2026-07-28T04:45:20","modified_gmt":"2026-07-28T04:45:20","slug":"conad-apre-a-firenze-il-flagship-store-del-suo-nuovo-format-benessity-sei-negozi-in-uno-parafarmacia-compresa","status":"publish","type":"post","link":"https:\/\/www.europesays.com\/it\/605671\/","title":{"rendered":"Conad apre a Firenze il flagship store del suo nuovo format Benessity: sei negozi in uno, parafarmacia compresa"},"content":{"rendered":"<p>\u00abCon Benessity lanciamo un format che guarda al futuro\u00bb ha detto alla stampa Adamo Ascari, amministratore delegato di Conad Nord Ovest \u00abche vuole dare nuove risposte a chi vuole stare bene e cerca salute e sostenibilit\u00e0. Proponiamo una shopping experience innovativa che include servizi specialistici, consulenze professionali e strumenti avanzati per la prevenzione e la bellezza, come una cabina estetica, una palestra di 80 mq per lo yoga e una cabina di autodiagnosi per il check-up dei principali parametri vitali\u00bb. \u00abBenessity vuole essere una risposta ai nuovi bisogni di una societ\u00e0 che sta evolvendo\u00bb ha aggiunto Francesco Avanzini, direttore generale di Conad \u00abe a un consumatore che \u00e8 molto attento a ci\u00f2 che spende perch\u00e9 lo preoccupa l\u2019incertezza della congiuntura. Di conseguenza, la nostra offerta si distingue per semplicit\u00e0 ed economicit\u00e0, grazie anche a un ricorso consistente alle nostre marche private (quasi 700 le referenze inserite nell\u2019offerta di Benessity, per un\u2019incidenza di quasi il 9%, ndr)\u00bb.<\/p>\n","protected":false},"excerpt":{"rendered":"\u00abCon Benessity lanciamo un format che guarda al futuro\u00bb ha detto alla stampa Adamo Ascari, amministratore delegato di&hellip;\n","protected":false},"author":3,"featured_media":605672,"comment_status":"","ping_status":"","sticky":false,"template":"","format":"standard","meta":{"footnotes":"","_share_on_mastodon":"0"},"categories":[172],"tags":[178,177,35052,18112,1537,90,89,333978,59540,260,333979,333980,240,333981],"class_list":["post-605671","post","type-post","status-publish","format-standard","has-post-thumbnail","category-affari","tag-affari","tag-business","tag-conad","tag-integratori","tag-it","tag-italia","tag-italy","tag-lomgevity","tag-nutraceutica","tag-nutrizione","tag-parafarmacia","tag-parafarmaco","tag-salute","tag-servizi-in-farmacia"],"share_on_mastodon":{"url":"https:\/\/pubeurope.com\/@it\/116995786540397763","error":""},"_links":{"self":[{"href":"https:\/\/www.europesays.com\/it\/wp-json\/wp\/v2\/posts\/605671","targetHints":{"allow":["GET"]}}],"collection":[{"href":"https:\/\/www.europesays.com\/it\/wp-json\/wp\/v2\/posts"}],"about":[{"href":"https:\/\/www.europesays.com\/it\/wp-json\/wp\/v2\/types\/post"}],"author":[{"embeddable":true,"href":"https:\/\/www.europesays.com\/it\/wp-json\/wp\/v2\/users\/3"}],"replies":[{"embeddable":true,"href":"https:\/\/www.europesays.com\/it\/wp-json\/wp\/v2\/comments?post=605671"}],"version-history":[{"count":0,"href":"https:\/\/www.europesays.com\/it\/wp-json\/wp\/v2\/posts\/605671\/revisions"}],"wp:featuredmedia":[{"embeddable":true,"href":"https:\/\/www.europesays.com\/it\/wp-json\/wp\/v2\/media\/605672"}],"wp:attachment":[{"href":"https:\/\/www.europesays.com\/it\/wp-json\/wp\/v2\/media?parent=605671"}],"wp:term":[{"taxonomy":"category","embeddable":true,"href":"https:\/\/www.europesays.com\/it\/wp-json\/wp\/v2\/categories?post=605671"},{"taxonomy":"post_tag","embeddable":true,"href":"https:\/\/www.europesays.com\/it\/wp-json\/wp\/v2\/tags?post=605671"}],"curies":[{"name":"wp","href":"https:\/\/api.w.org\/{rel}","templated":true}]}}