{"id":605904,"date":"2026-07-28T08:40:26","date_gmt":"2026-07-28T08:40:26","guid":{"rendered":"https:\/\/www.europesays.com\/it\/605904\/"},"modified":"2026-07-28T08:40:26","modified_gmt":"2026-07-28T08:40:26","slug":"come-sta-fedez-aggiornamenti-concerti-cancellati-info-rimborso","status":"publish","type":"post","link":"https:\/\/www.europesays.com\/it\/605904\/","title":{"rendered":"Come sta Fedez: aggiornamenti, concerti cancellati, info rimborso"},"content":{"rendered":"<p data-journey-content=\"true\" data-node-id=\"3\" class=\"css-1ood0zq emevuu60\"><a href=\"https:\/\/www.cosmopolitan.com\/it\/star\/gossip-news\/a71861728\/perche-j-ax-e-fedez-hanno-litigato-verita-retroscena-chiara-ferragni\/\" target=\"_blank\" data-vars-ga-outbound-link=\"https:\/\/www.cosmopolitan.com\/it\/star\/gossip-news\/a71861728\/perche-j-ax-e-fedez-hanno-litigato-verita-retroscena-chiara-ferragni\/\" data-vars-ga-ux-element=\"Hyperlink\" data-vars-ga-call-to-action=\"Fedez\" data-node-id=\"3.0\" class=\"body-link css-ohbdae emevuu60\" rel=\"nofollow noopener\">Fedez<\/a> \u00e8 tornato a casa, finalmente, e il peggio sembra essere passato. Dopo i nuovi problemi di salute dei giorni scorsi, che l&#8217;avevano obbligato ad un <a href=\"https:\/\/www.cosmopolitan.com\/it\/star\/gossip-news\/a73195276\/fedez-ospedale-ambulanza-milano-cos-e-successo-pronto-soccorso\/\" target=\"_blank\" data-vars-ga-outbound-link=\"https:\/\/www.cosmopolitan.com\/it\/star\/gossip-news\/a73195276\/fedez-ospedale-ambulanza-milano-cos-e-successo-pronto-soccorso\/\" data-vars-ga-ux-element=\"Hyperlink\" data-vars-ga-call-to-action=\"ricovero d&#039;urgenza \" data-node-id=\"3.2\" class=\"body-link css-ohbdae emevuu60\" rel=\"nofollow noopener\">ricovero d&#8217;urgenza <\/a>all&#8217;<strong data-node-id=\"3.4\">ospedale Fatebenefratelli<\/strong> di Milano, l&#8217;artista ha fatto ritorno al nido familiare che ha costruito con la nuova compagna, <a href=\"https:\/\/www.cosmopolitan.com\/it\/star\/gossip-news\/a73175514\/reazione-chiara-ferragni-fedez-nascita-figlio-giulia-honneger\/\" target=\"_blank\" data-vars-ga-outbound-link=\"https:\/\/www.cosmopolitan.com\/it\/star\/gossip-news\/a73175514\/reazione-chiara-ferragni-fedez-nascita-figlio-giulia-honneger\/\" data-vars-ga-ux-element=\"Hyperlink\" data-vars-ga-call-to-action=\"Giulia Honneger\" data-node-id=\"3.6\" class=\"body-link css-ohbdae emevuu60\" rel=\"nofollow noopener\">Giulia Honneger<\/a>, e al figlio neonato, <strong data-node-id=\"3.8\">Edoardo Lupo<\/strong>.<\/p>\n<p data-journey-content=\"true\" data-node-id=\"10\" class=\"css-1ood0zq emevuu60\">L&#8217;ha confermato lui stesso, con un lungo post pubblicato oggi dove ha raccontato ai suoi follower quello che ha dovuto passare nei giorni scorsi, confermando per\u00f2 al contempo che le sue condizioni restano delicate a tal punto da doverlo costringere ad un nuovo stop forzato dalle scene.<\/p>\n<p>Come sta Fedez dopo l&#8217;ultimo ricovero in ospedale: il messaggio ai fan e ai donatori di sangue<\/p>\n<p data-journey-content=\"true\" data-node-id=\"15\" class=\"css-1ood0zq emevuu60\"><a href=\"https:\/\/www.cosmopolitan.com\/it\/abbonamenti\/a71280236\/come-aggiungere-cosmopolitan-fonti-preferite-google\/\" target=\"_blank\" data-vars-ga-outbound-link=\"https:\/\/www.cosmopolitan.com\/it\/abbonamenti\/a71280236\/come-aggiungere-cosmopolitan-fonti-preferite-google\/\" data-vars-ga-call-to-action=\"AGGIUNGI COSMOPOLITAN ALLE TUE RICERCHE SU GOOGLE\" rel=\"nofollow noopener\" data-vars-ga-ux-element=\"Hyperlink\" data-node-id=\"15.0\" class=\"body-btn-link css-u3wd2y emevuu60\">AGGIUNGI COSMOPOLITAN ALLE TUE RICERCHE SU GOOGLE<\/a><\/p>\n<p><img decoding=\"async\" data-dynamic-svg=\"true\" src=\"https:\/\/www.cosmopolitan.com\/_assets\/design-tokens\/fre\/static\/icons\/arrow-right.7440adc.svg?primary=%2523D4D4D4\" loading=\"lazy\" data-testid=\"dynamic-svg-base\" height=\"auto\" width=\"auto\" aria-label=\"Prev carousel button\" alt=\"Chevron Left Icon\" data-theme-key=\"icon-button-icon\" transform=\"scaleX(-1)\" class=\"css-14vtfey erhb41k0\"\/><img decoding=\"async\" data-dynamic-svg=\"true\" src=\"https:\/\/www.cosmopolitan.com\/_assets\/design-tokens\/fre\/static\/icons\/arrow-right.7440adc.svg?primary=%2523ffffff\" loading=\"lazy\" data-testid=\"dynamic-svg-base\" height=\"auto\" width=\"auto\" aria-label=\"Next carousel button\" alt=\"Chevron Right Icon\" data-theme-key=\"icon-button-icon\" class=\"css-18znc9e erhb41k0\"\/><\/p>\n<p data-journey-content=\"true\" data-node-id=\"22\" class=\"css-1ood0zq emevuu60\">Le parole di <strong data-node-id=\"22.1\">Federico Lucia<\/strong> toccano corde molto delicate e parlano di rapporto con il tempo che ci \u00e8 rimasto, di affetti e di paura, un sentimento che purtroppo si \u00e8 gi\u00e0 trovato a dover affrontare in passato, quando gli era stato diagnosticato il <strong data-node-id=\"22.3\">tumore al pancreas<\/strong> per la prima volta. <strong data-node-id=\"22.5\">\u00ab<\/strong>Tornato a casa, il cielo \u00e8 sempre lo stesso. Orizzonti diversi ma tutti sotto lo stesso cielo. A volte non ci pensiamo, ma l\u2019unico bene prezioso che veramente abbiamo \u00e8 il tempo, spesso puntuale nel farci capire molte cose in ritardo. Tutti felici, tutti scontenti, tutti vivi. Quando sei in ospedale aspettando l\u2019ultima trasfusione di sangue ti senti vacillare, pensi che il tuo tempo stia per finire o gi\u00f9 di l\u00ec\u00bb, ha esordito <strong data-node-id=\"22.7\">Fedez<\/strong>, che ha subito avuto un pensiero per il figlio appena venuto al mondo e alle persone che oggi gli stanno accanto (<strong data-node-id=\"22.9\">\u00ab<\/strong>Proprio mentre sta iniziando un\u2019altra vita, quella di tuo figlio piccolo.<br data-node-id=\"22.11\"\/>In questi giorni, la paura di non poter riabbracciare le persone a me pi\u00f9 care, i miei figli, mi ha fatto vedere il cielo in un altro modo\u00bb).<\/p>\n<p data-journey-content=\"true\" data-node-id=\"27\" class=\"css-1ood0zq emevuu60\">Con una Instagram Stories, il cantante di &#8220;<strong data-node-id=\"27.1.0\">Disco paradise<\/strong>&#8221; ha anche tenuto a ringraziare tutte le persone che donano il sangue, e senza i quali i medici forse non sarebbero riusciti a salvargli la vita. Un messaggio importante, toccante, rivolto a quegli angeli che ogni giorno dedicano un pensiero per il bene del prossimo.<\/p>\n<p>La cancellazione del tour estivo e del concerto al Forum di Assago<\/p>\n<p data-journey-content=\"true\" data-node-id=\"33\" class=\"css-1ood0zq emevuu60\"><strong data-node-id=\"33.0\">Fedez<\/strong>, che ora \u00e8 in fase di ripresa, ha poi anticipato una brutta notizia poi confermata da Vivo Concerti: per ovvi motivi di salute, ora si dovr\u00e0 prendere una pausa, in attesa di poter tornare ad esibirsi dal vivo.<\/p>\n<p data-journey-content=\"true\" data-node-id=\"38\" class=\"css-1ood0zq emevuu60\">Tutti i suoi impegni live di agosto e settembre sono ufficialmente cancellati, compreso il concerto <strong data-node-id=\"38.1.0\">CASA 360\u00b0<\/strong>, che avrebbe dovuto tenersi al Forum di Assago il prossimo 25 settembre. Chiunque avesse acquistato i relativi biglietti otterr\u00e0 presto il relativo rimborso. Nel frattempo auguriamo a <strong data-node-id=\"38.3\">Fedez<\/strong> una rapida guarigione!<\/p>\n<p>La reazione di Fedez al concerto al Forum cancellato<\/p>\n<p data-journey-content=\"true\" data-node-id=\"43\" class=\"css-1ood0zq emevuu60\">Nel frattempo, a poche ore dall&#8217;annuncio, <strong data-node-id=\"43.1\">Fedez<\/strong> ha anche postato nel suo<strong data-node-id=\"43.3\"> Gruppettino Segretino <\/strong>su Instagram un commento alla decisione forzata di cancellare il suo tanto atteso live al <strong data-node-id=\"43.5\">Forum di Assago<\/strong>.<\/p>\n<p data-journey-content=\"true\" data-node-id=\"47\" class=\"css-1ood0zq emevuu60\">\u00abNon riuscir\u00f2 a spiegare a parole cosa significa per me il concerto di settembre al Forum\u00bb, ha spiegato l&#8217;artista. \u00abAvrei voluto arrivare con un disco nuovo, stavo lavorando giorno e notte per una cosa per me bella. Avevo voglia di fare qualcosa di speciale per chiunque avesse voluto esserci\u00bb.<\/p>\n<p data-journey-content=\"true\" data-node-id=\"51\" class=\"css-1ood0zq emevuu60\">Proseguendo con la sua sfogo, il cantante ha confidato l&#8217;amarezza del momento: \u00abNon so il perch\u00e9 di questa salita e anche ora, mentre scrivo, ho la sensazione di mandare tutto a fanculo e che ci vediamo a settembre qualsiasi cosa capiti. Poi c&#8217;\u00e8 la realt\u00e0, un corpo che da anni mi sta urlando piet\u00e0 e che continuamente metto alla prova senza mai rallentare\u00bb.<\/p>\n<p data-journey-content=\"true\" data-node-id=\"55\" class=\"css-1ood0zq emevuu60\">A quel punto, la decisione sofferta di doversi fermare: \u00abOra non posso pi\u00f9 dare la precedenza ai sogni, anche se fa male: sarei pi\u00f9 irresponsabile di quello che gi\u00e0 non sono stato durante questa porzione di esistenza. Arrivo da due esperienze a <strong data-node-id=\"55.1.0\">Sanremo<\/strong> che mi hanno dato tantissimo, ma hanno chiesto tanto in termini fisici\u00bb.<\/p>\n<p data-journey-content=\"true\" data-node-id=\"59\" class=\"css-1ood0zq emevuu60\">Infine, una riflessione personale sul giudizio altrui e sui ritmi attuali: \u00abVorrei poter dire di essere arrivato a quel maledetto traguardo della mia vita in cui i giudizi non mi trapassino la carne da parte a parte, eppure non \u00e8 ancora cos\u00ec del tutto\u00bb, ha concluso. \u00abOsservo un mondo che corre sempre pi\u00f9 veloce ed essere costretto a non doverlo pi\u00f9 rincorrere, da un lato fa male, da un altro suona come una liberazione. A presto, <strong data-node-id=\"59.1\">Federico<\/strong>\u00bb.<\/p>\n","protected":false},"excerpt":{"rendered":"Fedez \u00e8 tornato a casa, finalmente, e il peggio sembra essere passato. Dopo i nuovi problemi di salute&hellip;\n","protected":false},"author":3,"featured_media":605905,"comment_status":"","ping_status":"","sticky":false,"template":"","format":"standard","meta":{"footnotes":"","_share_on_mastodon":"0"},"categories":[1451],"tags":[1621,1620,334176,203,466,334175,334177,204,1537,90,89],"class_list":["post-605904","post","type-post","status-publish","format-standard","has-post-thumbnail","category-celebrita","tag-celebrita","tag-celebrities","tag-come-sta-fedez-oggi","tag-entertainment","tag-fedez","tag-fedez-come-sta","tag-fedez-concerti-cancellati","tag-intrattenimento","tag-it","tag-italia","tag-italy"],"share_on_mastodon":{"url":"https:\/\/pubeurope.com\/@it\/116996711655974472","error":""},"_links":{"self":[{"href":"https:\/\/www.europesays.com\/it\/wp-json\/wp\/v2\/posts\/605904","targetHints":{"allow":["GET"]}}],"collection":[{"href":"https:\/\/www.europesays.com\/it\/wp-json\/wp\/v2\/posts"}],"about":[{"href":"https:\/\/www.europesays.com\/it\/wp-json\/wp\/v2\/types\/post"}],"author":[{"embeddable":true,"href":"https:\/\/www.europesays.com\/it\/wp-json\/wp\/v2\/users\/3"}],"replies":[{"embeddable":true,"href":"https:\/\/www.europesays.com\/it\/wp-json\/wp\/v2\/comments?post=605904"}],"version-history":[{"count":0,"href":"https:\/\/www.europesays.com\/it\/wp-json\/wp\/v2\/posts\/605904\/revisions"}],"wp:featuredmedia":[{"embeddable":true,"href":"https:\/\/www.europesays.com\/it\/wp-json\/wp\/v2\/media\/605905"}],"wp:attachment":[{"href":"https:\/\/www.europesays.com\/it\/wp-json\/wp\/v2\/media?parent=605904"}],"wp:term":[{"taxonomy":"category","embeddable":true,"href":"https:\/\/www.europesays.com\/it\/wp-json\/wp\/v2\/categories?post=605904"},{"taxonomy":"post_tag","embeddable":true,"href":"https:\/\/www.europesays.com\/it\/wp-json\/wp\/v2\/tags?post=605904"}],"curies":[{"name":"wp","href":"https:\/\/api.w.org\/{rel}","templated":true}]}}