{"id":606005,"date":"2026-07-28T10:10:14","date_gmt":"2026-07-28T10:10:14","guid":{"rendered":"https:\/\/www.europesays.com\/it\/606005\/"},"modified":"2026-07-28T10:10:14","modified_gmt":"2026-07-28T10:10:14","slug":"mercedes-classe-c-2026-prova-prezzo-autonomia-e-novita","status":"publish","type":"post","link":"https:\/\/www.europesays.com\/it\/606005\/","title":{"rendered":"Mercedes Classe C 2026: prova, prezzo, autonomia e novit\u00e0"},"content":{"rendered":"<p>La nuova <strong>Mercedes Classe C<\/strong> inaugura una nuova era per la della berlina della Stella, cambiando completamente filosofia. Disponibile &#8211; al momento &#8211; solo come <strong>elettrica<\/strong>, si basa su una piattaforma elettrica dedicata a 800 Volt, abbina un design ispirato ad alcuni modelli storici del marchio a un abitacolo altamente digitalizzato e a una tecnologia di bordo di ultima generazione.<\/p>\n<p>Al debutto, nel listino c&#8217;\u00e8 solo la versione con trazione integrale 4Matic e ben 489 CV, ma nel corso del tempo arriveranno anche delle varianti a due ruote motrici ancora pi\u00f9 efficienti. Ecco le nostre prime impressioni.<\/p>\n<p><a href=\"#esterni\" rel=\"nofollow\">Esterni<\/a> | <a href=\"#interni\" rel=\"nofollow\">Interni<\/a> | <a href=\"#guida\" rel=\"nofollow\">Guida<\/a> | <a href=\"#prezzi\" rel=\"nofollow\">Prezzi<\/a><\/p>\n<p><a id=\"esterni\"\/>Mercedes Classe C 2026, gli esterni<\/p>\n<p>La nuova <a href=\"https:\/\/it.motor1.com\/mercedes-benz\/classe-c-berlina\/\" data-inline-widget=\"internal-links\" data-type-id=\"1\" data-params=\"%7B%22make_alias%22%3A%22mercedes-benz%22%2C%22alias%22%3A%22classe-c-berlina%22%7D\" rel=\"nofollow noopener\" target=\"_blank\">Classe C<\/a> cresce nelle proporzioni e presenta uno stile completamente rivisto. Misura <strong>4,88 metri<\/strong> di lunghezza (ben 13 cm in pi\u00f9 rispetto alla generazione uscente) e propone linee pi\u00f9 filanti rispetto al modello precedente.<\/p>\n<p>        <img decoding=\"async\" src=\"https:\/\/www.europesays.com\/it\/wp-content\/uploads\/2025\/07\/16x9-tr.png\" alt=\"Mercedes Classe C EQ (2026), la prova di Motor1.com\" width=\"16\" height=\"9\" loading=\"lazy\"\/><\/p>\n<p>Mercedes Classe C EQ (2026)<\/p>\n<p>Foto di: Mercedes-Benz<\/p>\n<p>L&#8217;elemento che cattura immediatamente l&#8217;attenzione \u00e8 la grande <strong>calandra<\/strong>, ispirata alle <a href=\"https:\/\/it.motor1.com\/mercedes-benz\/\" data-inline-widget=\"internal-links\" data-type-id=\"2\" data-params=\"%7B%22alias%22%3A%22mercedes-benz%22%7D\" rel=\"nofollow noopener\" target=\"_blank\">Mercedes <\/a>storiche. Il frontale richiama infatti i radiatori delle vetture che hanno scritto la storia del marchio, reinterpretati in chiave moderna grazie all&#8217;impiego di materiali metallici combinati con superfici illuminate a LED.\u00a0<\/p>\n<p>Le nervature del cofano e del paraurti rendono il frontale molto muscoloso, mentre la fiancata diventa progressivamente pi\u00f9 morbida fino al posteriore. Il<strong> passo di 2,96 metri<\/strong>, gli sbalzi ridotti e il lunotto molto inclinato contribuiscono a conferire una silhouette elegante e dinamica.<\/p>\n<p>        <img decoding=\"async\" src=\"https:\/\/www.europesays.com\/it\/wp-content\/uploads\/2025\/07\/16x9-tr.png\" alt=\"Mercedes Classe C EQ (2026), la prova di Motor1.com\" width=\"16\" height=\"9\" loading=\"lazy\"\/><\/p>\n<p>Mercedes Classe C EQ (2026), un dettaglio della coda<\/p>\n<p>Foto di: Mercedes-Benz<\/p>\n<p>Dal punto di vista aerodinamico, Mercedes ha lavorato con grande attenzione. Le maniglie a scomparsa, il fondo carenato e altre soluzioni permettono di raggiungere un eccellente <strong>coefficiente aerodinamico di appena 0,22<\/strong>, valore che contribuisce sia all&#8217;efficienza sia alla riduzione della rumorosit\u00e0 alle alte velocit\u00e0.<\/p>\n<p>Anche l&#8217;illuminazione rappresenta uno dei punti forti del progetto. Debuttano infatti i nuovi fari Digital Light, pi\u00f9 compatti e sofisticati, capaci di offrire una firma luminosa ispirata alla Stella Mercedes e numerose funzioni evolute dedicate alla sicurezza.<\/p>\n<p><a id=\"interni\"\/>Mercedes Classe C 2026, gli interni<\/p>\n<p>L&#8217;<strong>abitacolo<\/strong> rappresenta uno dei cambiamenti pi\u00f9 radicali rispetto alla precedente generazione. La plancia \u00e8 completamente dominata dal nuovo <strong>MBUX Hyperscreen<\/strong>, un enorme pannello in vetro da <strong>39,1&#8243;<\/strong> (quasi un metro di larghezza) che integra in un&#8217;unica superficie il quadro strumenti digitale, il display centrale dell&#8217;infotainment e lo schermo dedicato al passeggero anteriore.<\/p>\n<p>        <img decoding=\"async\" src=\"https:\/\/www.europesays.com\/it\/wp-content\/uploads\/2025\/07\/16x9-tr.png\" alt=\"Mercedes Classe C EQ (2026), la prova di Motor1.com\" width=\"16\" height=\"9\" loading=\"lazy\"\/><\/p>\n<p>Mercedes Classe C EQ (2026), la plancia<\/p>\n<p>Foto di: Mercedes-Benz<\/p>\n<p>Il sistema operativo MB.OS introduce una nuova generazione di servizi connessi e integra funzioni di <strong>intelligenza artificiale<\/strong> basate su ChatGPT e Gemini, oltre ad assistenti virtuali personalizzabili che rendono l&#8217;interazione ancora pi\u00f9 naturale.<\/p>\n<p>Tra gli elementi pi\u00f9 scenografici spicca il tetto panoramico con <strong>vetro elettrocromatico<\/strong>. Attraverso un semplice comando \u00e8 possibile oscurarlo completamente oppure soltanto in alcune aree, regolando cos\u00ec la quantit\u00e0 di luce che entra nell&#8217;abitacolo. Il tetto pu\u00f2 inoltre essere decorato da piccole stelle luminose che richiamano il logo Mercedes.<\/p>\n<p>        <img decoding=\"async\" src=\"https:\/\/www.europesays.com\/it\/wp-content\/uploads\/2025\/07\/16x9-tr.png\" alt=\"Mercedes Classe C EQ (2026), la prova di Motor1.com\" width=\"16\" height=\"9\" loading=\"lazy\"\/><\/p>\n<p>Mercedes Classe C EQ (2026), il bagagliaio<\/p>\n<p>Foto di: Mercedes-Benz<\/p>\n<p>Lo spazio interno beneficia del lungo passo. I <strong>passeggeri posteriori<\/strong> dispongono di molto spazio per le gambe, mentre il bagagliaio ha una capacit\u00e0 di 470 litri, un po&#8217; al di sotto della media del segmento. A questo si aggiunge un pratico vano anteriore da 101 litri, utile per riporre i cavi di ricarica o piccoli bagagli e facile da aprire anche all&#8217;esterno dell&#8217;auto (basta premere il logo Mercedes sulla punta del &#8220;muso&#8221;).<\/p>\n<p>Molto curata anche la qualit\u00e0 percepita, con materiali raffinati, finiture ricercate e un&#8217;impostazione minimalista che riduce al minimo i pulsanti fisici.<\/p>\n<p><a id=\"guida\"\/>Mercedes Classe C 2026, la guida<\/p>\n<p>La piattaforma utilizza un&#8217;<strong>architettura a 800 Volt<\/strong>, soluzione che permette di migliorare sia le prestazioni sia la velocit\u00e0 di ricarica, oltre a ridurre peso e ingombro dei cablaggi.<\/p>\n<p>La batteria agli ioni di litio NMC ha una capacit\u00e0 di <strong>94,5 kWh netti<\/strong> (100 kWh lordi) ed \u00e8 composta da quattro moduli. La ricarica in corrente alternata arriva fino a 11 kW di serie, con possibilit\u00e0 di salire a 22 kW come optional, mentre in corrente continua pu\u00f2 raggiungere una potenza massima di ben <strong>330 kW<\/strong>.<\/p>\n<p>        <img decoding=\"async\" src=\"https:\/\/www.europesays.com\/it\/wp-content\/uploads\/2025\/07\/16x9-tr.png\" alt=\"Mercedes Classe C EQ (2026), la prova di Motor1.com\" width=\"16\" height=\"9\" loading=\"lazy\"\/><\/p>\n<p>Mercedes Classe C EQ (2026), la prova di Motor1.com<\/p>\n<p>Foto di: Mercedes-Benz<\/p>\n<p>Secondo Mercedes, nelle condizioni ideali bastano pochi minuti per recuperare centinaia di chilometri di autonomia. Il valore dichiarato nel ciclo WLTP arriva infatti fino a 760 km.<\/p>\n<p>La propulsione \u00e8 affidata a due motori elettrici sincroni a magneti permanenti, uno per asse, che sviluppano complessivamente<strong> 489 CV e 800 Nm<\/strong> di coppia. Il sistema realizza una trazione integrale 4Matic intelligente, capace di scollegare automaticamente il motore anteriore quando non serve, cos\u00ec da ridurre i consumi.<\/p>\n<p>Una particolarit\u00e0 tecnica \u00e8 rappresentata dal<strong> cambio a due rapporti<\/strong>. La prima marcia privilegia accelerazione e ripresa, mentre la seconda migliora l&#8217;efficienza durante la guida autostradale.<\/p>\n<p>Le<strong> sospensioni pneumatiche Airmatic<\/strong> sono di serie e regolano automaticamente l&#8217;assetto sfruttando anche i dati provenienti dalla cartografia e dai sistemi Car-to-X. Al retrotreno sono presenti inoltre le ruote sterzanti fino a 4,5 gradi, che riducono il raggio di sterzata e migliorano la stabilit\u00e0 alle velocit\u00e0 pi\u00f9 elevate, rendendo la vettura pi\u00f9 agile nel misto.<\/p>\n<p>        <img decoding=\"async\" src=\"https:\/\/www.europesays.com\/it\/wp-content\/uploads\/2025\/07\/16x9-tr.png\" alt=\"Mercedes Classe C EQ (2026), la prova di Motor1.com\" width=\"16\" height=\"9\" loading=\"lazy\"\/><\/p>\n<p>Mercedes Classe C EQ (2026), la prova di Motor1.com<\/p>\n<p>Foto di: Mercedes-Benz<\/p>\n<p>Alla guida, la Classe C trasmette subito fiducia sin dai primi chilometri, puntando su uno sterzo piuttosto comunicativo e un assetto che assorbe bene le asperit\u00e0 dell&#8217;asfalto, dando per\u00f2 un buon sostegno quando si alza il ritmo. Il <strong>peso<\/strong> della vettura \u00e8 elevato (2.460 kg), ma il lavoro svolto sul telaio e sull&#8217;elettronica rende facile da guidare la Mercedes.<\/p>\n<p>La spinta assicurata dai due motori \u00e8 vigorosa soprattutto in<strong> modalit\u00e0 Sport<\/strong>, mentre in Normale ed Eco la risposta \u00e8 pi\u00f9 progressiva, mentre in Individual si pu\u00f2 personalizzare il feeling dei vari parametri dell&#8217;auto. Davvero elevata l&#8217;insonorizzazione, anche grazie ai doppi vetri. Interessanti anche i consumi: nel test di circa 100 km su strade extraurbane e autostrada a circa 100-120 km\/h, il quadro strumenti ha indicato un valore medio di 15,6 kWh\/100 km, per un&#8217;autonomia reale superiore ai 600 km.<\/p>\n<p><a id=\"prezzi\"\/>Mercedes Classe C 2026, i prezzi<\/p>\n<p>La gamma italiana parte <strong>da 70.269 euro<\/strong> per la versione Classe C 400 Avantgarde con trazione integrale e motore elettrico da 489 CV.<\/p>\n<p>Sono disponibili gli allestimenti Avantgarde, AMG Line e AMG Line Plus, ciascuno ulteriormente personalizzabile attraverso diversi pacchetti di equipaggiamento. Le versioni pi\u00f9 ricche arrivano fino a 89.240 euro, offrendo una dotazione estremamente completa che comprende finiture sportive, cerchi maggiorati, sedili dedicati e numerosi contenuti tecnologici.<\/p>\n<ul class=\"wpc-list wpc-list--pros\">\n<li class=\"wpc-item\">Le ruote posteriori sterzanti aumentano l&#8217;agilit\u00e0<\/li>\n<li class=\"wpc-item\">Insonorizzazione elevata<\/li>\n<li class=\"wpc-item\">Tanta potenza sempre ben sfruttabile<\/li>\n<\/ul>\n<ul class=\"wpc-list wpc-list--cons\">\n<li class=\"wpc-item\">La tanta tecnologia pu\u00f2 disorientare<\/li>\n<li class=\"wpc-item\">Lunotto posteriore piccolo<\/li>\n<\/ul>\n<p>                            <a href=\"http:\/\/it.motor1.com\/photos\/929449\/mercedes-classe-c-eq-2026-la-prova-di-motor1com\/#8547515_mercedes-classe-c-eq-2026-la-prova-di-motor1com\" class=\"msnt-photo-thumb-gallery-main-photo-box\" itemprop=\"image\" itemscope=\"\" itemtype=\"https:\/\/schema.org\/ImageObject\" data-url=\"\/photos\/929449\/mercedes-classe-c-eq-2026-la-prova-di-motor1com\/#8547515_mercedes-classe-c-eq-2026-la-prova-di-motor1com\" data-thumb=\"\" data-caption=\"Mercedes Classe C EQ (2026), la prova di Motor1.com\" data-src=\"\" data-sub-html=\"Mercedes Classe C EQ (2026), la prova di Motor1.com\" data-entity-id=\"8547515\" data-download-url=\"\" rel=\"nofollow noopener\" target=\"_blank\"><\/p>\n<p>                                    <img decoding=\"async\" src=\"https:\/\/www.europesays.com\/it\/wp-content\/uploads\/2025\/07\/16x9-tr.png\" loading=\"lazy\" alt=\"Mercedes Classe C EQ (2026), la prova di Motor1.com\" width=\"16\" height=\"9\"\/><\/p>\n<p>                            <\/a><\/p>\n<p>                                    24                                <\/p>\n<p class=\"comfort-title-large flex gap-spacing-sm-base items-center\">\n<p>\t\tVogliamo la tua opinione!\n\t<\/p>\n<p>Cosa vorresti vedere su Motor1.com?<\/p>\n<p>\t\t<a href=\"https:\/\/it.motor1.com\/survey\/2025\/\" rel=\"nofollow noopener\" target=\"_blank\"><br \/>\n\t\t\tPartecipa al nostro sondaggio di 3 minuti.\t\t<\/a><\/p>\n<p class=\"compact-body-medium\">&#8211; Il team di Motor1.com<\/p>\n","protected":false},"excerpt":{"rendered":"La nuova Mercedes Classe C inaugura una nuova era per la della berlina della Stella, cambiando completamente filosofia.&hellip;\n","protected":false},"author":3,"featured_media":606006,"comment_status":"","ping_status":"","sticky":false,"template":"","format":"standard","meta":{"footnotes":"","_share_on_mastodon":"0"},"categories":[173],"tags":[181,25419,33800,1537,90,89,67713,30584,195,198,199,197,200,201,194,196],"class_list":["post-606005","post","type-post","status-publish","format-standard","has-post-thumbnail","category-scienza-e-tecnologia","tag-auto-elettriche","tag-auto-tedesche","tag-berlina-3-volumi","tag-it","tag-italia","tag-italy","tag-mercedes-benz-classe-c-berlina","tag-prove-su-strada","tag-science","tag-science-and-technology","tag-scienceandtechnology","tag-scienza","tag-scienza-e-tecnologia","tag-scienzaetecnologia","tag-technology","tag-tecnologia"],"share_on_mastodon":{"url":"https:\/\/pubeurope.com\/@it\/116997066007910397","error":""},"_links":{"self":[{"href":"https:\/\/www.europesays.com\/it\/wp-json\/wp\/v2\/posts\/606005","targetHints":{"allow":["GET"]}}],"collection":[{"href":"https:\/\/www.europesays.com\/it\/wp-json\/wp\/v2\/posts"}],"about":[{"href":"https:\/\/www.europesays.com\/it\/wp-json\/wp\/v2\/types\/post"}],"author":[{"embeddable":true,"href":"https:\/\/www.europesays.com\/it\/wp-json\/wp\/v2\/users\/3"}],"replies":[{"embeddable":true,"href":"https:\/\/www.europesays.com\/it\/wp-json\/wp\/v2\/comments?post=606005"}],"version-history":[{"count":0,"href":"https:\/\/www.europesays.com\/it\/wp-json\/wp\/v2\/posts\/606005\/revisions"}],"wp:featuredmedia":[{"embeddable":true,"href":"https:\/\/www.europesays.com\/it\/wp-json\/wp\/v2\/media\/606006"}],"wp:attachment":[{"href":"https:\/\/www.europesays.com\/it\/wp-json\/wp\/v2\/media?parent=606005"}],"wp:term":[{"taxonomy":"category","embeddable":true,"href":"https:\/\/www.europesays.com\/it\/wp-json\/wp\/v2\/categories?post=606005"},{"taxonomy":"post_tag","embeddable":true,"href":"https:\/\/www.europesays.com\/it\/wp-json\/wp\/v2\/tags?post=606005"}],"curies":[{"name":"wp","href":"https:\/\/api.w.org\/{rel}","templated":true}]}}