{"id":606032,"date":"2026-07-28T10:33:15","date_gmt":"2026-07-28T10:33:15","guid":{"rendered":"https:\/\/www.europesays.com\/it\/606032\/"},"modified":"2026-07-28T10:33:15","modified_gmt":"2026-07-28T10:33:15","slug":"mendes-celebra-ryan-gosling-dopo-lannuncio-di-ghost-rider-con-un-video-del-passato","status":"publish","type":"post","link":"https:\/\/www.europesays.com\/it\/606032\/","title":{"rendered":"Mendes celebra Ryan Gosling dopo l&#8217;annuncio di Ghost Rider con un video del passato"},"content":{"rendered":"<p><a title=\"Ryan Gosling \u00e8 Ghost Rider: il nuovo film Marvel diretto da Shawn Levy arriver\u00e0 nel 2028\" data-intcmp=\"skytg24_foglia articolo_interlink_text\" href=\"https:\/\/tg24.sky.it\/spettacolo\/2026\/07\/26\/ryan-gosling-ghost-rider\" rel=\"nofollow noopener\" target=\"_blank\">Ryan Gosling vestir\u00e0 i panni di Ghost Rider nel Marvel Cinematic Universe<\/a>.<\/p>\n<p>\u00a0<\/p>\n<p>Un giorno dopo l&#8217;annuncio la sua compagna, <strong>Eva Mendes<\/strong>, ha postato\u00a0su Instagram un video che riporta al film in cui i due si sono conosciuti, Come un tuono, strizzando l&#8217;occhio al suo passato nel franchise: nel 2007 era stata proprio lei la protagonista femminile del primo Ghost Rider con Nicolas Cage. Un dettaglio che ha fatto impazzire i fan e riacceso le voci su un suo possibile coinvolgimento.<\/p>\n<p>Il video e il messaggio di Eva Mendes<\/p>\n<p>Il casting \u00e8 stato ufficializzato da Kevin Feige, presidente dei Marvel Studios, sul palco della Hall H del San Diego Comic-Con, tra le urla del pubblico. A poche ore di distanza, Mendes ha voluto dire la sua nel modo pi\u00f9 affettuoso possibile.<\/p>\n<p>\u00a0<\/p>\n<p>L&#8217;attrice ha ricondiviso il montaggio realizzato da un fan che utilizza la sequenza d&#8217;apertura di Come un tuono, il crime del 2012 diretto da Derek Cianfrance. <strong>Nelle immagini si vede Gosling nei panni di Luke Glanton<\/strong>, stuntman motociclista, a torso nudo e coperto di tatuaggi mentre si prepara a salire in sella. Sul filmato \u00e8 sovrapposto il<strong> logo appena svelato di Ghost Rider<\/strong>, con la didascalia originale dell&#8217;autore: &#8220;From this intro only I thought Ryan Gosling can be a perfect casting for Ghost Rider role&#8221;. Mendes ha rilanciato il tutto aggiungendo un commento breve ma denso di significato: &#8220;Love, Roxy&#8221;, riferimento a Roxanne Simpson, il personaggio da lei interpretato nel film del 2007. Ha poi completato l&#8217;omaggio con una seconda story, un carosello delle scene girate insieme proprio in Come un tuono.<\/p>\n<p>\t\t \tPerch\u00e9 quel video \u00e8 cos\u00ec speciale<\/p>\n<p>La scelta del filmato non \u00e8 casuale. <strong>Come un tuono\u00a0\u00e8 la pellicola che ha visto nascere la relazione tra Gosling e Mendes, nel 2011<\/strong>. Oggi i due sono genitori di Esmeralda e Amada, e sono pi\u00f9 innamorati che mai.<\/p>\n<p>\u00a0<\/p>\n<p>C&#8217;\u00e8 poi il doppio filo con il franchise. Mendes \u00e8 una delle poche persone ad avere un legame diretto sia con il Ghost Rider\u00a0originale sia con il reboot Marvel: allora era la co-protagonista accanto a Cage, oggi \u00e8 la compagna del nuovo interprete. Gosling, dal canto suo, sar\u00e0 il primo a portare il personaggio all&#8217;interno del MCU, in un film stand-alone. Il regista Shawn Levy, che ha gi\u00e0 lavorato con lui in Star Wars: Starfighter, ha commentato con entusiasmo la scelta, chiudendo con un promettente &#8220;Ci vediamo nel 2028&#8221;.<\/p>\n<p>\u00a0<\/p>\n<p>Restano invece solo indiscrezioni le voci su un ritorno di Mendes nei panni di Roxanne. Marvel non ha annunciato nulla in tal senso. E i\u00a0 post dell&#8217;attrice, per quanto allusivi, non confermano alcun suo coinvolgimento diretto nel progetto.<\/p>\n<p>\t\t\t<a class=\"c-inline-card j-inline-card c-inline-card--with-image\" href=\"https:\/\/tg24.sky.it\/spettacolo\/cinema\/2026\/07\/23\/locandina-la-la-land\" rel=\"follow nofollow noopener\" data-intcmp=\"skytg24_articolo_approfondimenti_inline\" target=\"_blank\"><\/p>\n<p>\t\t\t         <img decoding=\"async\" crossorigin=\"anonymous\" alt=\"\" src=\"https:\/\/www.europesays.com\/it\/wp-content\/uploads\/2026\/07\/la_la_land_instagram.jpg\"  loading=\"lazy\"  bad-src=\"https:\/\/www.europesays.com\/it\/wp-content\/uploads\/2026\/07\/la_la_land_instagram.jpg\"\/><\/p>\n<p>\n\t\t\t         Approfondimento<br \/>\n\t\t\t         La La Land torna al cinema per i 10 anni, corretta la locandina\n\t\t\t      <\/p>\n<p>\t\t\t<\/a><\/p>\n","protected":false},"excerpt":{"rendered":"Ryan Gosling vestir\u00e0 i panni di Ghost Rider nel Marvel Cinematic Universe. \u00a0 Un giorno dopo l&#8217;annuncio la&hellip;\n","protected":false},"author":3,"featured_media":606033,"comment_status":"","ping_status":"","sticky":false,"template":"","format":"standard","meta":{"footnotes":"","_share_on_mastodon":"0"},"categories":[1442],"tags":[203,454,204,1537,90,89,1521,82128],"class_list":["post-606032","post","type-post","status-publish","format-standard","has-post-thumbnail","category-film","tag-entertainment","tag-film","tag-intrattenimento","tag-it","tag-italia","tag-italy","tag-movies","tag-ryan-gosling"],"share_on_mastodon":{"url":"https:\/\/pubeurope.com\/@it\/116997155594088902","error":""},"_links":{"self":[{"href":"https:\/\/www.europesays.com\/it\/wp-json\/wp\/v2\/posts\/606032","targetHints":{"allow":["GET"]}}],"collection":[{"href":"https:\/\/www.europesays.com\/it\/wp-json\/wp\/v2\/posts"}],"about":[{"href":"https:\/\/www.europesays.com\/it\/wp-json\/wp\/v2\/types\/post"}],"author":[{"embeddable":true,"href":"https:\/\/www.europesays.com\/it\/wp-json\/wp\/v2\/users\/3"}],"replies":[{"embeddable":true,"href":"https:\/\/www.europesays.com\/it\/wp-json\/wp\/v2\/comments?post=606032"}],"version-history":[{"count":0,"href":"https:\/\/www.europesays.com\/it\/wp-json\/wp\/v2\/posts\/606032\/revisions"}],"wp:featuredmedia":[{"embeddable":true,"href":"https:\/\/www.europesays.com\/it\/wp-json\/wp\/v2\/media\/606033"}],"wp:attachment":[{"href":"https:\/\/www.europesays.com\/it\/wp-json\/wp\/v2\/media?parent=606032"}],"wp:term":[{"taxonomy":"category","embeddable":true,"href":"https:\/\/www.europesays.com\/it\/wp-json\/wp\/v2\/categories?post=606032"},{"taxonomy":"post_tag","embeddable":true,"href":"https:\/\/www.europesays.com\/it\/wp-json\/wp\/v2\/tags?post=606032"}],"curies":[{"name":"wp","href":"https:\/\/api.w.org\/{rel}","templated":true}]}}