{"id":606072,"date":"2026-07-28T11:05:15","date_gmt":"2026-07-28T11:05:15","guid":{"rendered":"https:\/\/www.europesays.com\/it\/606072\/"},"modified":"2026-07-28T11:05:15","modified_gmt":"2026-07-28T11:05:15","slug":"riapre-la-storica-esselunga-di-viale-piave-a-milano-chiusa-da-oltre-un-anno","status":"publish","type":"post","link":"https:\/\/www.europesays.com\/it\/606072\/","title":{"rendered":"Riapre la storica Esselunga di viale Piave a Milano (chiusa da oltre un anno)"},"content":{"rendered":"<p>Riaprir\u00e0 mercoled\u00ec 29 luglio l\u2019Esselunga di Viale Piave a Milano, chiusa temporaneamente dalla <a href=\"https:\/\/www.milanotoday.it\/attualita\/chiusa-esselunga-viale-piave-2025.html\" rel=\"nofollow noopener\" target=\"_blank\">primavera<\/a> del 2025 per un intervento di ristrutturazione. Il taglio del nastro \u00e8 previsto in tarda mattinata e ci sar\u00e0 anche il primo cittadino di Milano, Beppe Sala. Successivamente il supermercato sar\u00e0 pienamente operativo.<\/p>\n<p>Cosa \u00e8 cambiato<\/p>\n<p>Una volta all\u2019interno del supermercato i clienti troveranno un Bar Atlantic di 90 metri quadrati (ma ci sar\u00e0 un depor di 150 mq nel cortile accanto). All\u2019interno del supermercato, invece, \u00e8 stata data maggiore visibilit\u00e0 alla gastronomia, al marchio Elisenda (pasticceria), ma anche all\u2019enoteca che ora conta 700 etichette e la consulenza di un sommelier.<\/p>\n<p>Gli spazi, pi\u00f9 ampi di circa 100 metri quadrati, sono stati progettati dallo studio Nonis, mentre la direzione dei lavori \u00e8 di Tekne.<\/p>\n<p>I numeri di Esselunga<\/p>\n<p>Esselunga \u00e8 una delle principali catene italiane del settore della grande distribuzione che opera attraverso una rete di oltre 190 negozi tra superstore, supermarket e il nuovo format laEsse. Esselunga si avvale di centri produttivi e di lavorazione che servono tutti i negozi della catena. Fondata nel 1957 con l\u2019apertura a Milano del primo supermercato in Italia, Esselunga occupa oltre 28.000 persone, ha un fatturato di 9,5 miliardi di euro e pi\u00f9 di 5,6 milioni di clienti fidelizzati.<\/p>\n","protected":false},"excerpt":{"rendered":"Riaprir\u00e0 mercoled\u00ec 29 luglio l\u2019Esselunga di Viale Piave a Milano, chiusa temporaneamente dalla primavera del 2025 per un&hellip;\n","protected":false},"author":3,"featured_media":606073,"comment_status":"","ping_status":"","sticky":false,"template":"","format":"standard","meta":{"footnotes":"","_share_on_mastodon":"0"},"categories":[172],"tags":[178,177,40361,1537,90,89],"class_list":["post-606072","post","type-post","status-publish","format-standard","has-post-thumbnail","category-affari","tag-affari","tag-business","tag-esselunga","tag-it","tag-italia","tag-italy"],"share_on_mastodon":{"url":"https:\/\/pubeurope.com\/@it\/116997280643183887","error":""},"_links":{"self":[{"href":"https:\/\/www.europesays.com\/it\/wp-json\/wp\/v2\/posts\/606072","targetHints":{"allow":["GET"]}}],"collection":[{"href":"https:\/\/www.europesays.com\/it\/wp-json\/wp\/v2\/posts"}],"about":[{"href":"https:\/\/www.europesays.com\/it\/wp-json\/wp\/v2\/types\/post"}],"author":[{"embeddable":true,"href":"https:\/\/www.europesays.com\/it\/wp-json\/wp\/v2\/users\/3"}],"replies":[{"embeddable":true,"href":"https:\/\/www.europesays.com\/it\/wp-json\/wp\/v2\/comments?post=606072"}],"version-history":[{"count":0,"href":"https:\/\/www.europesays.com\/it\/wp-json\/wp\/v2\/posts\/606072\/revisions"}],"wp:featuredmedia":[{"embeddable":true,"href":"https:\/\/www.europesays.com\/it\/wp-json\/wp\/v2\/media\/606073"}],"wp:attachment":[{"href":"https:\/\/www.europesays.com\/it\/wp-json\/wp\/v2\/media?parent=606072"}],"wp:term":[{"taxonomy":"category","embeddable":true,"href":"https:\/\/www.europesays.com\/it\/wp-json\/wp\/v2\/categories?post=606072"},{"taxonomy":"post_tag","embeddable":true,"href":"https:\/\/www.europesays.com\/it\/wp-json\/wp\/v2\/tags?post=606072"}],"curies":[{"name":"wp","href":"https:\/\/api.w.org\/{rel}","templated":true}]}}