{"id":606130,"date":"2026-07-28T12:01:13","date_gmt":"2026-07-28T12:01:13","guid":{"rendered":"https:\/\/www.europesays.com\/it\/606130\/"},"modified":"2026-07-28T12:01:13","modified_gmt":"2026-07-28T12:01:13","slug":"mancini-nuovo-ct-dellitalia-lannuncio-di-malago-al-consiglio-federale-ranieri-verso-il-ruolo-di-direttore-tecnico","status":"publish","type":"post","link":"https:\/\/www.europesays.com\/it\/606130\/","title":{"rendered":"Mancini nuovo ct dell&#8217;Italia: l&#8217;annuncio di Malag\u00f2 al Consiglio federale. Ranieri verso il ruolo di direttore tecnico"},"content":{"rendered":"<p>            2026-07-28 13:07:54<br \/>\n            Malag\u00f2: \u00abHo scelto Mancini, sto parlando con lui\u00bb<\/p>\n<p>Giovanni Malag\u00f2 s\u00ec \u00e8 presentato in consiglio federale alle 12.30 e ha annunciato: \u00abSto parlando con Roberto Mancini affinch\u00e9 possa diventare il ct della nazionale. Sto lavorando per la firma\u00bb. Il presidente della Figc a breve dovrebbe\u00a0annunciare anche Claudio Ranieri direttore tecnico, dopo che Giorgio Chiellini ha detto di essere felice alla Juventus.<\/p>\n<p>            2026-07-28 12:02:01<br \/>\n            Chiellini: \u00abIo dt Italia? Felice alla Juve, voglio supportare Carnevali\u00bb<\/p>\n<p>\u00abCi tenevo solo a precisare rispetto a quanto emerso su alcuni media che io sono felice del mio ruolo nella Juve e voglio essere di supporto a Carnevali nel suo ruolo\u00bb: cos\u00ec Giorgio Chiellini, dirigente bianconero e consigliere federale in quota Lega, smentisce la possibilit\u00e0\u00a0di diventare dt della nazionale, entrando in Figc per il consiglio federale in programma alle 12.\u00a0<\/p>\n<p>            2026-07-28 10:16:07<br \/>\n            Malag\u00f2 in Figc, alle 12 il consiglio federale<\/p>\n<p>Il presidente della Figc, Giovanni Malag\u00f2, \u00e8 arrivato alle 9.30 nella sede della Federcalcio di Via Allegri senza rilasciare dichiarazioni. \u00c8 gi\u00e0 al lavoro in vista del consiglio federale delle 12, ma sul suo tavolo anche altri temi &#8211; oltre quelli all&#8217;ordine del giorno del consiglio &#8211; come il dt e il futuro ct della nazionale di calcio dopo il passo indietro fatto su Andrea Pirlo e il passo indietro di Paolo Maldini e Leonardo.\u00a0<\/p>\n<p>            2026-07-28 09:11:33<br \/>\n            Alle 12 il Consiglio Federale<\/p>\n<p>Il Consiglio Federale \u00e8 convocato per le ore 12. Oltre alla crisi della Nazionale, i punti fissati in agenda per oggi sono integrazione organici Serie C, nomine interne e pratiche amministrative. Al termine della riunione, il presidente della Federcalcio Giovanni Malag\u00f2 parler\u00e0 con i giornalisti.<\/p>\n<p>            2026-07-28 08:20:24<br \/>\n            Le ipotesi e la decisione di Malag\u00f2<\/p>\n<p>L&#8217;ipotesi \u00e8 Chiellini direttore tecnico, per il ct risalgono i nomi di Roberto Mancini, favorito &#8211; ma fonti della Lega ribadiscono all&#8217;ANSA che il nome non piace ai club di A -, o di Antonio Conte. E il tempo stringe \u00abDomani ci saranno novit\u00e0\u00bb, era stato l&#8217;ultimo appuntamento dato da Giovanni Malag\u00f2 ieri, prima dell&#8217;addio choc. Il presidente Figc ha passato la giornata tra una visita al direttivo dei Dilettanti, i contatti per concludere il puzzle azzurro, la riunione con Leghe e sindacati del calcio, e un botta e risposta col ministro Abodi. \u00abHo appreso domenica sera di non essere pi\u00f9\u00a0candidato alla panchina azzurra\u00bb, l&#8217;annuncio via social di Pirlo, che non ha nascosto l&#8217;\u00abamarezza\u00bb per esser stato trascinato in una polemica politica, con veleni che nascevano da concorrenti o persone vicine ai suoi concorrenti. \u00abNon so se la questione dello sponsor russo sia all&#8217;origine del no\u00bb, la chiosa di Abodi, \u00abma ora va posto rimedio a una brutta figura\u00bb. \u00abDipende chi l&#8217;ha fatta\u00bb, la replica di Malag\u00f2, pronto a sottolineare che la politica ne d\u00e0 ampi esempi. \u00abHa accusato il colpo\u00bb, la controreplica di Abodi. <\/p>\n<p>Tutta sotto traccia, invece, la disputa centrale: quella sul no a Pirlo e sulla &#8216;bocciatura&#8217; del progetto Maldini. Dal mattino, Malag\u00f2 ha provato a sparigliare, nel tentativo di trattenere la coppia di dirigenti chiamata a costruire un progetto tecnico: tra gli uffici Figc &#8211; dove la vicenda della denuncia Miele sul presunto mancato tesseramento di Malag\u00f2 prima delle elezioni sarebbe arrivato sul tavolo del procuratore federale, Giuseppe Chin\u00e8 &#8211; e quelli della Lega Dilettanti, tra telefonate e incontri personali, \u00e8&#8217; stata una giornata di lavoro intenso. A Malag\u00f2 era chiaro che serviva un nome alternativo, rispetto ai nomi pi\u00f9 accreditati, Mancini o Conte. \u00abSto lavorando, presto novit\u00e0\u00bb, le prime parole del presidente Figc, impegnato in due incontri previsti da tempo: il direttivo della Lnd e l&#8217;incontro con le componenti in vista del consiglio federale di oggi. Cos\u00ec \u00e8 emersa la candidatura di Thiago Motta, gi\u00e0 centrocampista dell&#8217;Inter di Mourinho e della nazionale, e da tecnico portato ad allenare le giovanili del Psg proprio da Leonardo, al suo primo anno da dirigente parigino. Il sogno, molto italo-brasiliano, era ripetere la bella esperienza di Bologna. Ma neanche questo nome ha convinto Maldini. Cos\u00ec la decisione di rinunciare \u00e8 arrivata a riunione in Figc in corso, lasciando sgomenti diversi presenti. \u00abAbbiamo appreso dai media, mentre uscivamo dall&#8217;ufficio di Malago&#8217; &#8211; ha detto Giancarlo Abete, n.1 dei Dilettanti e rivale sconfitto dal presidente alle elezioni di giugno -. Non siamo abituati a queste situazioni. Ora bisogna ripartire da un progetto serio: siamo tornati alla casella di partenza. Sar\u00e0 Malag\u00f2 a dover dire se procede come aveva detto, prima un nuovo dt e poi il tecnico, o va avanti direttamente con la scelta dell&#8217;allenatore. A noi, non ha fatto nomi\u00bb.\u00a0<\/p>\n<p>            2026-07-28 08:17:18<br \/>\n            Le dimissioni di Maldini e Leonardo<\/p>\n<p>Quella di ieri \u00e8 stata una giornata di incontri, telefonate, riflessioni, ricuciture. E poi il colpo di scena finale: la porta sbattuta da Paolo Maldini e Leonardo, che lasciano il loro incarico Figc di &#8216;rifondatori&#8217; del calcio italiano. Era cominciata con la &#8216;ritirata&#8217; di Andrea Pirlo, proseguita con le voci di addio del duo di ex milanisti alla guida del Club Italia, poi aveva virato verso un&#8217;ipotesi di compromesso &#8211; Thiago Motta ct &#8211; e infine l&#8217;epilogo: l&#8217;addio dei due dirigenti, comunicato con una telefonata arrivata a Malag\u00f2, forse maliziosamente, mentre era in corso la riunione con le componenti Figc alla vigilia del consiglio federale. Ora, come in un gioco dell&#8217;oca, si torna alla casella di partenza.<\/p>\n","protected":false},"excerpt":{"rendered":"2026-07-28 13:07:54 Malag\u00f2: \u00abHo scelto Mancini, sto parlando con lui\u00bb Giovanni Malag\u00f2 s\u00ec \u00e8 presentato in consiglio federale&hellip;\n","protected":false},"author":3,"featured_media":606131,"comment_status":"","ping_status":"","sticky":false,"template":"","format":"standard","meta":{"footnotes":"","_share_on_mastodon":"0"},"categories":[79],"tags":[1960,14,93,94,124337,1537,90,89,6248,2348,7,15,56208,11,84,91,12,85,92],"class_list":["post-606130","post","type-post","status-publish","format-standard","has-post-thumbnail","category-italia","tag-allenatore","tag-cronaca","tag-cronaca-italiana","tag-cronacaitaliana","tag-ct-italia","tag-it","tag-italia","tag-italy","tag-mancini","tag-nazionale","tag-news","tag-notizie","tag-roberto-mancini","tag-ultime-notizie","tag-ultime-notizie-e-news-di-oggi","tag-ultime-notizie-italia","tag-ultimenotizie","tag-ultimenotizieenewsdioggi","tag-ultimenotizieitalia"],"share_on_mastodon":{"url":"https:\/\/pubeurope.com\/@it\/116997501127377481","error":""},"_links":{"self":[{"href":"https:\/\/www.europesays.com\/it\/wp-json\/wp\/v2\/posts\/606130","targetHints":{"allow":["GET"]}}],"collection":[{"href":"https:\/\/www.europesays.com\/it\/wp-json\/wp\/v2\/posts"}],"about":[{"href":"https:\/\/www.europesays.com\/it\/wp-json\/wp\/v2\/types\/post"}],"author":[{"embeddable":true,"href":"https:\/\/www.europesays.com\/it\/wp-json\/wp\/v2\/users\/3"}],"replies":[{"embeddable":true,"href":"https:\/\/www.europesays.com\/it\/wp-json\/wp\/v2\/comments?post=606130"}],"version-history":[{"count":0,"href":"https:\/\/www.europesays.com\/it\/wp-json\/wp\/v2\/posts\/606130\/revisions"}],"wp:featuredmedia":[{"embeddable":true,"href":"https:\/\/www.europesays.com\/it\/wp-json\/wp\/v2\/media\/606131"}],"wp:attachment":[{"href":"https:\/\/www.europesays.com\/it\/wp-json\/wp\/v2\/media?parent=606130"}],"wp:term":[{"taxonomy":"category","embeddable":true,"href":"https:\/\/www.europesays.com\/it\/wp-json\/wp\/v2\/categories?post=606130"},{"taxonomy":"post_tag","embeddable":true,"href":"https:\/\/www.europesays.com\/it\/wp-json\/wp\/v2\/tags?post=606130"}],"curies":[{"name":"wp","href":"https:\/\/api.w.org\/{rel}","templated":true}]}}