{"id":606287,"date":"2026-07-28T14:16:18","date_gmt":"2026-07-28T14:16:18","guid":{"rendered":"https:\/\/www.europesays.com\/it\/606287\/"},"modified":"2026-07-28T14:16:18","modified_gmt":"2026-07-28T14:16:18","slug":"svolta-nellomicidio-di-alessio-borelli-a-corsico-milano-fermato-un-39enne-per-il-delitto","status":"publish","type":"post","link":"https:\/\/www.europesays.com\/it\/606287\/","title":{"rendered":"Svolta nell&#8217;omicidio di Alessio Borelli a Corsico (Milano): fermato un 39enne per il delitto"},"content":{"rendered":"<p>Una svolta arrivata dopo due settimane di indagini serrate. Nella mattinata di marted\u00ec, i carabinieri del Nucleo investigativo di Milano e della Compagnia di Corsico hanno sottoposto a fermo di indiziato di delitto un egiziano di 39 anni, senza fissa dimora e irregolare in Italia. \u00c8 ritenuto il presunto autore del brutale omicidio di Alessio Borelli, <a href=\"https:\/\/www.milanotoday.it\/cronaca\/omicidio\/alessio-borelli-trovato-morto-casa-corsico.html\" rel=\"nofollow noopener\" target=\"_blank\">trovato<\/a> morto l&#8217;11 luglio nella sua abitazione a Corsico.<\/p>\n<p>La caccia all&#8217;uomo si \u00e8 conclusa nei pressi della fermata della metropolitana di Lampugnano, dove i militari lo hanno riconosciuto e bloccato mentre tentava di far perdere definitivamente le proprie tracce.<\/p>\n<p>La macabra scoperta e la data del delitto<\/p>\n<p>L&#8217;allarme era scattato lo scorso 11 luglio quando i vicini di casa, insospettiti da un odore acuto proveniente dall&#8217;appartamento della vittima, avevano allertato i vigili del fuoco. Una volta forzata la porta d&#8217;ingresso insieme ai carabinieri, la drammatica scoperta: il corpo di Borelli giaceva a terra in una pozza di sangue, in avanzato stato di decomposizione, con profonde ferite da taglio al collo e al torace.<\/p>\n<p>Grazie agli accertamenti degli investigatori dell&#8217;Arma, la data del delitto \u00e8 stata collocata alla mattina dell&#8217;8 luglio 2026. Proprio in quelle ore, alcuni residenti dello stabile avevano <a href=\"https:\/\/www.milanotoday.it\/cronaca\/omicidio\/alessio-borelli.html\" rel=\"nofollow noopener\" target=\"_blank\">riferito<\/a> di aver sentito urla disperate e richieste d&#8217;aiuto provenire dall&#8217;interno dell&#8217;abitazione.<\/p>\n<p>Il movente e le tracce biologiche: l&#8217;incastro perfetto<\/p>\n<p>Gli approfondimenti investigativi hanno fatto luce sulla natura del rapporto tra la vittima e il presunto killer: i due avevano intrapreso una relazione affettiva da circa un mese, un legame costellato negli ultimi giorni da continui dissidi culminati nell&#8217;aggressione mortale.<\/p>\n<p>A incastrare il trentanovenne sono stati gli accertamenti tecnici scientifici condotti dalla Sezione investigazioni scientifiche (Sis) di Milano e dal Ris di Parma. Il profilo genetico del fermato \u00e8 stato isolato sulle armi del delitto &#8211; due coltelli da cucina trovati nella casa &#8211; e su alcune macchie di sangue nel bagno. E c&#8217;era un&#8217;impronta lasciata dal palmo della mano intriso di sangue su una porta a vetro \u00e8 risultata corrispondere in modo inequivocabile all&#8217;indagato.<\/p>\n<p>La fuga e il trasferimento a San Vittore<\/p>\n<p>Il decreto di fermo, emesso d&#8217;urgenza dalla procura di Milano, si \u00e8 reso indispensabile per il concreto pericolo di fuga. L&#8217;uomo, infatti, privo di un&#8217;occupazione fissa e di legami familiari in Italia, aveva gi\u00e0 iniziato a cambiare abitazione e numeri di telefono per sfuggire alle ricerche delle forze dell&#8217;ordine.<\/p>\n<p>L&#8217;egiziano aveva un divieto di dimora a Milano, in quanto appena due giorni prima dell&#8217;omicidio aveva aggredito con un coltellino alcuni volontari dei City Angels in via Pini. Sembra che in quell&#8217;occasione avesse anche urlato Allah akbar. Ora, dopo le formalit\u00e0 di rito, il trentanovenne \u00e8 stato trasferito nel carcere di Milano San Vittore, dove rimane a disposizione dell&#8217;autorit\u00e0 giudiziaria.<\/p>\n","protected":false},"excerpt":{"rendered":"Una svolta arrivata dopo due settimane di indagini serrate. Nella mattinata di marted\u00ec, i carabinieri del Nucleo investigativo&hellip;\n","protected":false},"author":3,"featured_media":606288,"comment_status":"","ping_status":"","sticky":false,"template":"","format":"standard","meta":{"footnotes":"","_share_on_mastodon":"0"},"categories":[79],"tags":[14,93,94,486,1537,90,89,7,15,2639,11,84,91,12,85,92],"class_list":["post-606287","post","type-post","status-publish","format-standard","has-post-thumbnail","category-italia","tag-cronaca","tag-cronaca-italiana","tag-cronacaitaliana","tag-indagini","tag-it","tag-italia","tag-italy","tag-news","tag-notizie","tag-omicidi","tag-ultime-notizie","tag-ultime-notizie-e-news-di-oggi","tag-ultime-notizie-italia","tag-ultimenotizie","tag-ultimenotizieenewsdioggi","tag-ultimenotizieitalia"],"share_on_mastodon":{"url":"https:\/\/pubeurope.com\/@it\/116998033332052272","error":""},"_links":{"self":[{"href":"https:\/\/www.europesays.com\/it\/wp-json\/wp\/v2\/posts\/606287","targetHints":{"allow":["GET"]}}],"collection":[{"href":"https:\/\/www.europesays.com\/it\/wp-json\/wp\/v2\/posts"}],"about":[{"href":"https:\/\/www.europesays.com\/it\/wp-json\/wp\/v2\/types\/post"}],"author":[{"embeddable":true,"href":"https:\/\/www.europesays.com\/it\/wp-json\/wp\/v2\/users\/3"}],"replies":[{"embeddable":true,"href":"https:\/\/www.europesays.com\/it\/wp-json\/wp\/v2\/comments?post=606287"}],"version-history":[{"count":0,"href":"https:\/\/www.europesays.com\/it\/wp-json\/wp\/v2\/posts\/606287\/revisions"}],"wp:featuredmedia":[{"embeddable":true,"href":"https:\/\/www.europesays.com\/it\/wp-json\/wp\/v2\/media\/606288"}],"wp:attachment":[{"href":"https:\/\/www.europesays.com\/it\/wp-json\/wp\/v2\/media?parent=606287"}],"wp:term":[{"taxonomy":"category","embeddable":true,"href":"https:\/\/www.europesays.com\/it\/wp-json\/wp\/v2\/categories?post=606287"},{"taxonomy":"post_tag","embeddable":true,"href":"https:\/\/www.europesays.com\/it\/wp-json\/wp\/v2\/tags?post=606287"}],"curies":[{"name":"wp","href":"https:\/\/api.w.org\/{rel}","templated":true}]}}