{"id":606473,"date":"2026-07-28T16:56:14","date_gmt":"2026-07-28T16:56:14","guid":{"rendered":"https:\/\/www.europesays.com\/it\/606473\/"},"modified":"2026-07-28T16:56:14","modified_gmt":"2026-07-28T16:56:14","slug":"jannik-sinner-protagonista-del-debutto-della-nuova-nave-explora-iii","status":"publish","type":"post","link":"https:\/\/www.europesays.com\/it\/606473\/","title":{"rendered":"Jannik Sinner protagonista del debutto della nuova nave EXPLORA III"},"content":{"rendered":"<p><strong>Jannik Sinner<\/strong> \u00e8 stato il protagonista assoluto del <strong>debutto<\/strong> di EXPLORA III, la nuova nave di lusso di Explora Journeys che promette di diventare una delle pi\u00f9 esclusive del Mediterraneo. Il numero uno del tennis mondiale e Global Brand Ambassador del marchio \u00e8 stato infatti il <strong>primo ospite<\/strong> a salire a bordo dell\u2019unit\u00e0, partecipando alla prima tratta del Mediterranean Prelude Journey tra Genova e Marsiglia, dal 24 al 25 luglio.<\/p>\n<p>Un <strong>viaggio inaugurale<\/strong> che ha unito sport, benessere, sostenibilit\u00e0 e alta ospitalit\u00e0, offrendo agli ospiti un\u2019esperienza inedita a bordo della prima nave della compagnia alimentata a GNL, una tecnologia che rappresenta un passo importante verso una navigazione pi\u00f9 sostenibile.<\/p>\n<p>\t\t<strong class=\"gated_banner_title\">Vuoi continuare a leggere?<\/strong><\/p>\n<p class=\"gated_banner_subtitle\">Iscriviti e avrai accesso completo a tutti i nostri contenuti.<\/p>\n<p>\n\t\t\tIscriviti\n        <\/p>\n<p>\n\t\t\t\tHai gi\u00e0 un profilo su SiViaggia?<br \/>\n\t\t\t\t\t\t\t\tAccedi<\/p>\n<p>\t\tViaggio inaugurale di EXPLORA III<\/p>\n<p>Durante la <strong>traversata inaugurale<\/strong>, gli ospiti hanno avuto l&#8217;opportunit\u00e0 di incontrare <a href=\"https:\/\/siviaggia.it\/luxury\/crociera-con-jannik-sinner-explora-journeys\/580746\/\" rel=\"nofollow noopener\" target=\"_blank\">Jannik Sinner<\/a> in un contesto esclusivo, prendendo parte a momenti di confronto dedicati alla sua carriera e alla preparazione atletica che lo ha portato ai vertici del tennis mondiale, dopo il recente successo a <a href=\"https:\/\/siviaggia.it\/idee-di-viaggio\/cosa-vedere-wimbledon-londra\/543568\/\" rel=\"nofollow noopener\" target=\"_blank\">Wimbledon<\/a>. Il campione ha raccontato il valore della <strong>disciplina<\/strong>, della <strong>mentalit\u00e0 vincente<\/strong> e del <strong>lavoro di squadra<\/strong>, elementi fondamentali del suo percorso sportivo.<\/p>\n<p>Tra le novit\u00e0 pi\u00f9 apprezzate del viaggio c&#8217;\u00e8 stata anche la presentazione in anteprima di<strong> In Balance<\/strong>: A Jannik Sinner Ocean Wellness Programme, il nuovo programma wellness sviluppato insieme a Explora Journeys e disponibile a bordo di EXPLORA III.<\/p>\n<p>Nel corso dell&#8217;evento inaugurale, Anna Nash, Presidente di <a href=\"https:\/\/siviaggia.it\/luxury\/crociere-explora-iii-estate-2026\/590014\/\" rel=\"nofollow noopener\" target=\"_blank\">Explora Journeys<\/a>, ha inoltre conferito a Jannik Sinner il titolo di primo <strong>Honorary Diamond Member<\/strong> di Explora Club, il programma fedelt\u00e0 del brand. Un riconoscimento esteso anche ai componenti del suo staff tecnico, premiando il valore del lavoro di squadra dietro ogni successo sportivo.<\/p>\n<blockquote class=\"instagram-media\" data-instgrm-captioned=\"\" data-instgrm-permalink=\"https:\/\/www.instagram.com\/p\/DbNRburMbTG\/?utm_source=ig_embed&amp;utm_campaign=loading\" data-instgrm-version=\"14\" style=\" background:#FFF; border:0; border-radius:3px; box-shadow:0 0 1px 0 rgba(0,0,0,0.5),0 1px 10px 0 rgba(0,0,0,0.15); margin: 1px; max-width:100%; min-width:326px; padding:0; width:99.375%; width:-webkit-calc(100% - 2px); width:calc(100% - 2px);\"\/>\n<p>Uno dei momenti simbolici della giornata \u00e8 stato il taglio del nastro del <strong>nuovo campo da padel<\/strong> di EXPLORA III. Insieme alla Capitana Serena Melani e ad Anna Nash, Sinner ha inaugurato ufficialmente il campo, prima di scendere in gioco per uno scambio amichevole con il suo allenatore.<\/p>\n<p>EXPLORA III: itinerari nel Mediterraneo<\/p>\n<p>La prima tratta del Mediterranean Prelude Journey si \u00e8 conclusa con una <strong>Cena di Gala benefica<\/strong> organizzata nel ristorante francese Fil Rouge. L&#8217;evento ha riunito Jannik Sinner e i rappresentanti della Jannik Sinner Foundation, della MSC Foundation e di Explora Journeys per sostenere <strong>progetti dedicati all&#8217;educazione<\/strong> alla tutela dell&#8217;ambiente marino destinati ai bambini delle comunit\u00e0 del Mediterraneo.<\/p>\n<blockquote class=\"instagram-media\" data-instgrm-captioned=\"\" data-instgrm-permalink=\"https:\/\/www.instagram.com\/p\/DbQfYK-jaTt\/?utm_source=ig_embed&amp;utm_campaign=loading\" data-instgrm-version=\"14\" style=\" background:#FFF; border:0; border-radius:3px; box-shadow:0 0 1px 0 rgba(0,0,0,0.5),0 1px 10px 0 rgba(0,0,0,0.15); margin: 1px; max-width:100%; min-width:326px; padding:0; width:99.375%; width:-webkit-calc(100% - 2px); width:calc(100% - 2px);\"\/>\n<p>EXPLORA III introduce <strong>spazi pubblici<\/strong> completamente ripensati, Ocean Penthouses e Ocean Residences ancora pi\u00f9 ampi, oltre a tre <strong>nuove esperienze gastronomiche<\/strong>: The Chef&#8217;s Table, The Cellar e Shore Club sul Ponte 11. Grande attenzione \u00e8 riservata anche al <strong>benessere<\/strong> grazie al nuovo Ocean Wellness.<\/p>\n<p>Gli ospiti ancora a bordo possono incontrare il team di leadership di Explora Journeys e gli architetti che hanno firmato il progetto della nave, approfondendo la <strong>filosofia<\/strong> che ha guidato la realizzazione di questa nuova unit\u00e0.<\/p>\n<p>Dopo l&#8217;arrivo a Civitavecchia il 29 luglio, EXPLORA III sar\u00e0 protagonista della <strong>Cerimonia ufficiale<\/strong> di Naming a <a href=\"https:\/\/siviaggia.it\/destinazioni\/europa\/spagna\/barcellona\/\" rel=\"nofollow noopener\" target=\"_blank\">Barcellona<\/a> il <strong>1\u00b0 agosto<\/strong>, per poi partire il <strong>3 agosto<\/strong> per il viaggio inaugurale verso <a href=\"https:\/\/siviaggia.it\/destinazioni\/europa\/portogallo\/lisbona\/\" rel=\"nofollow noopener\" target=\"_blank\">Lisbona<\/a>. La nave \u00e8 la terza di una flotta che arriver\u00e0 a sei unit\u00e0 <strong>entro il 2028<\/strong>, confermando la strategia di Explora Journeys di puntare su crociere di lusso, innovazione e sostenibilit\u00e0 nel Mediterraneo e oltre.<\/p>\n<p>\t<script async src=\"\/\/www.instagram.com\/embed.js\"><\/script><\/p>\n","protected":false},"excerpt":{"rendered":"Jannik Sinner \u00e8 stato il protagonista assoluto del debutto di EXPLORA III, la nuova nave di lusso di&hellip;\n","protected":false},"author":3,"featured_media":606474,"comment_status":"","ping_status":"","sticky":false,"template":"","format":"standard","meta":{"footnotes":"","_share_on_mastodon":"0"},"categories":[172],"tags":[178,177,38223,1537,90,89,5857,61312,32620,2050,7145,15,5859],"class_list":["post-606473","post","type-post","status-publish","format-standard","has-post-thumbnail","category-affari","tag-affari","tag-business","tag-crociere-e-viaggi-in-barca","tag-it","tag-italia","tag-italy","tag-itinerari-culturali","tag-itinerari-di-1-giorno","tag-luxury","tag-mare","tag-mediterraneo","tag-notizie","tag-viaggi-relax"],"share_on_mastodon":{"url":"https:\/\/pubeurope.com\/@it\/116998660794557691","error":""},"_links":{"self":[{"href":"https:\/\/www.europesays.com\/it\/wp-json\/wp\/v2\/posts\/606473","targetHints":{"allow":["GET"]}}],"collection":[{"href":"https:\/\/www.europesays.com\/it\/wp-json\/wp\/v2\/posts"}],"about":[{"href":"https:\/\/www.europesays.com\/it\/wp-json\/wp\/v2\/types\/post"}],"author":[{"embeddable":true,"href":"https:\/\/www.europesays.com\/it\/wp-json\/wp\/v2\/users\/3"}],"replies":[{"embeddable":true,"href":"https:\/\/www.europesays.com\/it\/wp-json\/wp\/v2\/comments?post=606473"}],"version-history":[{"count":0,"href":"https:\/\/www.europesays.com\/it\/wp-json\/wp\/v2\/posts\/606473\/revisions"}],"wp:featuredmedia":[{"embeddable":true,"href":"https:\/\/www.europesays.com\/it\/wp-json\/wp\/v2\/media\/606474"}],"wp:attachment":[{"href":"https:\/\/www.europesays.com\/it\/wp-json\/wp\/v2\/media?parent=606473"}],"wp:term":[{"taxonomy":"category","embeddable":true,"href":"https:\/\/www.europesays.com\/it\/wp-json\/wp\/v2\/categories?post=606473"},{"taxonomy":"post_tag","embeddable":true,"href":"https:\/\/www.europesays.com\/it\/wp-json\/wp\/v2\/tags?post=606473"}],"curies":[{"name":"wp","href":"https:\/\/api.w.org\/{rel}","templated":true}]}}