{"id":606526,"date":"2026-07-28T17:43:17","date_gmt":"2026-07-28T17:43:17","guid":{"rendered":"https:\/\/www.europesays.com\/it\/606526\/"},"modified":"2026-07-28T17:43:17","modified_gmt":"2026-07-28T17:43:17","slug":"il-nuovo-programma-di-milo-infante-si-chiamera-verita-nascoste-partenza-il-primo-settembre","status":"publish","type":"post","link":"https:\/\/www.europesays.com\/it\/606526\/","title":{"rendered":"Il nuovo programma di Milo Infante si chiamer\u00e0 &#8220;Verit\u00e0 Nascoste&#8221;. Partenza il primo settembre"},"content":{"rendered":"<p>Dopo l\u2019annuncio e la comunicazione del giorno di messa in onda, ecco svelati il titolo e la data di partenza del programma serale di Milo Infante che timbrer\u00e0 la nuova avventura a Mediaset.<\/p>\n<p>Stando a quanto risulta a Today, il talk di Rete 4 si chiamer\u00e0 \u201cVerit\u00e0 Nascoste\u201d e prender\u00e0 il via marted\u00ec primo settembre, ovvero una settimana dopo lo start dell\u2019appuntamento quotidiano, collocato al mattino, dalle 11 alle 13. Un avvio anticipato rispetto alla concorrenza, utile a fidelizzare il pubblico e a bruciare gli avversari sul tempo.<\/p>\n<p>Il nome \u00e8 altamente indicativo di quella che sar\u00e0 la linea della trasmissione, che punter\u00e0 su casi di cronaca e delitti irrisolti, proprio sulla scia di \u201cOre 14\u201d e \u201cOre 14 Sera\u201d, passato a sua volta nelle mani di Salvo Sottile.<\/p>\n<p>\u201cCi sono altri mondi all\u2019infuori di questo\u201d, afferm\u00f2 Infante lo scorso 9 luglio, quando pubblic\u00f2 un video di saluti direttamente dagli studi della Rai. Un dettaglio non passato inosservato e criticato platealmente dallo stesso Sottile: \u201cDiciamo che pubblicizzare il nuovo programma su Mediaset da uno studio Rai l&#8217;ho trovato un po&#8217; triste. In fondo, per comunicarlo bastava poco: anche una locandina fatta con l&#8217;AI&#8221;. Una replica piccata ad una precedente stoccata di Infante, che aveva confidato di aver visto su Instagram la locandina realizzata dal giornalista con l\u2019intelligenza artificiale per rivelare il suo approdo a \u201cOre 14\u201d.<\/p>\n<p>Riguardo al titolo \u201cVerit\u00e0 Nascoste\u201d, una dicitura quasi identica (comprensiva di articolo iniziale) avrebbe dovuto riguardare un nuovo progetto di Rai 3 da affidare a Piero Marrazzo. La voce si sparse ad aprile, con la tv di Stato che per\u00f2 prese immediatamente le distanze smentendo i retroscena che erano apparsi su svariati organi di informazione.<\/p>\n","protected":false},"excerpt":{"rendered":"Dopo l\u2019annuncio e la comunicazione del giorno di messa in onda, ecco svelati il titolo e la data&hellip;\n","protected":false},"author":3,"featured_media":606527,"comment_status":"","ping_status":"","sticky":false,"template":"","format":"standard","meta":{"footnotes":"","_share_on_mastodon":"0"},"categories":[1444],"tags":[203,204,1537,90,89,9060,35986,44206,253,334584],"class_list":["post-606526","post","type-post","status-publish","format-standard","has-post-thumbnail","category-tv","tag-entertainment","tag-intrattenimento","tag-it","tag-italia","tag-italy","tag-mediaset","tag-milo-infante","tag-rete-4","tag-tv","tag-verita-nascoste"],"share_on_mastodon":{"url":"https:\/\/pubeurope.com\/@it\/116998845803181962","error":""},"_links":{"self":[{"href":"https:\/\/www.europesays.com\/it\/wp-json\/wp\/v2\/posts\/606526","targetHints":{"allow":["GET"]}}],"collection":[{"href":"https:\/\/www.europesays.com\/it\/wp-json\/wp\/v2\/posts"}],"about":[{"href":"https:\/\/www.europesays.com\/it\/wp-json\/wp\/v2\/types\/post"}],"author":[{"embeddable":true,"href":"https:\/\/www.europesays.com\/it\/wp-json\/wp\/v2\/users\/3"}],"replies":[{"embeddable":true,"href":"https:\/\/www.europesays.com\/it\/wp-json\/wp\/v2\/comments?post=606526"}],"version-history":[{"count":0,"href":"https:\/\/www.europesays.com\/it\/wp-json\/wp\/v2\/posts\/606526\/revisions"}],"wp:featuredmedia":[{"embeddable":true,"href":"https:\/\/www.europesays.com\/it\/wp-json\/wp\/v2\/media\/606527"}],"wp:attachment":[{"href":"https:\/\/www.europesays.com\/it\/wp-json\/wp\/v2\/media?parent=606526"}],"wp:term":[{"taxonomy":"category","embeddable":true,"href":"https:\/\/www.europesays.com\/it\/wp-json\/wp\/v2\/categories?post=606526"},{"taxonomy":"post_tag","embeddable":true,"href":"https:\/\/www.europesays.com\/it\/wp-json\/wp\/v2\/tags?post=606526"}],"curies":[{"name":"wp","href":"https:\/\/api.w.org\/{rel}","templated":true}]}}