{"id":606555,"date":"2026-07-28T18:07:19","date_gmt":"2026-07-28T18:07:19","guid":{"rendered":"https:\/\/www.europesays.com\/it\/606555\/"},"modified":"2026-07-28T18:07:19","modified_gmt":"2026-07-28T18:07:19","slug":"roberto-mancini-chi-e-e-cosa-fa-la-seconda-moglie-silvia-fortini","status":"publish","type":"post","link":"https:\/\/www.europesays.com\/it\/606555\/","title":{"rendered":"Roberto Mancini, chi \u00e8 e cosa fa la seconda moglie Silvia Fortini"},"content":{"rendered":"<p data-journey-content=\"true\" data-node-id=\"3\" class=\"css-1ood0zq emevuu60\">Il calcio, si sa, regala sempre grandi emozioni, ma un&#8217;estate di passione cos\u00ec non ce la ricordavamo dal 2021, quando l&#8217;Italia riusc\u00ec a conquistare il suo secondo Europeo sotto la guida di <strong data-node-id=\"3.1\">Roberto Mancini<\/strong> e un grandissimo <strong data-node-id=\"3.3\"><a href=\"https:\/\/www.elle.com\/it\/magazine\/interviste\/a25356052\/gianluca-vialli-malattia\/\" target=\"_blank\" data-vars-ga-outbound-link=\"https:\/\/www.elle.com\/it\/magazine\/interviste\/a25356052\/gianluca-vialli-malattia\/\" data-vars-ga-ux-element=\"Hyperlink\" data-vars-ga-call-to-action=\"Gianluca Vialli\" data-node-id=\"3.3.0\" class=\"body-link css-ohbdae emevuu60\" rel=\"nofollow noopener\">Gianluca Vialli<\/a><\/strong>, l&#8217;amico di una vita, scomparso purtroppo pochi anni dopo. &#8220;Sar\u00e0 la nostalgia, sar\u00e0 che l&#8217;estate vola via&#8221;, come cantava Sandro Giacobbe, ma non c&#8217;\u00e8 da stupirsi che <a href=\"https:\/\/www.elle.com\/it\/showbiz\/celebrities\/a73269119\/andrea-pirlo-chi-e-figlio-procuratore-nicolo\/\" target=\"_blank\" data-vars-ga-outbound-link=\"https:\/\/www.elle.com\/it\/showbiz\/celebrities\/a73269119\/andrea-pirlo-chi-e-figlio-procuratore-nicolo\/\" data-vars-ga-ux-element=\"Hyperlink\" data-vars-ga-call-to-action=\"dopo l&#039;esclusione di Andrea Pirlo al ruolo di c.t.\" data-node-id=\"3.5\" class=\"body-link css-ohbdae emevuu60\" rel=\"nofollow noopener\">dopo l&#8217;esclusione di <strong data-node-id=\"3.5.1\">Andrea Pirlo<\/strong> al ruolo di c.t.<\/a> e il sorprendente addio di <strong data-node-id=\"3.7\"><a href=\"https:\/\/www.elle.com\/it\/showbiz\/celebrities\/a73169003\/paolo-maldini-moglie-figli-chi-sono\/\" target=\"_blank\" data-vars-ga-outbound-link=\"https:\/\/www.elle.com\/it\/showbiz\/celebrities\/a73169003\/paolo-maldini-moglie-figli-chi-sono\/\" data-vars-ga-ux-element=\"Hyperlink\" data-vars-ga-call-to-action=\"Paolo Maldini\" data-node-id=\"3.7.0\" class=\"body-link css-ohbdae emevuu60\" rel=\"nofollow noopener\">Paolo Maldini<\/a><\/strong> e <strong data-node-id=\"3.9\"><a href=\"https:\/\/www.elle.com\/it\/showbiz\/celebrities\/a73270914\/leonardo-moglie-anna-billo-storia-figli\/\" target=\"_blank\" data-vars-ga-outbound-link=\"https:\/\/www.elle.com\/it\/showbiz\/celebrities\/a73270914\/leonardo-moglie-anna-billo-storia-figli\/\" data-vars-ga-ux-element=\"Hyperlink\" data-vars-ga-call-to-action=\"Leonardo\" data-node-id=\"3.9.0\" class=\"body-link css-ohbdae emevuu60\" rel=\"nofollow noopener\">Leonardo<\/a><\/strong> dalla Figc dopo solo 17 giorni di ingaggio, <strong data-node-id=\"3.11\">la scelta di <a href=\"https:\/\/www.elle.com\/it\/showbiz\/celebrities\/a73189567\/giovanni-malago-fidanzata-elena-vaccarella-figli\/\" target=\"_blank\" data-vars-ga-outbound-link=\"https:\/\/www.elle.com\/it\/showbiz\/celebrities\/a73189567\/giovanni-malago-fidanzata-elena-vaccarella-figli\/\" data-vars-ga-ux-element=\"Hyperlink\" data-vars-ga-call-to-action=\"Giovanni Malag\u00f2\" data-node-id=\"3.11.1\" class=\"body-link css-ohbdae emevuu60\" rel=\"nofollow noopener\">Giovanni Malag\u00f2<\/a> sia ricaduta proprio sul Mancio<\/strong>.<\/p>\n<p>Il peccato originale di Roberto Mancini<\/p>\n<p data-journey-content=\"true\" data-node-id=\"9\" class=\"css-1ood0zq emevuu60\">Pare che Roberto Mancini abbia persino rifiutato due ghiotte proposte dall&#8217;estero per rimanere a disposizione del suo vecchio amico. E ci mancherebbe altro, potrebbe pensare qualcuno, ancora memore dello sgarbo che l&#8217;allenatore fece alla Nazionale, scegliendo di abbandonarla a sorpresa per un ingaggio d&#8217;oro in Arabia Saudita. Un peccato che molti tifosi non riescono a perdonargli e che per questo aveva spinto in tanti a chiedere la nomina di <strong data-node-id=\"9.1\">Antonio Conte<\/strong>, il candidato preferito dai club di serie A. Ma, come gi\u00e0 ribadito da Malag\u00f2, la decisione finale doveva spettare al presidente della Figc, che finalmente si \u00e8 pronunciato. Anche perch\u00e9 l&#8217;Italia, <strong data-node-id=\"9.3\">dopo la parentesi di <a href=\"https:\/\/www.elle.com\/it\/showbiz\/celebrities\/a70863125\/rino-gattuso-moglie-monica-romano-figli-gabriela-francesco-foto-news\/\" target=\"_blank\" data-vars-ga-outbound-link=\"https:\/\/www.elle.com\/it\/showbiz\/celebrities\/a70863125\/rino-gattuso-moglie-monica-romano-figli-gabriela-francesco-foto-news\/\" data-vars-ga-ux-element=\"Hyperlink\" data-vars-ga-call-to-action=\"Gattuso\" data-node-id=\"9.3.1\" class=\"body-link css-ohbdae emevuu60\" rel=\"nofollow noopener\">Gattuso<\/a>, non poteva pi\u00f9 permettersi di rimanere senza guida, tanto pi\u00f9 che da settembre le toccher\u00e0 affrontare la sfida in Nations League per rimanere in Lega A \u2014 una catastrofica retrocessione non \u00e8 nemmeno contemplata<\/strong>.<\/p>\n<p><img draggable=\"true\" alt=\"roberto mancini chi \u00e8 moglie silvia fortini\" title=\"Roberto Mancini chi \u00e8 moglie Silvia Fortini\" loading=\"lazy\" width=\"2000\" height=\"2565\" decoding=\"async\" data-nimg=\"1\" style=\"color:transparent;width:100%;height:auto;\"   src=\"https:\/\/www.europesays.com\/it\/wp-content\/uploads\/2026\/07\/172af233-4fa1-4a1b-9680-ad44758ab46a.jpg\" class=\"css-0 e1ddfba50\"\/><a target=\"_blank\" rel=\"noopener nofollow\" data-theme-key=\"base-link\" href=\"https:\/\/pinterest.com\/pin\/create\/button\/?url=https:\/\/www.elle.com\/it\/showbiz\/celebrities\/a73282469\/roberto-mancini-moglie-chi-e-silvia-fortini\/&amp;description=elleitalia&amp;media=https:\/\/hips.hearstapps.com\/hmg-prod\/images\/172af233-4fa1-4a1b-9680-ad44758ab46a.jpg?resize=1600:*\" class=\"pinterest css-on9hn5 e1socmtw0\"><img decoding=\"async\" data-dynamic-svg=\"true\" src=\"https:\/\/www.elle.com\/_assets\/design-tokens\/fre\/static\/icons\/social\/pinterest.e8cf655.svg?primary=%2523ffffff\" loading=\"lazy\" data-testid=\"dynamic-svg-base\" height=\"auto\" width=\"auto\" alt=\"pinterest\" class=\"css-4lml0h e1mlxuuw1\"\/><\/a><\/p>\n<p>Claudio Villa<\/p>\n<p>La storia di Mancini in Nazionale<\/p>\n<p data-journey-content=\"true\" data-node-id=\"16\" class=\"css-1ood0zq emevuu60\">Entrato nel 2018 in Nazionale, Mancini \u00e8 riuscito a portare l&#8217;Italia di nuovo in vetta con un&#8217;emozionante vittoria agli Europei nel 2021 contro l&#8217;Inghilterra, ma dopo quell&#8217;incredibile stagione e un record di imbattibilit\u00e0 di 36 partite vinte, infranto solo dall&#8217;ultimo successo della nazionale spagnola, che con la vittoria ai Mondiali ha superato gli azzurri arrivando a quota 37 vittorie consecutive, Mancio ha mancato la qualificazione ai Mondiali nel 2022, prima di lasciare alla chetichella la panchina per volare verso i Paesi del Golfo. Una decisione che, tra le righe, aveva anticipato la moglie, parlando con la stampa.<\/p>\n<p>Il ruolo della moglie Silvia Fortini<\/p>\n<p data-journey-content=\"true\" data-node-id=\"23\" class=\"css-1ood0zq emevuu60\"><strong data-node-id=\"23.0\">Proprio Silvia Fortini, che per prima aveva capito che qualcosa non andava, anticipando di fatto l&#8217;ufficializzazione delle dimissioni del marito, ha sempre avuto un ruolo cruciale, da quando \u00e8 entrata nella vita di Roberto Mancini<\/strong>. Non che la seconda moglie dell&#8217;ex calciatore sia legata al mondo dello sport, anzi. Ma il suo equilibrio e la sua forza sono stati in questi anni la bussola del Mancio, che adesso pare avere ritrovato la sua buona stella con l&#8217;Italia.<\/p>\n<p><img draggable=\"true\" alt=\"roberto mancini chi \u00e8 moglie silvia fortini\" title=\"Roberto Mancini chi \u00e8 moglie Silvia Fortini\" loading=\"lazy\" width=\"3648\" height=\"5472\" decoding=\"async\" data-nimg=\"1\" style=\"color:transparent;width:100%;height:auto;\"   src=\"https:\/\/www.europesays.com\/it\/wp-content\/uploads\/2026\/07\/37ed9480-9cdc-4846-a288-d4d0cc654384.jpg\" class=\"css-0 e1ddfba50\"\/><a target=\"_blank\" rel=\"noopener nofollow\" data-theme-key=\"base-link\" href=\"https:\/\/pinterest.com\/pin\/create\/button\/?url=https:\/\/www.elle.com\/it\/showbiz\/celebrities\/a73282469\/roberto-mancini-moglie-chi-e-silvia-fortini\/&amp;description=elleitalia&amp;media=https:\/\/hips.hearstapps.com\/hmg-prod\/images\/37ed9480-9cdc-4846-a288-d4d0cc654384.jpg?resize=1600:*\" class=\"pinterest css-on9hn5 e1socmtw0\"><img decoding=\"async\" data-dynamic-svg=\"true\" src=\"https:\/\/www.elle.com\/_assets\/design-tokens\/fre\/static\/icons\/social\/pinterest.e8cf655.svg?primary=%2523ffffff\" loading=\"lazy\" data-testid=\"dynamic-svg-base\" height=\"auto\" width=\"auto\" alt=\"pinterest\" class=\"css-4lml0h e1mlxuuw1\"\/><\/a>Vittorio Zunino Celotto<\/p>\n<p>Roberto Mancini con la moglie Silvia Fortini.<\/p>\n<p> Chi \u00e8 la seconda moglie di Roberto Mancini<\/p>\n<p data-journey-content=\"true\" data-node-id=\"30\" class=\"css-1ood0zq emevuu60\"><strong data-node-id=\"30.0\">Silvia Fortini, 45 anni (16 in meno di Mancini) \u00e8 un&#8217;avvocata in ambito civile, a capo di un prestigioso studio legale di Roma<\/strong>. Dedita al lavoro, che la porta ad avere tra i suoi clienti molti personaggi del mondo dello spettacolo, \u00e8 riservata e attenta a difendere la propria privacy.<\/p>\n<p>L&#8217;incontro e la prima uscita pubblica<\/p>\n<p data-journey-content=\"true\" data-node-id=\"35\" class=\"css-1ood0zq emevuu60\"><strong data-node-id=\"35.0\">Proprio sul lavoro avviene il suo primo incontro con Roberto Mancini, che nel 2015 aveva avviato le pratiche di divorzio dalla prima moglie, Federica Morelli, rivolgendosi allo studio di Silvia Fortini<\/strong>. La prima uscita pubblica, insieme all&#8217;ufficializzazione dei primi gossip che erano iniziati a circolare pochi mesi dopo, avviene nel luglio 2016 a Saint-Tropez. L&#8217;estate successiva la nuova coppia viene fotografata insieme alle Antille e poi finalmente la proposta di matrimonio e le nozze.<\/p>\n<p><img decoding=\"async\" data-dynamic-svg=\"true\" src=\"https:\/\/www.elle.com\/_assets\/design-tokens\/fre\/static\/icons\/arrow-right.7440adc.svg?primary=%2523D4D4D4\" loading=\"lazy\" data-testid=\"dynamic-svg-base\" height=\"auto\" width=\"auto\" aria-label=\"Prev carousel button\" alt=\"Chevron Left Icon\" data-theme-key=\"icon-button-icon\" transform=\"scaleX(-1)\" class=\"css-14vtfey erhb41k0\"\/><img decoding=\"async\" data-dynamic-svg=\"true\" src=\"https:\/\/www.elle.com\/_assets\/design-tokens\/fre\/static\/icons\/arrow-right.7440adc.svg?primary=%25230f0f15\" loading=\"lazy\" data-testid=\"dynamic-svg-base\" height=\"auto\" width=\"auto\" aria-label=\"Next carousel button\" alt=\"Chevron Right Icon\" data-theme-key=\"icon-button-icon\" class=\"css-18znc9e erhb41k0\"\/>Il ritorno in Italia e il matrimonio<\/p>\n<p data-journey-content=\"true\" data-node-id=\"41\" class=\"css-1ood0zq emevuu60\"><strong data-node-id=\"41.0\">Il matrimonio viene celebrato nel 2018 in una cerimonia intima, tra amici stretti e parenti<\/strong>, a tre anni dalla separazione con la prima moglie, quando Mancini \u00e8 intanto tornato a guidare l&#8217;Italia dopo il periodo in Russia con lo Zenit. Da allora Roberto e Silvia non si sono pi\u00f9 lasciati e anzi proprio lei \u00e8 la prima persona a cui l&#8217;allenatore confida dubbi, timori e perplessit\u00e0. C&#8217;\u00e8 da credere che la decisione di un ritorno alla Nazionale sia passata dall&#8217;approvazione di Fortini. <\/p>\n<p>La prima moglie e i figli<\/p>\n<p data-journey-content=\"true\" data-node-id=\"47\" class=\"css-1ood0zq emevuu60\">Prima di diventare allenatore, Roberto Mancini \u00e8 stato un grande giocatore: esordiente a 13 anni nelle giovanili del Bologna, ha regalato grandi soddisfazioni calcistiche alla Sampdoria, club dov&#8217;\u00e8 rimasto dal 1982 al 1997, arrivando a vestire anche la maglia della Nazionale. A quegli anni risale la conoscenza e poi <strong data-node-id=\"47.1\">il matrimonio con la sua prima moglie, la napoletana Federica Morelli. La coppia \u00e8 convolata a nozze nel 1990 e dalla loro unione sono nati i figli Filippo, Andrea e Camilla, rispettivamente nel 1990, nel 1992 e nel 1997<\/strong>.<\/p>\n<p><img draggable=\"true\" alt=\"roberto mancini chi \u00e8 moglie silvia fortini\" title=\"Roberto Mancini chi \u00e8 moglie Silvia Fortini\" loading=\"lazy\" width=\"3543\" height=\"2361\" decoding=\"async\" data-nimg=\"1\" style=\"color:transparent;width:100%;height:auto;\"   src=\"https:\/\/www.europesays.com\/it\/wp-content\/uploads\/2026\/07\/656fa2b5-63a5-4676-b13f-88af5fb715c1.jpg\" class=\"css-0 e1ddfba50\"\/><a target=\"_blank\" rel=\"noopener nofollow\" data-theme-key=\"base-link\" href=\"https:\/\/pinterest.com\/pin\/create\/button\/?url=https:\/\/www.elle.com\/it\/showbiz\/celebrities\/a73282469\/roberto-mancini-moglie-chi-e-silvia-fortini\/&amp;description=elleitalia&amp;media=https:\/\/hips.hearstapps.com\/hmg-prod\/images\/656fa2b5-63a5-4676-b13f-88af5fb715c1.jpg?resize=1600:*\" class=\"pinterest css-on9hn5 e1socmtw0\"><img decoding=\"async\" data-dynamic-svg=\"true\" src=\"https:\/\/www.elle.com\/_assets\/design-tokens\/fre\/static\/icons\/social\/pinterest.e8cf655.svg?primary=%2523ffffff\" loading=\"lazy\" data-testid=\"dynamic-svg-base\" height=\"auto\" width=\"auto\" alt=\"pinterest\" class=\"css-4lml0h e1mlxuuw1\"\/><\/a>Simone Arveda<\/p>\n<p>Roberto Mancini con il figlio Andrea.<\/p>\n<p>La carriera nel calcio dei figli<\/p>\n<p data-journey-content=\"true\" data-node-id=\"53\" class=\"css-1ood0zq emevuu60\">I due figli maschi hanno provato a intraprendere la carriera calcistica come il padre. In particolare, <strong data-node-id=\"53.1\">Filippo <\/strong>\u00e8 stato arruolato nelle giovanili di Inter, Virtus Entella e Manchester City e attualmente gioca nelle categorie inferiori, mentre il fratello <strong data-node-id=\"53.3\">Andrea<\/strong>, dopo esser passato per le giovanili dei nerazzurri, ha concluso la sua carriera calcistica nel 2017 con il New York Cosmos. La piccola di casa invece non \u00e8 interessata ad una carriera nello sport. Anzi in passato aveva dichiarato in una storia su Instagram: &#8220;Sono troppo timida e riservata. <strong data-node-id=\"53.5\">Mi piace tenere le mie cose private<\/strong>. Vorrei anche raccontare qualcosa che vada al di l\u00e0 del &#8216;la figlia di&#8217; dato che ci sono ancora troppi stereotipi e pregiudizi&#8221;.<br data-node-id=\"53.9\"\/><\/p>\n<p>Il romanzo di Camilla, vittima di bullismo<\/p>\n<p data-journey-content=\"true\" data-node-id=\"59\" class=\"css-1ood0zq emevuu60\"><strong data-node-id=\"59.0\">La ventinovenne, oltre che per il cognome, ha fatto parlare di s\u00e9 per la sua storia molto personale, segnata da dolorosi episodi di bullismo<\/strong>. La ragazza, infatti, ha un&#8217;asimmetria al viso causata da una emtparesi facciale che durante l&#8217;infanzia \u00e8 stata fonte di sofferenza e imbarazzo. Con coraggio ha scelto di raccontare la sua storia nel suo primo romanzo dal titolo, Sei una farfalla, un racconto autobiografico dedicato al lungo percorso verso l&#8217;accettazione di s\u00e9.<\/p>\n<p>L&#8217;annuncio di divorzio<\/p>\n<p data-journey-content=\"true\" data-node-id=\"66\" class=\"css-1ood0zq emevuu60\"><strong data-node-id=\"66.0\">Nel 2009 Roberto e la moglie Federica attraversano una crisi profonda<\/strong>, da cui non si riprenderanno pi\u00f9, al punto che nel giugno 2015 viene divulgato il seguente comunicato dai legali di Mancini: &#8220;Nel 2009 il matrimonio ha vissuto un trauma che li ha allontanati, tanto che la coppia negli ultimi due anni ha vissuto di fatto separata.<strong data-node-id=\"66.2\"> Dopo un lungo periodo di riflessione, Roberto Mancini ha deciso di avviare le pratiche per la separazione e il divorzio<\/strong>&#8220;. Dopo l&#8217;annuncio di Mancini, il legale di Federica Morelli replica, spiegando che la scelta di divorziare \u00e8 arrivata dal marito: &#8220;<strong data-node-id=\"66.4\">Scelta, tutta personale, del marito di <\/strong><strong data-node-id=\"66.5\">interrompere unilateralmente un rapporto matrimoniale <\/strong>che dura ininterrottamente da venticinque anni&#8221;. Dopo l&#8217;annuncio, l&#8217;incontro con Silvia e l&#8217;inizio del loro grande amore. <\/p>\n","protected":false},"excerpt":{"rendered":"Il calcio, si sa, regala sempre grandi emozioni, ma un&#8217;estate di passione cos\u00ec non ce la ricordavamo dal&hellip;\n","protected":false},"author":3,"featured_media":606556,"comment_status":"","ping_status":"","sticky":false,"template":"","format":"standard","meta":{"footnotes":"","_share_on_mastodon":"0"},"categories":[1451],"tags":[721,1621,1620,2912,203,204,1537,90,89,56208,334595,334596,245,1780],"class_list":["post-606555","post","type-post","status-publish","format-standard","has-post-thumbnail","category-celebrita","tag-calcio","tag-celebrita","tag-celebrities","tag-engagement","tag-entertainment","tag-intrattenimento","tag-it","tag-italia","tag-italy","tag-roberto-mancini","tag-roberto-mancini-chi-e-moglie-silvia-fortini","tag-silvia-fortini","tag-sport","tag-traffico"],"share_on_mastodon":{"url":"https:\/\/pubeurope.com\/@it\/116998941450035094","error":""},"_links":{"self":[{"href":"https:\/\/www.europesays.com\/it\/wp-json\/wp\/v2\/posts\/606555","targetHints":{"allow":["GET"]}}],"collection":[{"href":"https:\/\/www.europesays.com\/it\/wp-json\/wp\/v2\/posts"}],"about":[{"href":"https:\/\/www.europesays.com\/it\/wp-json\/wp\/v2\/types\/post"}],"author":[{"embeddable":true,"href":"https:\/\/www.europesays.com\/it\/wp-json\/wp\/v2\/users\/3"}],"replies":[{"embeddable":true,"href":"https:\/\/www.europesays.com\/it\/wp-json\/wp\/v2\/comments?post=606555"}],"version-history":[{"count":0,"href":"https:\/\/www.europesays.com\/it\/wp-json\/wp\/v2\/posts\/606555\/revisions"}],"wp:featuredmedia":[{"embeddable":true,"href":"https:\/\/www.europesays.com\/it\/wp-json\/wp\/v2\/media\/606556"}],"wp:attachment":[{"href":"https:\/\/www.europesays.com\/it\/wp-json\/wp\/v2\/media?parent=606555"}],"wp:term":[{"taxonomy":"category","embeddable":true,"href":"https:\/\/www.europesays.com\/it\/wp-json\/wp\/v2\/categories?post=606555"},{"taxonomy":"post_tag","embeddable":true,"href":"https:\/\/www.europesays.com\/it\/wp-json\/wp\/v2\/tags?post=606555"}],"curies":[{"name":"wp","href":"https:\/\/api.w.org\/{rel}","templated":true}]}}