{"id":606760,"date":"2026-07-28T20:53:12","date_gmt":"2026-07-28T20:53:12","guid":{"rendered":"https:\/\/www.europesays.com\/it\/606760\/"},"modified":"2026-07-28T20:53:12","modified_gmt":"2026-07-28T20:53:12","slug":"le-auto-e-le-moto-di-lucio-battisti-una-passione-finita-anche-nelle-sue-canzoni","status":"publish","type":"post","link":"https:\/\/www.europesays.com\/it\/606760\/","title":{"rendered":"Le auto e le moto di Lucio Battisti, una passione finita anche nelle sue canzoni"},"content":{"rendered":"<p>Tra le foto di <strong>Lucio Battisti<\/strong> ce n\u2019\u00e8 una che riesce forse meglio di ogni altra a descrivere il suo rapporto con i motori. Lo ritrae al volante di una <strong>Citro\u00ebn M\u00e9hari<\/strong> sulle strade della Maddalena. Tutto talmente evocativo da sembrare quasi studiato a tavolino, ma diverse fonti accostano il cantante alla piccola francese, mai dimenticata da chi all\u2019epoca visse i suoi anni d\u2019oro.\n<\/p>\n<p>Una vita anche sulle due e quattro ruote<\/p>\n<p>Quando debutt\u00f2 nel <strong>1968<\/strong>, Citro\u00ebn aveva preso la meccanica della Dyane 6 e l\u2019aveva coperta con <strong>pannelli in plastica ABS<\/strong>. Il risultato pesava 525 kg, non arrugginiva e si puliva con l\u2019acqua, il massimo se andavi regolarmente in spiaggia: sabbia e salsedine potevano sporcarla, quasi mai rovinarla.<\/p>\n<p>Il bicilindrico raffreddato ad aria proveniva da <a href=\"https:\/\/www.virgilio.it\/motori\/auto\/citroen-2cv-ritorno-possibile\/325067\/\" rel=\"nofollow noopener\" target=\"_blank\">2CV<\/a> e Dyane. La velocit\u00e0 massima si fermava intorno ai 100 km\/h, mentre con un litro di benzina si percorrevano una ventina di chilometri. Numeri modesti anche per l\u2019epoca, ma la M\u00e9hari non nasceva per divorare l\u2019autostrada. Tetto e fiancate potevano essere smontati, lasciando passare l\u2019aria disponibile.<\/p>\n<p><a href=\"https:\/\/www.virgilio.it\/motori\/dati-statistiche\/citroen-immatricolazioni-primo-semestre-2026\/338333\/\" rel=\"nofollow noopener\" target=\"_blank\">Citro\u00ebn<\/a> ne produsse quasi 150.000 esemplari in vent\u2019anni. Bastavano pochi interventi per passare dalla <a href=\"https:\/\/www.virgilio.it\/motori\/curiosita\/cabriolet-spider-differenze-modelli\/226521\/\" rel=\"nofollow noopener\" target=\"_blank\">cabriolet<\/a> al pick-up oppure ottenere una specie di vettura chiusa, capace di proteggere dalle sorprese del tempo, e la gamma includeva persino una versione 4\u00d74. Un modello essenziale, insomma, ma dotato di parecchie idee e di colori impossibili da ignorare.<\/p>\n<p>Pi\u00f9 che ipotesi, l\u2019appartenenza della <strong>MV Agusta 175<\/strong> a Battisti \u00e8 una certezza. A Molteno la utilizzava anche per portare in giro Mogol, relegato nel ruolo del passeggero, e chiss\u00e0 quanti discorsi avr\u00e0 ispirato, magari una volta raggiunto un posto tranquillo.<\/p>\n<p>Arrivata nei primi anni Cinquanta, la 175 decret\u00f2 il passaggio della Casa italiana ai <strong>quattro tempi<\/strong> nella produzione di serie. L\u2019offerta \u2013 comprensiva di versioni turistiche, sportive e da gara \u2013 potrebbe avere creato anche qualche imbarazzo della scelta a Battisti e, per quanto attribuirgli la celebre CSS \u201cDisco Volante\u201d sarebbe suggestivo, mancano conferme ufficiali sulla tipologia esatta.<\/p>\n<p>La motocicletta si ritaglia il suo spazio anche ne Il tempo di morire, dove il protagonista arriva a offrirla alla donna desiderata pur di trascorrere una notte insieme, una proposta discutibile, accompagnata dai 10 CV indicati da Mogol nella convinzione di avere scelto una potenza fuori dal comune. Sul versante tecnico aveva preso un abbaglio, ma il successo del brano gli evit\u00f2 qualsiasi ramanzina.<\/p>\n<p>Rispetto alle due ruote, le automobili compaiono con una certa regolarit\u00e0 nei testi. In S\u00ec, viaggiare la messa a punto del motore diventa quasi un consiglio su come affrontare la vita, invece Emozioni descrive una guida notturna spinta fino al pericolo. L\u2019aquila lascia passare un\u2019auto coperta dal fumo e Sognando e risognando porta il protagonista nel traffico, prima di concedergli la non scontata fortuna di trovare parcheggio.<\/p>\n<p>Lucio per amico: Mogol racconta il lungo sodalizio<\/p>\n<p>Il ricordo di Battisti non si fermer\u00e0 alle auto e alle moto. Stasera, alle 21.20, Rai 3 mander\u00e0 in onda Lucio per amico. Ricordando Battisti, docufilm diretto da Angelo Bozzolini e visibile anche su RaiPlay. A tenere insieme il racconto sar\u00e0 soprattutto Mogol, chiamato a ripercorrere il lungo sodalizio artistico fino alla separazione, seguita dalla collaborazione di Battisti con Pasquale Panella.<\/p>\n<p>Alcune sequenze arriveranno da filmati in Super8 e apparizioni televisive oggi quasi dimenticate, raccolte in Italia e all\u2019estero. Ai ricordi di Mario Lavezzi, Pietruccio Montalbetti, Caterina Caselli e Mara Maionchi si aggiungeranno quattro interpretazioni affidate a Gianluca Grignani, Noemi, Giovanni Caccamo e Giusy Ferreri. Se tra una canzone e l\u2019altra riaffiorer\u00e0 anche un motore, ormai sappiamo che non sar\u00e0 per caso.<\/p>\n","protected":false},"excerpt":{"rendered":"Tra le foto di Lucio Battisti ce n\u2019\u00e8 una che riesce forse meglio di ogni altra a descrivere&hellip;\n","protected":false},"author":3,"featured_media":606761,"comment_status":"","ping_status":"","sticky":false,"template":"","format":"standard","meta":{"footnotes":"","_share_on_mastodon":"0"},"categories":[1443],"tags":[20693,1679,203,204,1537,90,89,1538,1539],"class_list":["post-606760","post","type-post","status-publish","format-standard","has-post-thumbnail","category-musica","tag-citroen","tag-curiosita","tag-entertainment","tag-intrattenimento","tag-it","tag-italia","tag-italy","tag-music","tag-musica"],"share_on_mastodon":{"url":"https:\/\/pubeurope.com\/@it\/116999592999629179","error":""},"_links":{"self":[{"href":"https:\/\/www.europesays.com\/it\/wp-json\/wp\/v2\/posts\/606760","targetHints":{"allow":["GET"]}}],"collection":[{"href":"https:\/\/www.europesays.com\/it\/wp-json\/wp\/v2\/posts"}],"about":[{"href":"https:\/\/www.europesays.com\/it\/wp-json\/wp\/v2\/types\/post"}],"author":[{"embeddable":true,"href":"https:\/\/www.europesays.com\/it\/wp-json\/wp\/v2\/users\/3"}],"replies":[{"embeddable":true,"href":"https:\/\/www.europesays.com\/it\/wp-json\/wp\/v2\/comments?post=606760"}],"version-history":[{"count":0,"href":"https:\/\/www.europesays.com\/it\/wp-json\/wp\/v2\/posts\/606760\/revisions"}],"wp:featuredmedia":[{"embeddable":true,"href":"https:\/\/www.europesays.com\/it\/wp-json\/wp\/v2\/media\/606761"}],"wp:attachment":[{"href":"https:\/\/www.europesays.com\/it\/wp-json\/wp\/v2\/media?parent=606760"}],"wp:term":[{"taxonomy":"category","embeddable":true,"href":"https:\/\/www.europesays.com\/it\/wp-json\/wp\/v2\/categories?post=606760"},{"taxonomy":"post_tag","embeddable":true,"href":"https:\/\/www.europesays.com\/it\/wp-json\/wp\/v2\/tags?post=606760"}],"curies":[{"name":"wp","href":"https:\/\/api.w.org\/{rel}","templated":true}]}}