{"id":606831,"date":"2026-07-28T21:52:15","date_gmt":"2026-07-28T21:52:15","guid":{"rendered":"https:\/\/www.europesays.com\/it\/606831\/"},"modified":"2026-07-28T21:52:15","modified_gmt":"2026-07-28T21:52:15","slug":"volvo-ex60-prova-recensione-interni-guida-consumi-difetti","status":"publish","type":"post","link":"https:\/\/www.europesays.com\/it\/606831\/","title":{"rendered":"Volvo EX60, prova: recensione, interni, guida, consumi, difetti"},"content":{"rendered":"<p>Il 2026 potrebbe essere veramente l\u2019anno della svolta per le<strong> auto elettriche<\/strong>. Non che chi vi scrive sia un sostenitore senza se e senza ma delle auto a batteria ma resta il fatto che, proprio quest\u2019anno, nel cuore del mercato premium, cio\u00e8 quello dei <strong>SUV di taglia media<\/strong>, sono arrivate tre auto in grado di lasciare veramente il segno.<\/p>\n<p>La prima \u00e8 la <strong>Mercedes GLC<\/strong>, la seconda la <strong>BMW iX3<\/strong>. L\u2019<strong>Audi Q6 e-tron<\/strong> \u00e8 arrivata nel 2025, per dovere di cronaca, mentre l\u2019ultima in ordine cronologico, la protagonista di questa prova, \u00e8 chiaramente la <strong>Volvo EX60<\/strong>. Perch\u00e9 sono modelli cos\u00ec rilevanti? Perch\u00e9, prima di tutto, nascono da un foglio bianco, cio\u00e8 sono basate su piattaforme native che, in termini di adozione di batterie, sistemi di gestione energetica, velocit\u00e0 di ricarica e aggiornamenti over-the-air, rappresentano la soluzione migliore.<\/p>\n<p>Ancora, promettono autonomie davvero rilevanti: la EX60, per esempio, nel ciclo WLTP arriva a superare gli 800 km. Ultimo elemento, <strong>il prezzo<\/strong>: per la prima volta, questi SUV costano quanto le loro corrispettive versioni termiche. E allora s\u00ec, ci sono tutti gli elementi per confermare quanto si diceva in apertura: il 2026 potrebbe essere l\u2019anno della svolta.<\/p>\n<p>La svedese \u00e8 il nuovo riferimento in termini di qualit\u00e0 percepita<\/p>\n<p>Ho provato brevemente la Q6 e-tron, mentre in maniera pi\u00f9 approfondita sia la BMW iX3 che la Mercedes GLC. Lo posso dire senza dubbi: la <a href=\"https:\/\/it.motor1.com\/volvo\/ex60\/\" data-inline-widget=\"internal-links\" data-type-id=\"1\" data-params=\"%7B%22make_alias%22%3A%22volvo%22%2C%22alias%22%3A%22ex60%22%7D\" rel=\"nofollow noopener\" target=\"_blank\">Volvo EX60<\/a> \u00e8 quella dagli interni con la migliore qualit\u00e0 percepita. \u00c8 una questione di <strong>materiali<\/strong>, che sono non soltanto morbidi al tatto ma anche particolarmente ricercati alla vista, come ad esempio i tessuti che rivestono la parte alta della plancia. Fa anche piacere sapere che ci si trova a bordo della Volvo che, pi\u00f9 nella storia, utilizza materiali di origine riciclata.<\/p>\n<p>        <img decoding=\"async\" src=\"https:\/\/www.europesays.com\/it\/wp-content\/uploads\/2025\/07\/16x9-tr.png\" alt=\"Volvo EX60, la prova sulle strade italiane\" width=\"16\" height=\"9\" loading=\"lazy\"\/><\/p>\n<p>Volvo EX60, la prova sulle strade italiane<\/p>\n<p>Foto di: Volvo<\/p>\n<p>L\u2019ambiente \u00e8 molto elegante, specie poi con i colori tenui della versione che ho provato. Anche a livello ergonomico ci sono molte soluzioni che ho apprezzato, come portabicchieri e vano a scomparsa sotto al bracciolo, un ampio spazio al centro oppure il grande cassetto sotto alla console centrale. Altre, le ho gradite meno: il classico portaoggetti davanti passeggero \u00e8 stato sacrificato e poi, a parte il rotore per il volume, sono completamente scomparsi i tasti fisici. E pure i comandi delle <strong>bocchette dell&#8217;aria<\/strong> sono integrati nello schermo touch.<\/p>\n<p>        <img decoding=\"async\" src=\"https:\/\/www.europesays.com\/it\/wp-content\/uploads\/2025\/07\/16x9-tr.png\" alt=\"Volvo EX60, la prova sulle strade italiane\" width=\"16\" height=\"9\" loading=\"lazy\"\/><\/p>\n<p>Volvo EX60, la prova sulle strade italiane<\/p>\n<p>Foto di: Volvo<\/p>\n<p>In realt\u00e0 \u00e8 una tendenza che accomuna la Volvo con le tedesche, solo che la Volvo ha dalla sua parte un sistema di assistenza vocale che funziona meglio di tutti gli altri, essendo basato su Android Automotive e quindi sui <a href=\"https:\/\/it.motor1.com\/news\/793863\/volvo-google-gemini-intelligenza-artificiale\/\" data-inline-widget=\"internal-links\" data-type-id=\"0\" data-params=\"%7B%22article_edition_id%22%3A%22793863%22%2C%22section%22%3A%221%22%2C%22alias%22%3A%22volvo-google-gemini-intelligenza-artificiale%22%7D\" rel=\"nofollow noopener\" target=\"_blank\">servizi Google<\/a>, compresa <strong>Gemini<\/strong>, l\u2019intelligenza artificiale. \u00c8 possibile dialogarci e farsi aiutare nella gestione di compiti quotidiani, sia nell\u2019ambito lavorativo che privato.<\/p>\n<p>        <img decoding=\"async\" src=\"https:\/\/www.europesays.com\/it\/wp-content\/uploads\/2025\/07\/16x9-tr.png\" alt=\"Volvo EX60, la prova sulle strade italiane\" width=\"16\" height=\"9\" loading=\"lazy\"\/><\/p>\n<p>Volvo EX60, la prova sulle strade italiane<\/p>\n<p>Foto di: Volvo<\/p>\n<p>Generosa l\u2019abitabilit\u00e0, tanto per i posti dietro che per il bagagliaio, furbo nello sfruttamento del suo pavimento diviso, che consente dunque di accedere al doppiofondo in maniera pi\u00f9 agile. Non manca nemmeno un pratico bagagliaio frontale.<\/p>\n<p>La EX60 \u00e8 basata su una nuova piattaforma modulare, la <strong>SPA3<\/strong>, e viene realizzata in Svezia, nello <a href=\"https:\/\/it.motor1.com\/news\/793625\/volvo-ex60-produzione-torslanda\/\" data-inline-widget=\"internal-links\" data-type-id=\"0\" data-params=\"%7B%22article_edition_id%22%3A%22793625%22%2C%22section%22%3A%221%22%2C%22alias%22%3A%22volvo-ex60-produzione-torslanda%22%7D\" rel=\"nofollow noopener\" target=\"_blank\">stabilimento di Torslanda<\/a>, che ho visitato, e ci\u00f2 la rende la prima elettrica di Volvo fatta in Europa. Sfrutta alcune tecnologie avanzate come il megacasting, che velocizzano e semplificano lo stampaggio di alcune componenti.<\/p>\n<p>Fa tanta strada e tu con lei\u00a0<\/p>\n<p>La EX60 \u00e8 offerta in due allestimenti e con tre tagli di batteria, che ne definiscono l\u2019<strong>autonomia<\/strong>. Si parte dagli 83 kWh della P6, passando per i 95 kWh della P10 della mia prova fino ai 117 kWh della P12, quella da 810 km dichiarati nel ciclo WLPT. Le altre, rispettivamente, dichiarano 611 e 660 km.<\/p>\n<p>        <img decoding=\"async\" src=\"https:\/\/www.europesays.com\/it\/wp-content\/uploads\/2025\/07\/16x9-tr.png\" alt=\"Volvo EX60, la prova sulle strade italiane\" width=\"16\" height=\"9\" loading=\"lazy\"\/><\/p>\n<p>Volvo EX60, la prova sulle strade italiane<\/p>\n<p>Foto di: Volvo<\/p>\n<p>Anche le potenze sono differenti, complice la trazione integrale sulle versioni con batteria pi\u00f9 grande: 374, 510 e 680 CV. Io, come dicevo, ho guidato quella <strong>intermedia<\/strong>, che fa lo 0-100 km\/h in 4,6 secondi e, sfruttando 370 kW di picco di ricarica, riesce a ricaricare dal 10 all\u201980% nell\u2019arco di 16 minuti.<\/p>\n<p>Il mio test drive, che partito dalla sede bolognese di Volvo Italia alla volta della costa adriatica, e in particolare Porto Garibaldi, non ha per\u00f2 previsto soste di ricarica. Non \u00e8 stato necessario: il percorso era pi\u00f9 che altro studiato per farci fare un\u2019esperienza in autostrada e su strada extraurbana.<\/p>\n<p>Prima di tutto, la <strong>posizione di guida<\/strong>. \u00c8 particolare, nel senso che il volante ha un diametro ridotto e la strumentazione la si legge sopra la corona, con un cruscotto di dimensioni compatte alla base del lunotto. Servono pochi minuti per abituarsi e anche chi \u00e8 alto sopra la media, come me, trova rapidamente la sistemazione pi\u00f9 corretta.<\/p>\n<p>        <img decoding=\"async\" src=\"https:\/\/www.europesays.com\/it\/wp-content\/uploads\/2025\/07\/16x9-tr.png\" alt=\"Volvo EX60, la prova sulle strade italiane\" width=\"16\" height=\"9\" loading=\"lazy\"\/><\/p>\n<p>Volvo EX60, la prova sulle strade italiane<\/p>\n<p>Foto di: Volvo<\/p>\n<p>Rispetto alla <a href=\"https:\/\/it.motor1.com\/reviews\/795841\/volvo-ex60-prova-video\/\" data-inline-widget=\"internal-links\" data-type-id=\"0\" data-params=\"%7B%22article_edition_id%22%3A%22795841%22%2C%22section%22%3A%222%22%2C%22alias%22%3A%22volvo-ex60-prova-video%22%7D\" rel=\"nofollow noopener\" target=\"_blank\">versione guidata<\/a> da Francesco Meneghini, la \u201cmia\u201d EX60 \u00e8 dotata di sospensioni a controllo elettronico, che consentono di impostare la taratura a seconda della strada &#8211; e della velocit\u00e0 &#8211; sulla quale si viaggia. Il risultato \u00e8 una risposta inappuntabile, confortevole quando lo vuoi, rigida quando necessario. Lo <strong>sterzo<\/strong> \u00e8 diretto, piacevolmente filtrato, mai nervoso.<\/p>\n<p>E nemmeno tu lo diventi, nervoso, visto che l\u2019<strong>insonorizzazione<\/strong> \u00e8 molto curata e, in generale, la EX60 si dimostra un\u2019auto ideale sulla quale affrontare anche lunghi tragitti senza stancarsi, complice anche un\u2019ottima assistenza alla guida. Unico appunto? Non ci sono le maniglie in alto, quelle alle quali \u201cappendersi\u201d durante il viaggio: per un\u2019auto pensata per essere comoda, sarebbe stata la ciliegina sulla torta.<\/p>\n<p>        <img decoding=\"async\" src=\"https:\/\/www.europesays.com\/it\/wp-content\/uploads\/2025\/07\/16x9-tr.png\" alt=\"Volvo EX60, la prova sulle strade italiane\" width=\"16\" height=\"9\" loading=\"lazy\"\/><\/p>\n<p>Volvo EX60, la prova sulle strade italiane<\/p>\n<p>Foto di: Volvo<\/p>\n<p>Ultimo aspetto, i <strong>consumi<\/strong>. Tra autostrada ed extraurbano e una guida non particolarmente attenta, la EX60 in prova ha consumato circa 20 kWh\/100 km che, rapportati alla sua batteria da 95 kWh, significano una percorrenza reale di 475 km.<\/p>\n<p>                                Volvo <\/p>\n<ul>\n<li><strong>Make:<\/strong> Volvo<\/li>\n<li><strong>Model:<\/strong> <\/li>\n<li><strong>URL:<\/strong><br \/>\n                                        <a href=\"https:\/\/it.motor1.com\/volvo\/ex60\/\" itemprop=\"url\" target=\"_blank\" rel=\"noopener nofollow\"><br \/>\n                                            Volvo                                         <\/a>\n                                    <\/li>\n<\/ul>\n<p>                            <a href=\"http:\/\/it.motor1.com\/photos\/929923\/volvo-ex60-la-prova-sulle-strade-italiane\/#8557249_volvo-ex60-la-prova-sulle-strade-italiane\" class=\"msnt-photo-thumb-gallery-main-photo-box\" itemprop=\"image\" itemscope=\"\" itemtype=\"https:\/\/schema.org\/ImageObject\" data-url=\"\/photos\/929923\/volvo-ex60-la-prova-sulle-strade-italiane\/#8557249_volvo-ex60-la-prova-sulle-strade-italiane\" data-thumb=\"\" data-caption=\"Volvo EX60, la prova sulle strade italiane\" data-src=\"\" data-sub-html=\"Volvo EX60, la prova sulle strade italiane\" data-entity-id=\"8557249\" data-download-url=\"\" rel=\"nofollow noopener\" target=\"_blank\"><\/p>\n<p>                                    <img decoding=\"async\" src=\"https:\/\/www.europesays.com\/it\/wp-content\/uploads\/2025\/07\/16x9-tr.png\" loading=\"lazy\" alt=\"Volvo EX60, la prova sulle strade italiane\" width=\"16\" height=\"9\"\/><\/p>\n<p>                            <\/a><\/p>\n<p>                                    20                                <\/p>\n<p class=\"comfort-title-large flex gap-spacing-sm-base items-center\">\n<p>\t\tVogliamo la tua opinione!\n\t<\/p>\n<p>Cosa vorresti vedere su Motor1.com?<\/p>\n<p>\t\t<a href=\"https:\/\/it.motor1.com\/survey\/2025\/\" rel=\"nofollow noopener\" target=\"_blank\"><br \/>\n\t\t\tPartecipa al nostro sondaggio di 3 minuti.\t\t<\/a><\/p>\n<p class=\"compact-body-medium\">&#8211; Il team di Motor1.com<\/p>\n","protected":false},"excerpt":{"rendered":"Il 2026 potrebbe essere veramente l\u2019anno della svolta per le auto elettriche. Non che chi vi scrive sia&hellip;\n","protected":false},"author":3,"featured_media":606832,"comment_status":"","ping_status":"","sticky":false,"template":"","format":"standard","meta":{"footnotes":"","_share_on_mastodon":"0"},"categories":[173],"tags":[181,7227,1537,90,89,30584,195,198,199,197,200,201,7224,194,196,188271],"class_list":["post-606831","post","type-post","status-publish","format-standard","has-post-thumbnail","category-scienza-e-tecnologia","tag-auto-elettriche","tag-auto-europee","tag-it","tag-italia","tag-italy","tag-prove-su-strada","tag-science","tag-science-and-technology","tag-scienceandtechnology","tag-scienza","tag-scienza-e-tecnologia","tag-scienzaetecnologia","tag-suv-crossover","tag-technology","tag-tecnologia","tag-volvo-ex60"],"share_on_mastodon":{"url":"","error":""},"_links":{"self":[{"href":"https:\/\/www.europesays.com\/it\/wp-json\/wp\/v2\/posts\/606831","targetHints":{"allow":["GET"]}}],"collection":[{"href":"https:\/\/www.europesays.com\/it\/wp-json\/wp\/v2\/posts"}],"about":[{"href":"https:\/\/www.europesays.com\/it\/wp-json\/wp\/v2\/types\/post"}],"author":[{"embeddable":true,"href":"https:\/\/www.europesays.com\/it\/wp-json\/wp\/v2\/users\/3"}],"replies":[{"embeddable":true,"href":"https:\/\/www.europesays.com\/it\/wp-json\/wp\/v2\/comments?post=606831"}],"version-history":[{"count":0,"href":"https:\/\/www.europesays.com\/it\/wp-json\/wp\/v2\/posts\/606831\/revisions"}],"wp:featuredmedia":[{"embeddable":true,"href":"https:\/\/www.europesays.com\/it\/wp-json\/wp\/v2\/media\/606832"}],"wp:attachment":[{"href":"https:\/\/www.europesays.com\/it\/wp-json\/wp\/v2\/media?parent=606831"}],"wp:term":[{"taxonomy":"category","embeddable":true,"href":"https:\/\/www.europesays.com\/it\/wp-json\/wp\/v2\/categories?post=606831"},{"taxonomy":"post_tag","embeddable":true,"href":"https:\/\/www.europesays.com\/it\/wp-json\/wp\/v2\/tags?post=606831"}],"curies":[{"name":"wp","href":"https:\/\/api.w.org\/{rel}","templated":true}]}}