{"id":607182,"date":"2026-07-29T03:44:22","date_gmt":"2026-07-29T03:44:22","guid":{"rendered":"https:\/\/www.europesays.com\/it\/607182\/"},"modified":"2026-07-29T03:44:22","modified_gmt":"2026-07-29T03:44:22","slug":"stellantis-cede-free2move-per-rafforzare-il-focus-sul-business-automobilistico","status":"publish","type":"post","link":"https:\/\/www.europesays.com\/it\/607182\/","title":{"rendered":"Stellantis cede Free2move per rafforzare il focus sul business automobilistico"},"content":{"rendered":"<p>    <a href=\"https:\/\/s.yimg.com\/lo\/mysterio\/api\/72D611D637DA3278B53C8C2DC4AC55035C0356F55A72180C5A0FA7567F2B93CA\/subgraphmysterio\/resizefit_w960;quality_80;format_webp\/https:%2F%2Fmedia.zenfs.com%2Fit%2Fadvfn_it_197%2F38affd28f446a90fea983a9b613bca5a\" target=\"_blank\" rel=\"noopener noreferrer nofollow\"><img loading=\"lazy\" decoding=\"async\" src=\"data:image\/gif;base64,R0lGODlhAQABAIAAAAAAAP\/\/\/ywAAAAAAQABAAACAUwAOw==\" alt=\"Stellantis van \u00a9Matti Blume\" height=\"527\" width=\"960\" class=\"yf-j98iil loader\"\/><\/a> Stellantis van \u00a9Matti Blume           <\/p>\n<p class=\"text text-block paragraph text-left neo-font-paragraph-xl-reg  yf-18d6y07\" style=\"text-decoration: none; font-style: normal; text-transform: none; text-align: inherit; font-variant-numeric: normal;\">Stellantis (BIT:STLAM) ha raggiunto un accordo per la vendita della propria attivit\u00e0 di car sharing Free2move alla societ\u00e0 d&#8217;investimento tedesca Mutares, mentre l&#8217;amministratore delegato Antonio Filosa prosegue il processo di razionalizzazione del gruppo con un maggiore focus sulle attivit\u00e0 principali legate alla produzione automobilistica.  <\/p>\n<p class=\"text text-block paragraph text-left neo-font-paragraph-xl-reg  yf-18d6y07\" style=\"text-decoration: none; font-style: normal; text-transform: none; text-align: inherit; font-variant-numeric: normal;\">I termini finanziari dell&#8217;operazione non sono stati resi noti e il completamento della transazione \u00e8 previsto entro la fine dell&#8217;anno.  <\/p>\n<p class=\"text text-block paragraph text-left neo-font-paragraph-xl-reg  yf-18d6y07\" style=\"text-decoration: none; font-style: normal; text-transform: none; text-align: inherit; font-variant-numeric: normal;\">La cessione si inserisce nel piano strategico presentato dal costruttore franco-italiano a maggio, che prevede una pi\u00f9 rigorosa allocazione del capitale, una maggiore attenzione alle attivit\u00e0 automobilistiche core e lo sviluppo di partnership nei settori della produzione e della tecnologia.  <\/p>\n<p class=\"text text-block paragraph text-left neo-font-paragraph-xl-reg  yf-18d6y07\" style=\"text-decoration: none; font-style: normal; text-transform: none; text-align: inherit; font-variant-numeric: normal;\">Free2move offre servizi di car sharing a flusso libero sia a breve che a lungo termine attraverso flotte operative in 14 citt\u00e0 tra Europa e Stati Uniti.  <\/p>\n<p class=\"text text-block paragraph text-left neo-font-paragraph-xl-reg  yf-18d6y07\" style=\"text-decoration: none; font-style: normal; text-transform: none; text-align: inherit; font-variant-numeric: normal;\">&#8220;Concentrando maggiormente la nostra attenzione sulle attivit\u00e0 automobilistiche principali, rafforziamo la nostra capacit\u00e0 di generare risultati nel lungo periodo&#8221;, ha dichiarato in una nota Virgilio Cerutti, responsabile Business Development and Partnerships di Stellantis.  <\/p>\n<p class=\"text text-block paragraph text-left neo-font-paragraph-xl-reg  yf-18d6y07\" style=\"text-decoration: none; font-style: normal; text-transform: none; text-align: inherit; font-variant-numeric: normal;\">Free2move \u00e8 stata fondata nel 2016 da PSA, proprietaria di Peugeot, prima della fusione con Fiat Chrysler, come parte della strategia dell&#8217;ex amministratore delegato Carlos Tavares di espandere il gruppo nei servizi di mobilit\u00e0 oltre la tradizionale produzione di veicoli.  <\/p>\n<p class=\"text text-block paragraph text-left neo-font-paragraph-xl-reg  yf-18d6y07\" style=\"text-decoration: none; font-style: normal; text-transform: none; text-align: inherit; font-variant-numeric: normal;\">Dopo la nascita di Stellantis nel 2021, l&#8217;attivit\u00e0 ha continuato a operare insieme ai servizi di leasing e alle altre iniziative del gruppo nel settore della mobilit\u00e0.  <\/p>\n<p class=\"text text-block paragraph text-left neo-font-paragraph-xl-reg  yf-18d6y07\" style=\"text-decoration: none; font-style: normal; text-transform: none; text-align: inherit; font-variant-numeric: normal;\">Mutares, con sede a Monaco di Baviera, ha dichiarato che l&#8217;acquisizione rappresenter\u00e0 una nuova piattaforma per le proprie attivit\u00e0 nel settore della mobilit\u00e0 e che intende continuare a sviluppare Free2move, sostenendone anche la transizione verso veicoli elettrici a batteria.  <\/p>\n","protected":false},"excerpt":{"rendered":"Stellantis van \u00a9Matti Blume Stellantis (BIT:STLAM) ha raggiunto un accordo per la vendita della propria attivit\u00e0 di car&hellip;\n","protected":false},"author":3,"featured_media":607183,"comment_status":"","ping_status":"","sticky":false,"template":"","format":"standard","meta":{"footnotes":"","_share_on_mastodon":"0"},"categories":[172],"tags":[178,19310,1498,177,334817,1537,90,89,70197,718],"class_list":["post-607182","post","type-post","status-publish","format-standard","has-post-thumbnail","category-affari","tag-affari","tag-antonio-filosa","tag-attivita","tag-business","tag-free2move","tag-it","tag-italia","tag-italy","tag-monaco-di-baviera","tag-stellantis"],"share_on_mastodon":{"url":"https:\/\/pubeurope.com\/@it\/117001208860869727","error":""},"_links":{"self":[{"href":"https:\/\/www.europesays.com\/it\/wp-json\/wp\/v2\/posts\/607182","targetHints":{"allow":["GET"]}}],"collection":[{"href":"https:\/\/www.europesays.com\/it\/wp-json\/wp\/v2\/posts"}],"about":[{"href":"https:\/\/www.europesays.com\/it\/wp-json\/wp\/v2\/types\/post"}],"author":[{"embeddable":true,"href":"https:\/\/www.europesays.com\/it\/wp-json\/wp\/v2\/users\/3"}],"replies":[{"embeddable":true,"href":"https:\/\/www.europesays.com\/it\/wp-json\/wp\/v2\/comments?post=607182"}],"version-history":[{"count":0,"href":"https:\/\/www.europesays.com\/it\/wp-json\/wp\/v2\/posts\/607182\/revisions"}],"wp:featuredmedia":[{"embeddable":true,"href":"https:\/\/www.europesays.com\/it\/wp-json\/wp\/v2\/media\/607183"}],"wp:attachment":[{"href":"https:\/\/www.europesays.com\/it\/wp-json\/wp\/v2\/media?parent=607182"}],"wp:term":[{"taxonomy":"category","embeddable":true,"href":"https:\/\/www.europesays.com\/it\/wp-json\/wp\/v2\/categories?post=607182"},{"taxonomy":"post_tag","embeddable":true,"href":"https:\/\/www.europesays.com\/it\/wp-json\/wp\/v2\/tags?post=607182"}],"curies":[{"name":"wp","href":"https:\/\/api.w.org\/{rel}","templated":true}]}}