{"id":607873,"date":"2026-07-29T14:01:16","date_gmt":"2026-07-29T14:01:16","guid":{"rendered":"https:\/\/www.europesays.com\/it\/607873\/"},"modified":"2026-07-29T14:01:16","modified_gmt":"2026-07-29T14:01:16","slug":"ancona-tre-concerti-in-cinque-giorni-gabbani-emma-e-segundo-in-10mila-ad-assistere-alle-serate","status":"publish","type":"post","link":"https:\/\/www.europesays.com\/it\/607873\/","title":{"rendered":"Ancona, tre concerti in cinque giorni: Gabbani, Emma e Segundo. In 10mila ad assistere alle serate"},"content":{"rendered":"<p>ANCONA Tre <a href=\"https:\/\/www.corriereadriatico.it\/t\/concerti\" rel=\"nofollow noopener\" target=\"_blank\">concerti<\/a> in cinque giorni, due allestimenti diversi e un traguardo gi\u00e0 dato per acquisito: quota diecimila paganti sull\u2019intero cartellone. <a href=\"https:\/\/www.corriereadriatico.it\/t\/piazza-cavour\" rel=\"nofollow noopener\" target=\"_blank\">Piazza Cavour<\/a> entra nella settimana pi\u00f9 fitta dell\u2019Arena. Si comincia questa sera con <a href=\"https:\/\/www.corriereadriatico.it\/t\/francesco-gabbani\" rel=\"nofollow noopener\" target=\"_blank\">Francesco Gabbani<\/a>, domani toccher\u00e0 al Grupo Compay Segundo e sabato arriver\u00e0 <a href=\"https:\/\/www.corriereadriatico.it\/t\/emma-marrone\" rel=\"nofollow noopener\" target=\"_blank\">Emma Marrone<\/a>. Dopo le oltre duemila presenze registrate per i Subsonica, il Comune si attende numeri sostanzialmente analoghi per le prime due serate, entrambe con il pubblico seduto. Per Emma, invece, la piazza torner\u00e0 in configurazione in piedi e l\u2019afflusso potrebbe crescere ancora. <\/p>\n<p>&#13;<\/p>\n<p>APPROFONDIMENTI<\/p>\n<p>&#13;<br \/>\n    &#13;<\/p>\n<p><img decoding=\"async\" alt=\"\" class=\"wnv-lazy\" src=\"https:\/\/www.europesays.com\/it\/wp-content\/uploads\/2026\/07\/cancerti_28205316.jpg\"\/><\/p>\n<p>\u00a0Il traguardo  <\/p>\n<p>\u00abL\u2019obiettivo iniziale dei diecimila paganti sulle cinque serate sar\u00e0 sicuramente raggiunto\u00bb, assicura l\u2019assessore ai Grandi eventi Angelo Eliantonio. <\/p>\n<p>Ma il conto, sottolinea, non si fermer\u00e0 ai biglietti staccati. \u00abC\u2019\u00e8 tutto il pubblico che non \u00e8 entrato, ma che ha fatto aperitivi, cenato e girato in centro. Quello potrebbe aumentare, soprattutto sabato 1 agosto, grazie ai negozi aperti e a una rinnovata percezione di un centro vivo e vivace\u00bb. Il Comune ha gi\u00e0 fatto il punto con gli operatori economici dopo la serata inaugurale.<\/p>\n<p>\u00abAbbiamo raccolto molte opinioni positive sul format e sulla scelta di piazza Cavour \u2013 riferisce Eliantonio \u2013. \u00c8 stata un\u2019occasione di lavoro per molti, compresi alcuni negozi che hanno chiuso ampiamente dopo le 22 perch\u00e9 avevano movimento continuo all\u2019interno\u00bb.<\/p>\n<p>Il secondo banco di prova arriva dunque stasera. Gabbani, che nei giorni scorsi ha gi\u00e0 salutato Ancona con un videomessaggio, porter\u00e0 in Arena il tour con cui ripercorre dieci anni di musica, dai successi sanremesi alle produzioni pi\u00f9 recenti. Domani la platea rester\u00e0 seduta per il Grupo Compay Segundo. Sabato, invece, via le sedie per Emma Marrone, la data sulla quale l\u2019amministrazione prevede i numeri pi\u00f9 alti della settimana. Il cartellone si fermer\u00e0 poi fino all\u20198 agosto, quando Fabio Concato chiuder\u00e0 la rassegna.<\/p>\n<p>Sul piano organizzativo c\u2019\u00e8 una sola novit\u00e0: le modifiche alla circolazione scatteranno alle 19, in anticipo rispetto al debutto: chiusura al traffico di parte dell\u2019anello di piazza Cavour sul lato del capolinea e variazioni in via Vecchini, via Frediani, via Simeoni e corso Stamira, tutte segnalate sul posto. Le limitazioni resteranno in vigore fino al termine del concerto. I biglietti saranno disponibili su Vivaticket e alla biglietteria collocata in largo XXIV Maggio. Agli ingressi verranno effettuati i controlli di sicurezza: non sar\u00e0 consentito introdurre contenitori in vetro, oggetti contundenti o altri dispositivi potenzialmente pericolosi. Questa sera torneranno anche le aperture dei negozi di corso Garibaldi, corso Mazzini e corso Stamira fino alle 21.30. Tre serate ravvicinate, poi l\u2019ultimo appuntamento l\u20198 agosto con Fabio Roncato. <\/p>\n","protected":false},"excerpt":{"rendered":"ANCONA Tre concerti in cinque giorni, due allestimenti diversi e un traguardo gi\u00e0 dato per acquisito: quota diecimila&hellip;\n","protected":false},"author":3,"featured_media":607874,"comment_status":"","ping_status":"","sticky":false,"template":"","format":"standard","meta":{"footnotes":"","_share_on_mastodon":"0"},"categories":[1443],"tags":[4157,2943,5179,203,13556,204,1537,90,89,1538,1539],"class_list":["post-607873","post","type-post","status-publish","format-standard","has-post-thumbnail","category-musica","tag-ancona","tag-concerti","tag-emma","tag-entertainment","tag-gabbani","tag-intrattenimento","tag-it","tag-italia","tag-italy","tag-music","tag-musica"],"share_on_mastodon":{"url":"","error":""},"_links":{"self":[{"href":"https:\/\/www.europesays.com\/it\/wp-json\/wp\/v2\/posts\/607873","targetHints":{"allow":["GET"]}}],"collection":[{"href":"https:\/\/www.europesays.com\/it\/wp-json\/wp\/v2\/posts"}],"about":[{"href":"https:\/\/www.europesays.com\/it\/wp-json\/wp\/v2\/types\/post"}],"author":[{"embeddable":true,"href":"https:\/\/www.europesays.com\/it\/wp-json\/wp\/v2\/users\/3"}],"replies":[{"embeddable":true,"href":"https:\/\/www.europesays.com\/it\/wp-json\/wp\/v2\/comments?post=607873"}],"version-history":[{"count":0,"href":"https:\/\/www.europesays.com\/it\/wp-json\/wp\/v2\/posts\/607873\/revisions"}],"wp:featuredmedia":[{"embeddable":true,"href":"https:\/\/www.europesays.com\/it\/wp-json\/wp\/v2\/media\/607874"}],"wp:attachment":[{"href":"https:\/\/www.europesays.com\/it\/wp-json\/wp\/v2\/media?parent=607873"}],"wp:term":[{"taxonomy":"category","embeddable":true,"href":"https:\/\/www.europesays.com\/it\/wp-json\/wp\/v2\/categories?post=607873"},{"taxonomy":"post_tag","embeddable":true,"href":"https:\/\/www.europesays.com\/it\/wp-json\/wp\/v2\/tags?post=607873"}],"curies":[{"name":"wp","href":"https:\/\/api.w.org\/{rel}","templated":true}]}}