{"id":6081,"date":"2025-07-24T18:50:11","date_gmt":"2025-07-24T18:50:11","guid":{"rendered":"https:\/\/www.europesays.com\/it\/6081\/"},"modified":"2025-07-24T18:50:11","modified_gmt":"2025-07-24T18:50:11","slug":"alcuni-clienti-pagavano-fino-a-850-euro","status":"publish","type":"post","link":"https:\/\/www.europesays.com\/it\/6081\/","title":{"rendered":"\u00abAlcuni clienti pagavano fino a 850 euro\u00bb"},"content":{"rendered":"<p>&#13;<br \/>\n                               &#13;<br \/>\n                                                &#13;<br \/>\n                &#13;<\/p>\n<p>Una rete di\u00a0abusi su minori, gestita dai genitori delle vittime, \u00e8 stata scoperchiata da un\u2019inchiesta: almeno\u00a0dieci bambini tra i 2 e i 15 anni\u00a0sono stati drogati, legati, torturati con collari elettrici per animali, venduti per prestazioni sessuali e costretti a compiere atti osceni tra loro. Le povere vittime erano tenute prigioniere all&#8217;interno di un\u00a0bunker\u00a0sotterraneo\u00a0nella\u00a0contea di Bibb,\u00a0Alabama\u00a0(Stati Uniti). Il rifugio antitempesta era situato sotto una lastra di cemento e coperto da un carport, cos\u00ec da non risultare visibile dall\u2019esterno.<\/p>\n<p>&#13;<br \/>\n&#13;<br \/>\n&#13;<br \/>\n&#13;<br \/>\n<strong>Le droghe, i clienti e gli atti osceni tra bambini<\/strong>&#13;<br \/>\n&#13;<\/p>\n<p>I bambini venivano legati a\u00a0pali, sedie o letti e\u00a0spesso sedati con\u00a0droghe\u00a0per renderli pi\u00f9 docili e meno consapevoli. Alcuni venivano venduti a clienti disposti a pagare fino a mille dollari (circa 850 euro) a notte per abusarne; altri erano\u00a0costretti a compiere\u00a0atti sessuali tra loro, sotto la supervisione degli adulti coinvolti.\u00a0Le autorit\u00e0 ritengono che gli abusi siano iniziati nel\u00a02022 e che il numero delle vittime possa essere superiore a quello finora identificato. <\/p>\n<p>Sette persone \u2014 William Chase McElroy, 21 anni, Dalton Terrell, 21, Andres Velazquez-Trejo, 29, Timothy St. John, 23, Rebecca Brewer, 29, Sara Louise Terrell, 41, e Ricky Terrell, 44\u00a0\u2014\u00a0sono state arrestate e accusate di\u00a0sodomia,\u00a0stupro,\u00a0tortura sessuale,\u00a0tratta di esseri umani\u00a0e\u00a0rapimento.\u00a0&#13;<br \/>\n&#13;<br \/>\n<strong>Il futuro delle vittime<\/strong>&#13;<br \/>\n&#13;<\/p>\n<p>Tutti i piccoli sono ora sotto la tutela del Dipartimento delle Risorse Umane dell\u2019Alabama e ricevono\u00a0supporto psicologico. Lo sceriffo Wade ha dichiarato: \u00abI bambini pi\u00f9 grandi porteranno con s\u00e9 questo ricordo vivido per il resto della loro vita. Non si pu\u00f2 guarire da questo, ma si pu\u00f2 andare avanti come meglio si pu\u00f2.\u00a0So che il perdono di Dio \u00e8 illimitato, ma se c&#8217;\u00e8 un limite, lo abbiamo raggiunto\u00bb.\u00a0<\/p>\n<p>                                &#13;<br \/>\n                &#13;<br \/>\n&#13;<br \/>\n                Ultimo aggiornamento: gioved\u00ec 24 luglio 2025, 20:02&#13;<br \/>\n                <br \/>&#13;<br \/>\n                &#13;<br \/>\n                  \u00a9 RIPRODUZIONE RISERVATA            <\/p>\n","protected":false},"excerpt":{"rendered":"&#13; &#13; &#13; &#13; Una rete di\u00a0abusi su minori, gestita dai genitori delle vittime, \u00e8 stata scoperchiata da&hellip;\n","protected":false},"author":3,"featured_media":6082,"comment_status":"","ping_status":"","sticky":false,"template":"","format":"standard","meta":{"footnotes":""},"categories":[160],"tags":[9353,9354,14,164,165,166,7,15,242,11,167,12,168,9355,161,162,163],"class_list":{"0":"post-6081","1":"post","2":"type-post","3":"status-publish","4":"format-standard","5":"has-post-thumbnail","7":"category-mondo","8":"tag-alabama","9":"tag-bambini-stuprati","10":"tag-cronaca","11":"tag-dal-mondo","12":"tag-dalmondo","13":"tag-mondo","14":"tag-news","15":"tag-notizie","16":"tag-stati-uniti","17":"tag-ultime-notizie","18":"tag-ultime-notizie-di-mondo","19":"tag-ultimenotizie","20":"tag-ultimenotiziedimondo","21":"tag-violenza-sessuale","22":"tag-world","23":"tag-world-news","24":"tag-worldnews"},"share_on_mastodon":{"url":"","error":""},"_links":{"self":[{"href":"https:\/\/www.europesays.com\/it\/wp-json\/wp\/v2\/posts\/6081","targetHints":{"allow":["GET"]}}],"collection":[{"href":"https:\/\/www.europesays.com\/it\/wp-json\/wp\/v2\/posts"}],"about":[{"href":"https:\/\/www.europesays.com\/it\/wp-json\/wp\/v2\/types\/post"}],"author":[{"embeddable":true,"href":"https:\/\/www.europesays.com\/it\/wp-json\/wp\/v2\/users\/3"}],"replies":[{"embeddable":true,"href":"https:\/\/www.europesays.com\/it\/wp-json\/wp\/v2\/comments?post=6081"}],"version-history":[{"count":0,"href":"https:\/\/www.europesays.com\/it\/wp-json\/wp\/v2\/posts\/6081\/revisions"}],"wp:featuredmedia":[{"embeddable":true,"href":"https:\/\/www.europesays.com\/it\/wp-json\/wp\/v2\/media\/6082"}],"wp:attachment":[{"href":"https:\/\/www.europesays.com\/it\/wp-json\/wp\/v2\/media?parent=6081"}],"wp:term":[{"taxonomy":"category","embeddable":true,"href":"https:\/\/www.europesays.com\/it\/wp-json\/wp\/v2\/categories?post=6081"},{"taxonomy":"post_tag","embeddable":true,"href":"https:\/\/www.europesays.com\/it\/wp-json\/wp\/v2\/tags?post=6081"}],"curies":[{"name":"wp","href":"https:\/\/api.w.org\/{rel}","templated":true}]}}